{"id":1691,"date":"2026-01-22T20:06:59","date_gmt":"2026-01-22T19:06:59","guid":{"rendered":"https:\/\/eltaxi033.com\/sevilla\/?p=1691"},"modified":"2026-01-22T20:10:43","modified_gmt":"2026-01-22T19:10:43","slug":"suplementos-taxi-aeropuerto-sevilla","status":"publish","type":"post","link":"https:\/\/eltaxi033.com\/sevilla\/blog\/suplementos-taxi-aeropuerto-sevilla\/","title":{"rendered":"Suplementos en Sevilla por equipaje y pasajeros: gu\u00eda para viajar sin sorpresas","gt_translate_keys":[{"key":"rendered","format":"text"}]},"content":{"rendered":"\n<p>Si alguna vez has subido con prisas, con media casa metida en la maleta y el grupo preguntando \u201c\u00bfesto lleva extra?\u201d, tranquilo: es m\u00e1s com\u00fan de lo que parece. En Sevilla, los suplementos no deber\u00edan ser un \u201cdepende\u201d, sino conceptos regulados que se aplican en casos concretos, sobre todo cuando hay <strong>equipaje pesado<\/strong> o <strong>salidas desde puntos con mucha demanda<\/strong>. Y si necesitas un <a href=\"https:\/\/eltaxi033.com\/sevilla\/taxi-aeropuerto-sevilla\/\">taxi aeropuerto Sevilla<\/a>, lo m\u00e1s inteligente es reservar con antelaci\u00f3n diciendo cu\u00e1ntas maletas llevas y cu\u00e1ntos sois, para que el coche llegue bien preparado y t\u00fa vayas a lo tuyo.<\/p>\n\n\n\n<figure class=\"wp-block-image size-large\"><img wpfc-lazyload-disable=\"true\" fetchpriority=\"high\" decoding=\"async\" width=\"1024\" height=\"512\" src=\"https:\/\/eltaxi033.com\/sevilla\/wp-content\/uploads\/sites\/5\/2026\/01\/tourist-carrying-baggage-1024x512.webp\" alt=\"tourist carrying baggage\" class=\"wp-image-1692\" srcset=\"https:\/\/eltaxi033.com\/sevilla\/wp-content\/uploads\/sites\/5\/2026\/01\/tourist-carrying-baggage-1024x512.webp 1024w, https:\/\/eltaxi033.com\/sevilla\/wp-content\/uploads\/sites\/5\/2026\/01\/tourist-carrying-baggage-300x150.webp 300w, https:\/\/eltaxi033.com\/sevilla\/wp-content\/uploads\/sites\/5\/2026\/01\/tourist-carrying-baggage-768x384.webp 768w, https:\/\/eltaxi033.com\/sevilla\/wp-content\/uploads\/sites\/5\/2026\/01\/tourist-carrying-baggage-1536x768.webp 1536w, https:\/\/eltaxi033.com\/sevilla\/wp-content\/uploads\/sites\/5\/2026\/01\/tourist-carrying-baggage-2048x1024.webp 2048w\" sizes=\"(max-width: 1024px) 100vw, 1024px\" \/><\/figure>\n\n\n\n<p>Lo que vamos a hacer aqu\u00ed es muy simple: explic\u00e1rtelo como te lo contar\u00eda un amigo que ya ha pasado por lo mismo. Sin tecnicismos, sin sustos y con ejemplos reales. Porque al final el problema casi nunca es \u201clo que cuesta\u201d, sino esa sensaci\u00f3n de \u201cme lo pod\u00edan haber dicho antes\u201d.<\/p>\n\n\n\n<h2 class=\"wp-block-heading\">La clave para entender los extras: no es capricho, es caso concreto<\/h2>\n\n\n\n<p>Un suplemento es un extra que se a\u00f1ade al servicio cuando se cumplen condiciones concretas. No es una \u201cmulta\u201d por llevar maletas, ni un invento del conductor. Piensa en situaciones donde el taxi tiene que lidiar con m\u00e1s log\u00edstica: cargar bultos grandes, acceder a zonas con regulaci\u00f3n, esperar en puntos con cola, o recoger en lugares donde se organiza el servicio de una forma especial.<\/p>\n\n\n\n<p>El l\u00edo aparece cuando mezclamos todo. \u201cVoy con mi pareja y dos maletas\u201d no es lo mismo que \u201cvamos cuatro con cuatro maletas grandes y encima salimos desde una estaci\u00f3n\u201d. Y tampoco es lo mismo pedir un taxi a una hora tranquila que pedirlo cuando media Sevilla est\u00e1 en la calle por un evento, llueve a lo bestia o hay cortes de tr\u00e1fico.<\/p>\n\n\n\n<p>Nosotros en ElTaxi 033 lo resumimos as\u00ed: <strong>la mayor\u00eda de suplementos se explican con dos preguntas<\/strong>: \u00bfd\u00f3nde te recogemos? y \u00bfqu\u00e9 tipo de bultos llevas? Cuando respondes esas dos, lo dem\u00e1s suele encajar.<\/p>\n\n\n\n<h2 class=\"wp-block-heading\">Equipaje: cu\u00e1ndo una maleta es \u201cnormal\u201d y cu\u00e1ndo entra en suplemento<\/h2>\n\n\n\n<p>Vamos con el tema estrella: las maletas. Much\u00edsima gente cree que \u201cllevar equipaje\u201d ya significa extra. Y no: lo habitual es que el equipaje normal (mochila, bolso, maleta de cabina) sea eso, normal.<\/p>\n\n\n\n<p>El suplemento de equipaje suele estar asociado a <strong>bultos que superan un umbral<\/strong> (por peso o por tipo de maleta) y normalmente se limita el n\u00famero de unidades. Traducido al d\u00eda a d\u00eda: la maleta grande de facturar, r\u00edgida, de esas que pesan incluso vac\u00edas, es la que suele activar dudas. La bolsa de deporte enorme, el bulto que no cabe bien o que requiere m\u00e1s manipulaci\u00f3n\u2026 ah\u00ed es donde puede entrar el \u201cextra\u201d.<\/p>\n\n\n\n<p>Y ojo con un detalle importante: hay cosas que no deber\u00edan convertirse en \u201crecargo sorpresa\u201d porque son elementos cotidianos y necesarios. Por ejemplo, un carrito de beb\u00e9 o una ayuda a la movilidad. Si viajas con ni\u00f1os, ya vas con la log\u00edstica a tope: biberones, chaquetas, mochilas, el mu\u00f1eco que no puede faltar\u2026 lo \u00faltimo que necesitas es pelearte por el carrito.<\/p>\n\n\n\n<p>Para que te sit\u00faes, piensa en estos dos escenarios:<\/p>\n\n\n\n<ul class=\"wp-block-list\">\n<li>Persona que sale con una mochila y una maleta de cabina: lo normal es que no haya nada especial.<\/li>\n\n\n\n<li>Familia con dos maletas grandes, una bolsa extra y carrito: aqu\u00ed puede haber m\u00e1s \u201cgesti\u00f3n de carga\u201d y conviene avisarlo al reservar para mandar un coche c\u00f3modo.<\/li>\n<\/ul>\n\n\n\n<p>Y aqu\u00ed es donde entra una de las b\u00fasquedas m\u00e1s t\u00edpicas cuando la gente quiere evitar improvisaciones: <strong>taxi al aeropuerto de Sevilla<\/strong>. No por la frase en s\u00ed, sino porque lo que se busca es \u201cllegar con maletas sin discutir con el maletero\u201d.<\/p>\n\n\n\n<h2 class=\"wp-block-heading\">Pasajeros: la duda del \u201c\u00bfse cobra por persona?\u201d (y por qu\u00e9 casi siempre no)<\/h2>\n\n\n\n<p>Ahora vamos al otro mito: \u201csi vamos cuatro, cuesta m\u00e1s que si voy solo\u201d. Lo normal en taxi urbano es que el precio dependa de la bajada de bandera, el recorrido y el tiempo, no de cu\u00e1ntos pasajeros van dentro. Es decir: si el taxi tiene plazas para vosotros, no deber\u00eda haber un recargo \u201cpor cabeza\u201d.<\/p>\n\n\n\n<p>El punto real est\u00e1 en el <strong>aforo<\/strong> y en la <strong>capacidad<\/strong>. Si sois cinco y quer\u00e9is subir en un coche de cuatro plazas, no es que te cobren \u201cun suplemento por el quinto\u201d, es que no tiene sentido (y no deber\u00eda hacerse). La soluci\u00f3n es pedir dos coches o un veh\u00edculo amplio si est\u00e1 disponible.<\/p>\n\n\n\n<p>Adem\u00e1s, hay un matiz que la gente pasa por alto: a veces lo que parece \u201csuplemento por pasajero\u201d en realidad es \u201csuplemento por equipaje\u201d. Un grupo de cuatro puede llevar solo cuatro mochilas\u2026 o puede llevar cuatro maletas enormes. Lo que cambia el servicio no es la cantidad de personas, sino cu\u00e1nto espacio ocupa todo lo que tra\u00e9is.<\/p>\n\n\n\n<p>Por eso, si viajas en grupo, el mejor consejo es el m\u00e1s sencillo: <strong>di siempre el combo completo<\/strong>: \u201csomos X personas y llevamos Y maletas (grandes\/medianas\/peque\u00f1as)\u201d. Con esa frase evitas el 90% de los problemas.<\/p>\n\n\n\n<h2 class=\"wp-block-heading\">Estaciones y puntos con alta demanda: cuando el lugar de salida influye<\/h2>\n\n\n\n<p>Hay zonas donde es m\u00e1s habitual que existan suplementos por la forma en que est\u00e1 organizado el servicio. Las estaciones son el ejemplo t\u00edpico, porque hay mucha rotaci\u00f3n, mucha demanda y una operativa espec\u00edfica. Si has llegado en AVE, con el tiempo pegado al cuello y el m\u00f3vil en la mano mirando la puerta de embarque del vuelo, no quieres pensar en nada m\u00e1s.<\/p>\n\n\n\n<p>Imagina la escena: bajas del tren, vas con prisa y lo \u00fanico que quieres es subir y arrancar. Aqu\u00ed es donde se entiende que exista un extra asociado al punto de salida, precisamente porque son lugares donde el taxi no funciona igual que en una calle cualquiera.<\/p>\n\n\n\n<p>Y claro, como ese trayecto se repite much\u00edsimo, hay una frase que vemos a diario en reservas y consultas: <strong>taxi Santa Justa al aeropuerto de Sevilla<\/strong>. La gente no est\u00e1 buscando poes\u00eda, est\u00e1 buscando una soluci\u00f3n r\u00e1pida para encajar tren + aeropuerto sin dramas.<\/p>\n\n\n\n<p>Lo mismo pasa con estaciones de bus en zonas muy transitadas. En momentos de mucho movimiento, ese punto de recogida se vuelve \u201cespecial\u201d por c\u00f3mo se organiza.<\/p>\n\n\n\n<h2 class=\"wp-block-heading\">Aeropuerto y San Pablo: por qu\u00e9 a veces se habla de tarifas especiales<\/h2>\n\n\n\n<p>Cuando el destino o el origen es el aeropuerto, es normal que el usuario quiera previsibilidad. La gente no quiere jugar a la ruleta con el tr\u00e1fico. Quiere saber si llega, cu\u00e1nto tarda y c\u00f3mo evitar el \u201cvamos tarde\u201d.<\/p>\n\n\n\n<figure class=\"wp-block-image size-large\"><img wpfc-lazyload-disable=\"true\" decoding=\"async\" width=\"1024\" height=\"576\" src=\"https:\/\/eltaxi033.com\/sevilla\/wp-content\/uploads\/sites\/5\/2025\/09\/taxi-sevilla-1-1-1-1024x576.webp\" alt=\"taxi sevilla ()\" class=\"wp-image-1463\" srcset=\"https:\/\/eltaxi033.com\/sevilla\/wp-content\/uploads\/sites\/5\/2025\/09\/taxi-sevilla-1-1-1-1024x576.webp 1024w, https:\/\/eltaxi033.com\/sevilla\/wp-content\/uploads\/sites\/5\/2025\/09\/taxi-sevilla-1-1-1-300x169.webp 300w, https:\/\/eltaxi033.com\/sevilla\/wp-content\/uploads\/sites\/5\/2025\/09\/taxi-sevilla-1-1-1-768x432.webp 768w, https:\/\/eltaxi033.com\/sevilla\/wp-content\/uploads\/sites\/5\/2025\/09\/taxi-sevilla-1-1-1.webp 1280w\" sizes=\"(max-width: 1024px) 100vw, 1024px\" \/><\/figure>\n\n\n\n<p>En estos traslados suelen aparecer dos enfoques: el servicio con tax\u00edmetro (como un trayecto normal) o el servicio con una tarifa especial en determinadas condiciones. \u00bfCu\u00e1l es mejor? Depende del momento. Si hay tr\u00e1fico y t\u00fa vas justo, una tarifa especial puede darte calma mental. Si vas a una hora tranquila, el tax\u00edmetro puede ser perfectamente normal.<\/p>\n\n\n\n<p>Lo que s\u00ed es com\u00fan es que la gente use distintos t\u00e9rminos para referirse a lo mismo, seg\u00fan si sale o llega. Por ejemplo, cuando te recogen en el aeropuerto para ir a tu hotel o apartamento, aparece mucho <strong>taxi desde el aeropuerto de Sevilla<\/strong>. Y cuando el viaje es al rev\u00e9s, desde tu alojamiento hacia el aeropuerto, aparece much\u00edsimo <strong>taxi para ir al aeropuerto de Sevilla<\/strong>.<\/p>\n\n\n\n<p>Tambi\u00e9n es t\u00edpico ver la forma completa y local: <strong>taxi Aeropuerto de Sevilla San Pablo<\/strong>. Es la versi\u00f3n \u201cno hay duda, hablamos del mismo sitio\u201d.<\/p>\n\n\n\n<h2 class=\"wp-block-heading\">Reservar con informaci\u00f3n completa: el truco m\u00e1s tonto que evita el 90% de l\u00edos<\/h2>\n\n\n\n<p>Aqu\u00ed va el consejo m\u00e1s b\u00e1sico y m\u00e1s infravalorado: si reservas, reserva bien. No basta con decir \u201cven a tal calle\u201d. Lo que realmente ayuda (y te ayuda a ti) es completar el contexto:<\/p>\n\n\n\n<ul class=\"wp-block-list\">\n<li>\u00bfEs un traslado temprano, tipo 05:00\u201307:00?<\/li>\n\n\n\n<li>\u00bfCu\u00e1ntos sois?<\/li>\n\n\n\n<li>\u00bfCu\u00e1ntas maletas llev\u00e1is y de qu\u00e9 tama\u00f1o?<\/li>\n\n\n\n<li>\u00bfHay carrito de beb\u00e9, silla infantil o movilidad reducida?<\/li>\n\n\n\n<li>\u00bfTen\u00e9is una hora tope (check-in, embarque, tren)?<\/li>\n<\/ul>\n\n\n\n<p>Con esto, nosotros hacemos magia sin que t\u00fa tengas que hacer nada: asignamos un veh\u00edculo adecuado, evitamos que el maletero sea un problema y reducimos la espera. Y t\u00fa, en vez de estar en la acera pensando \u201c\u00bfllegar\u00e1?\u201d, est\u00e1s tranquilo terminando el caf\u00e9 o revisando que llevas el DNI.<\/p>\n\n\n\n<p>Esto se nota especialmente en recogidas nocturnas o <a href=\"https:\/\/eltaxi033.com\/sevilla\/blog\/taxi-sevilla-transfer-vuelos-tempranos\/\">cuando tienes un vuelo de madrugada<\/a> y no quieres depender de \u201ca ver si pasa uno libre\u201d. Y tambi\u00e9n en d\u00edas de alta demanda: eventos, conciertos, Feria, Semana Santa, partidos\u2026 esos d\u00edas donde Sevilla est\u00e1 preciosa, s\u00ed, pero moverte se vuelve m\u00e1s lento.<\/p>\n\n\n\n<h2 class=\"wp-block-heading\">Tres historias reales (o casi) para que lo veas clar\u00edsimo<\/h2>\n\n\n\n<p>Te cuento tres escenas que vemos constantemente, porque as\u00ed se entiende mejor que con teor\u00eda.<\/p>\n\n\n\n<p><strong>Escena 1: la pareja previsora.<\/strong><br>Dos personas, una maleta de cabina, una mochila, salen desde el centro hacia el aeropuerto. Todo f\u00e1cil. Aqu\u00ed el servicio es fluido y casi siempre sin extras raros. Muchas veces, este perfil busca <strong>taxi al aeropuerto de Sevilla desde el centro<\/strong> porque quiere algo directo, sin vueltas y sin depender del transporte p\u00fablico si va cargado o con hora justa.<\/p>\n\n\n\n<p><strong>Escena 2: familia con modo supervivencia activado.<\/strong><br>Dos adultos, dos ni\u00f1os, carrito, dos maletas grandes y una bolsa extra de \u201cpor si acaso\u201d. Aqu\u00ed el punto cr\u00edtico no es el suplemento, es la log\u00edstica. Si el coche es peque\u00f1o o el maletero va justo, se pierde tiempo. Por eso insistimos tanto en avisar el equipaje. La diferencia entre un viaje tranquilo y un mini caos suele ser \u201c\u00bfel coche era el adecuado?\u201d.<\/p>\n\n\n\n<p><strong>Escena 3: llegada al aeropuerto con el cerebro en modo avi\u00f3n.<\/strong><br>Aterrizas, est\u00e1s cansado, llevas maletas, y solo quieres llegar a tu alojamiento. Aqu\u00ed aparece mucho <strong>taxi del aeropuerto de Sevilla al centro de Sevilla<\/strong> y tambi\u00e9n el t\u00e9rmino m\u00e1s corto <strong>taxi aeropuerto San Pablo<\/strong>, que al final es lo que se le queda a todo el mundo: \u201cSan Pablo\u201d y listo.<\/p>\n\n\n\n<p>Estas tres escenas tienen algo en com\u00fan: la gente no quiere \u201csorpresas\u201d, quiere \u201cclaridad y rapidez\u201d. Y eso se consigue con informaci\u00f3n y con un servicio bien coordinado.<\/p>\n\n\n\n<h2 class=\"wp-block-heading\">\u00bfY si voy a un barrio concreto? Lo que suele cambiar (y lo que no)<\/h2>\n\n\n\n<p>En Sevilla, muchas personas no van \u201cal centro\u201d como concepto, van a Triana, Los Remedios, Nervi\u00f3n, Sevilla Este, Macarena\u2026 y cada zona tiene sus tiempos seg\u00fan el momento del d\u00eda. \u00bfEso cambia los suplementos? Normalmente no. Lo que cambia es el tiempo del trayecto por tr\u00e1fico, sem\u00e1foros o accesos.<\/p>\n\n\n\n<p>Si sales de un barrio con calles estrechas o de una zona con acceso complicado, lo que puede cambiar es el tiempo de llegada del taxi o el tiempo total de ruta, no un suplemento \u201cpor barrio\u201d. Por eso, cuando alguien busca <strong>taxi San Pablo Sevilla<\/strong> muchas veces est\u00e1 pensando en \u201cSan Pablo \u2192 mi barrio\u201d y en c\u00f3mo de r\u00e1pido ser\u00e1 seg\u00fan la hora.<\/p>\n\n\n\n<p>Y aqu\u00ed va otro tip muy de calle: si te alojas en una calle con acceso dif\u00edcil (peatonal, obras, entrada por un lateral), dilo. No por el precio, sino para evitar el t\u00edpico \u201cestoy aqu\u00ed\u2026 \u00bft\u00fa d\u00f3nde est\u00e1s?\u201d que te roba 10 minutos.<\/p>\n\n\n\n<h2 class=\"wp-block-heading\">C\u00f3mo evitar el \u201cme parece caro\u201d cuando en realidad ibas con el tiempo justo<\/h2>\n\n\n\n<p>A veces el usuario se queda con una sensaci\u00f3n rara no porque el precio sea incorrecto, sino porque el contexto era estresante. Ibas tarde, llov\u00eda, hab\u00eda cola, te cost\u00f3 encajar las maletas\u2026 y el cerebro asocia \u201cestr\u00e9s\u201d con \u201cme han cobrado de m\u00e1s\u201d.<\/p>\n\n\n\n<p>Para evitar eso, piensa en el taxi como una parte del viaje, no como un detalle suelto. Si tu vuelo es a las 09:00, no reserves el taxi para salir a las 08:10 \u201cporque son 20 minutos\u201d. En condiciones perfectas s\u00ed. En condiciones reales, te la est\u00e1s jugando.<\/p>\n\n\n\n<p>Nosotros solemos recomendar un margen de seguridad de 30\u201345 minutos cuando hay equipaje, ni\u00f1os o incertidumbre. No porque el trayecto vaya a durar el doble, sino porque la ciudad no siempre coopera: ascensor que no llega, maleta que se atasca, ni\u00f1o que \u201ctiene que ir al ba\u00f1o justo ahora\u201d, calle cortada, taxi que tarda un pel\u00edn m\u00e1s por tr\u00e1fico. Todo eso suma.<\/p>\n\n\n\n<p>Cuando alguien lo hace bien, el trayecto se convierte en algo c\u00f3modo, sin tensi\u00f3n. Y ah\u00ed se entiende por qu\u00e9 la gente repite tanto la b\u00fasqueda <strong>taxi Sevilla aeropuerto<\/strong>: quieren un traslado que les quite preocupaciones, no que les a\u00f1ada otra.<\/p>\n\n\n\n<h2 class=\"wp-block-heading\">Mini gu\u00eda mental: lo que s\u00ed conviene preguntar (sin sonar desconfiado)<\/h2>\n\n\n\n<p>Si te quedas m\u00e1s tranquilo preguntando antes de arrancar, hazlo, pero con naturalidad. Cosas como:<\/p>\n\n\n\n<ul class=\"wp-block-list\">\n<li>\u201cVoy con dos maletas grandes, \u00bfhay alg\u00fan extra por esto?\u201d<\/li>\n\n\n\n<li>\u201cSalimos desde estaci\u00f3n, \u00bfaqu\u00ed aplica suplemento de salida, verdad?\u201d<\/li>\n\n\n\n<li>\u201c\u00bfVamos con tax\u00edmetro o tarifa cerrada seg\u00fan la franja?\u201d<\/li>\n<\/ul>\n\n\n\n<p>No es desconfiar, es aclarar. Y si alguien se molesta por una pregunta normal, mala se\u00f1al. Lo habitual es que la conversaci\u00f3n sea sencilla y te quedes tranquilo.<\/p>\n\n\n\n<h2 class=\"wp-block-heading\">Un enlace interno que te puede ayudar a planificar mejor<\/h2>\n\n\n\n<p>Si quieres hilar a\u00fan m\u00e1s fino (sobre todo para d\u00edas de mucho movimiento), te recomiendo leer nuestro art\u00edculo sobre <strong>c\u00f3mo moverte en taxi durante cortes de tr\u00e1fico o fiestas locales sin perder tiempo<\/strong>. Te va a ahorrar m\u00e1s de un \u201c\u00bfpor d\u00f3nde se entra?\u201d en fechas se\u00f1aladas.<\/p>\n\n\n\n<h2 class=\"wp-block-heading\">Lo que realmente manda es el punto de recogida y el tipo de equipaje<\/h2>\n\n\n\n<p>Si te quedas con una sola idea, que sea esta: en Sevilla, los suplementos suelen aparecer por <strong>d\u00f3nde te recogen<\/strong> y por <strong>qu\u00e9 tipo de bultos llevas<\/strong>, no por el n\u00famero de pasajeros mientras vay\u00e1is dentro del aforo. Cuando entiendes eso, dejas de sentir que el taxi es una t\u00f3mbola y lo ves como lo que es: un servicio regulado con reglas claras.<\/p>\n\n\n\n<figure class=\"wp-block-image size-large\"><img wpfc-lazyload-disable=\"true\" decoding=\"async\" width=\"1024\" height=\"684\" src=\"https:\/\/eltaxi033.com\/sevilla\/wp-content\/uploads\/sites\/5\/2025\/09\/pareja-asiatica-turista-cruzando-la-carretera-1024x684.webp\" alt=\"pareja asiatica turista cruzando la carretera\" class=\"wp-image-1442\" srcset=\"https:\/\/eltaxi033.com\/sevilla\/wp-content\/uploads\/sites\/5\/2025\/09\/pareja-asiatica-turista-cruzando-la-carretera-1024x684.webp 1024w, https:\/\/eltaxi033.com\/sevilla\/wp-content\/uploads\/sites\/5\/2025\/09\/pareja-asiatica-turista-cruzando-la-carretera-300x200.webp 300w, https:\/\/eltaxi033.com\/sevilla\/wp-content\/uploads\/sites\/5\/2025\/09\/pareja-asiatica-turista-cruzando-la-carretera-768x513.webp 768w, https:\/\/eltaxi033.com\/sevilla\/wp-content\/uploads\/sites\/5\/2025\/09\/pareja-asiatica-turista-cruzando-la-carretera-1536x1025.webp 1536w, https:\/\/eltaxi033.com\/sevilla\/wp-content\/uploads\/sites\/5\/2025\/09\/pareja-asiatica-turista-cruzando-la-carretera-2048x1367.webp 2048w\" sizes=\"(max-width: 1024px) 100vw, 1024px\" \/><\/figure>\n\n\n\n<p>Nosotros, como ElTaxi 033, lo vivimos cada d\u00eda con familias, viajeros, gente que llega tarde, noches de fiesta y vuelos de madrugada. Y por eso insistimos tanto en lo b\u00e1sico: si reservas, cu\u00e9ntanos el viaje completo (personas + maletas + hora). Es la diferencia entre \u201csubir y arrancar\u201d y \u201cperder 15 minutos en la acera\u201d.<\/p>\n\n\n\n<h2 class=\"wp-block-heading\">Preguntas frecuentes sobre suplementos y equipaje<\/h2>\n\n\n\n<h3 class=\"wp-block-heading\">1) \u00bfSe cobra un extra por ir 3 o 4 personas?<\/h3>\n\n\n\n<p>Normalmente no. Mientras vay\u00e1is dentro del aforo del veh\u00edculo, el precio depende del recorrido y el tiempo, no del n\u00famero de pasajeros.<\/p>\n\n\n\n<h3 class=\"wp-block-heading\">2) \u00bfCu\u00e1ndo suele aparecer el suplemento de equipaje?<\/h3>\n\n\n\n<p>Sobre todo con bultos grandes o pesados. Si llevas maletas de facturar o bolsas voluminosas, av\u00edsalo al reservar y as\u00ed se env\u00eda un coche con maletero adecuado.<\/p>\n\n\n\n<h3 class=\"wp-block-heading\">3) \u00bfUn carrito de beb\u00e9 o una silla de ruedas cuentan como equipaje extra?<\/h3>\n\n\n\n<p>En la pr\u00e1ctica, suelen considerarse elementos de movilidad\/uso cotidiano y no deber\u00edan convertirse en un \u201cextra sorpresa\u201d. Aun as\u00ed, av\u00edsalo para que el coche llegue preparado.<\/p>\n\n\n\n<h3 class=\"wp-block-heading\">4) \u00bfPor qu\u00e9 puede cambiar el precio si salgo desde una estaci\u00f3n?<\/h3>\n\n\n\n<p>Porque en puntos con mucha demanda (como estaciones) puede existir un suplemento de salida asociado a la operativa del lugar.<\/p>\n\n\n\n<h3 class=\"wp-block-heading\">5) \u00bfQu\u00e9 debo decir al reservar para evitar l\u00edos?<\/h3>\n\n\n\n<p>Direcci\u00f3n exacta, hora, n\u00famero de pasajeros y cu\u00e1ntas maletas llevas (y si son grandes). Con eso, el servicio sale mucho m\u00e1s redondo.<\/p>\n\n\n\n<script type=\"application\/ld+json\">\n{\n  \"@context\": \"https:\/\/schema.org\",\n  \"@type\": \"FAQPage\",\n  \"mainEntity\": [\n    {\n      \"@type\": \"Question\",\n      \"name\": \"\u00bfSe cobra un extra por ir 3 o 4 personas?\",\n      \"acceptedAnswer\": {\n        \"@type\": \"Answer\",\n        \"text\": \"Normalmente no. Mientras vay\u00e1is dentro del aforo del veh\u00edculo, el precio depende del recorrido y el tiempo, no del n\u00famero de pasajeros.\"\n      }\n    },\n    {\n      \"@type\": \"Question\",\n      \"name\": \"\u00bfCu\u00e1ndo suele aparecer el suplemento de equipaje?\",\n      \"acceptedAnswer\": {\n        \"@type\": \"Answer\",\n        \"text\": \"Sobre todo con bultos grandes o pesados. Si llevas maletas de facturar o bolsas voluminosas, av\u00edsalo al reservar y as\u00ed se env\u00eda un coche con maletero adecuado.\"\n      }\n    },\n    {\n      \"@type\": \"Question\",\n      \"name\": \"\u00bfUn carrito de beb\u00e9 o una silla de ruedas cuentan como equipaje extra?\",\n      \"acceptedAnswer\": {\n        \"@type\": \"Answer\",\n        \"text\": \"En la pr\u00e1ctica, suelen considerarse elementos de movilidad o de uso cotidiano y no deber\u00edan convertirse en un extra sorpresa. Aun as\u00ed, av\u00edsalo para que el coche llegue preparado.\"\n      }\n    },\n    {\n      \"@type\": \"Question\",\n      \"name\": \"\u00bfPor qu\u00e9 puede cambiar el precio si salgo desde una estaci\u00f3n?\",\n      \"acceptedAnswer\": {\n        \"@type\": \"Answer\",\n        \"text\": \"Porque en puntos con mucha demanda, como estaciones, puede existir un suplemento de salida asociado a la operativa del lugar.\"\n      }\n    },\n    {\n      \"@type\": \"Question\",\n      \"name\": \"\u00bfQu\u00e9 debo decir al reservar para evitar l\u00edos?\",\n      \"acceptedAnswer\": {\n        \"@type\": \"Answer\",\n        \"text\": \"Direcci\u00f3n exacta, hora, n\u00famero de pasajeros y cu\u00e1ntas maletas llevas (y si son grandes). Con eso, el servicio sale mucho m\u00e1s claro y sin improvisaciones.\"\n      }\n    }\n  ]\n}\n<\/script>\n\n","protected":false,"gt_translate_keys":[{"key":"rendered","format":"html"}]},"excerpt":{"rendered":"<p>Si alguna vez has subido con prisas, con media casa metida en la maleta y el grupo preguntando \u201c\u00bfesto lleva extra?\u201d, tranquilo: es m\u00e1s com\u00fan de lo que parece. En Sevilla, los suplementos no deber\u00edan ser un \u201cdepende\u201d, sino conceptos regulados que se aplican en casos concretos, sobre todo cuando hay equipaje pesado o salidas [&hellip;]<\/p>\n","protected":false,"gt_translate_keys":[{"key":"rendered","format":"html"}]},"author":3,"featured_media":1692,"comment_status":"open","ping_status":"open","sticky":false,"template":"","format":"standard","meta":{"_joinchat":[],"footnotes":""},"categories":[1],"tags":[],"class_list":["post-1691","post","type-post","status-publish","format-standard","has-post-thumbnail","hentry","category-sin-categoria"],"gt_translate_keys":[{"key":"link","format":"url"}],"_links":{"self":[{"href":"https:\/\/eltaxi033.com\/sevilla\/wp-json\/wp\/v2\/posts\/1691","targetHints":{"allow":["GET"]}}],"collection":[{"href":"https:\/\/eltaxi033.com\/sevilla\/wp-json\/wp\/v2\/posts"}],"about":[{"href":"https:\/\/eltaxi033.com\/sevilla\/wp-json\/wp\/v2\/types\/post"}],"author":[{"embeddable":true,"href":"https:\/\/eltaxi033.com\/sevilla\/wp-json\/wp\/v2\/users\/3"}],"replies":[{"embeddable":true,"href":"https:\/\/eltaxi033.com\/sevilla\/wp-json\/wp\/v2\/comments?post=1691"}],"version-history":[{"count":2,"href":"https:\/\/eltaxi033.com\/sevilla\/wp-json\/wp\/v2\/posts\/1691\/revisions"}],"predecessor-version":[{"id":1695,"href":"https:\/\/eltaxi033.com\/sevilla\/wp-json\/wp\/v2\/posts\/1691\/revisions\/1695"}],"wp:featuredmedia":[{"embeddable":true,"href":"https:\/\/eltaxi033.com\/sevilla\/wp-json\/wp\/v2\/media\/1692"}],"wp:attachment":[{"href":"https:\/\/eltaxi033.com\/sevilla\/wp-json\/wp\/v2\/media?parent=1691"}],"wp:term":[{"taxonomy":"category","embeddable":true,"href":"https:\/\/eltaxi033.com\/sevilla\/wp-json\/wp\/v2\/categories?post=1691"},{"taxonomy":"post_tag","embeddable":true,"href":"https:\/\/eltaxi033.com\/sevilla\/wp-json\/wp\/v2\/tags?post=1691"}],"curies":[{"name":"wp","href":"https:\/\/api.w.org\/{rel}","templated":true}]}}