{"id":1533,"date":"2025-11-03T20:23:51","date_gmt":"2025-11-03T19:23:51","guid":{"rendered":"https:\/\/eltaxi033.com\/sevilla\/?p=1533"},"modified":"2025-11-03T23:08:25","modified_gmt":"2025-11-03T22:08:25","slug":"taxi-aeropuerto-sevilla-centro","status":"publish","type":"post","link":"https:\/\/eltaxi033.com\/sevilla\/blog\/taxi-aeropuerto-sevilla-centro\/","title":{"rendered":"Precio cerrado o por tax\u00edmetro: c\u00f3mo funcionan (de verdad) las tarifas del aeropuerto de Sevilla","gt_translate_keys":[{"key":"rendered","format":"text"}]},"content":{"rendered":"\n<p>Si acabas de aterrizar en San Pablo (SVQ) y te est\u00e1s preguntando <strong><a href=\"https:\/\/eltaxi033.com\/sevilla\/taxi-aeropuerto-sevilla\/\">cu\u00e1nto cuesta un taxi del aeropuerto de Sevilla al centro<\/a><\/strong>, te hablamos claro desde la trinchera: en ElTaxi 033 llevamos cada d\u00eda a viajeros a Santa Cruz, Nervi\u00f3n, Triana, Macarena o Alameda, y sabemos cu\u00e1ndo conviene <strong>precio cerrado<\/strong> y cu\u00e1ndo compensa ir <strong>por tax\u00edmetro<\/strong>. La idea no es marearte con tablas y acr\u00f3nimos: queremos que bajes del avi\u00f3n con una decisi\u00f3n tomada y sin sorpresas en el bolsillo.<\/p>\n\n\n\n<figure class=\"wp-block-image size-large\"><img wpfc-lazyload-disable=\"true\" fetchpriority=\"high\" decoding=\"async\" width=\"1024\" height=\"683\" src=\"https:\/\/eltaxi033.com\/sevilla\/wp-content\/uploads\/sites\/5\/2025\/11\/joven-conductor-de-uber-en-el-interior-del-coche-1024x683.webp\" alt=\"joven conductor de uber en el interior del coche\" class=\"wp-image-1534\" srcset=\"https:\/\/eltaxi033.com\/sevilla\/wp-content\/uploads\/sites\/5\/2025\/11\/joven-conductor-de-uber-en-el-interior-del-coche-1024x683.webp 1024w, https:\/\/eltaxi033.com\/sevilla\/wp-content\/uploads\/sites\/5\/2025\/11\/joven-conductor-de-uber-en-el-interior-del-coche-300x200.webp 300w, https:\/\/eltaxi033.com\/sevilla\/wp-content\/uploads\/sites\/5\/2025\/11\/joven-conductor-de-uber-en-el-interior-del-coche-768x512.webp 768w, https:\/\/eltaxi033.com\/sevilla\/wp-content\/uploads\/sites\/5\/2025\/11\/joven-conductor-de-uber-en-el-interior-del-coche-1536x1024.webp 1536w, https:\/\/eltaxi033.com\/sevilla\/wp-content\/uploads\/sites\/5\/2025\/11\/joven-conductor-de-uber-en-el-interior-del-coche-2048x1365.webp 2048w\" sizes=\"(max-width: 1024px) 100vw, 1024px\" \/><\/figure>\n\n\n\n<h2 class=\"wp-block-heading\">El trayecto en la vida real: del \u201chola, ya he llegado\u201d al \u201cgracias, aqu\u00ed me quedo\u201d<\/h2>\n\n\n\n<p>Bajas del avi\u00f3n, recoges maleta y miras el m\u00f3vil: \u201c\u00bfPido taxi ya?\u201d. Nosotros estamos pendientes del n\u00famero de vuelo y te escribimos cuando tocas pista; quedamos en llegadas, te ayudamos con equipaje y salimos del parking. Si el tr\u00e1fico est\u00e1 a favor, en <strong>15\u201325 minutos<\/strong> est\u00e1s en el centro. Si llueve, hay obras en Kansas City o coincide con un gran evento, puede irse a <strong>30\u201340 minutos<\/strong>. Esa horquilla explica por qu\u00e9 el <strong>tax\u00edmetro<\/strong> var\u00eda y por qu\u00e9 a mucha gente le gusta <strong>cerrar precio<\/strong> antes incluso de despegar.<\/p>\n\n\n\n<p>En Sevilla, como en casi todas las ciudades, el tax\u00edmetro suma tres cosas: la bajada de bandera (el arranque), el precio por kil\u00f3metro (si todo fluye) y el componente de tiempo (cuando el tr\u00e1fico se espesa y el coche avanza poco). A eso se a\u00f1aden suplementos regulados: aeropuerto, nocturnidad, festivos\u2026 Nada raro, pero s\u00ed suficiente para que un martes a las 11:30 no sea igual que un viernes a las 19:00 con chaparr\u00f3n y partido en el S\u00e1nchez-Pizju\u00e1n.<\/p>\n\n\n\n<h2 class=\"wp-block-heading\">Precio cerrado: paz mental para quien no quiere mirar el reloj<\/h2>\n\n\n\n<p>Imagina que viajas con dos peques, tres maletas, carrito y hotel en el casco hist\u00f3rico. Sabes que habr\u00e1 calles peatonales, puntos de bajada espec\u00edficos y quiz\u00e1 algo de espera para acceder. Con <strong>precio fijo<\/strong> te desentiendes del tiempo: el total est\u00e1 blindado desde la reserva. Por eso lo eligen familias, viajeros con equipaje especial, grupos que necesitan <strong>7 plazas<\/strong> y empresas que quieren <strong>factura con IVA<\/strong> sin n\u00fameros bailando. En ElTaxi 033 el cerrado incluye lo importante: <strong>monitorizaci\u00f3n de vuelos<\/strong> (si se retrasa, ajustamos la recogida), <strong>contacto por WhatsApp<\/strong> al aterrizar, <strong>pago con tarjeta o Bizum<\/strong>, opci\u00f3n de <strong>silla infantil<\/strong> y flota <strong>eco\/premium<\/strong> si buscas silencio y comodidad.<\/p>\n\n\n\n<p>Hay otro detalle que no se suele contar: el precio cerrado te permite planificar. Si llegas para un check-in a una hora concreta o tienes una reuni\u00f3n en Nervi\u00f3n, no te la juegas. \u00bfTr\u00e1fico? \u00bfDesv\u00edos por obras? Bienvenidos sean, el total no cambia. Y si tu alojamiento est\u00e1 en una calle estrecha, te dejamos en el punto autorizado m\u00e1s cercano y te guiamos dos minutos a pie; se pierde menos tiempo discutiendo con el reloj y m\u00e1s llegando donde toca.<\/p>\n\n\n\n<h2 class=\"wp-block-heading\">Tax\u00edmetro: el favorito de la madrugada y de quien viaja ligero<\/h2>\n\n\n\n<p>\u00bfLlegas un mi\u00e9rcoles a las 00:40, sin maletas, con ganas de cama y la ciudad casi vac\u00eda? Ah\u00ed <strong>el tax\u00edmetro suele ganar<\/strong>. Con v\u00edas despejadas, sem\u00e1foros a tu favor y sin colas de salida, pagas exactamente lo recorrido y llegas volando. Tambi\u00e9n funciona bien si te quedas en zonas con accesos muy directos desde el aeropuerto (por ejemplo, algunos puntos de Nervi\u00f3n) y no hay eventos que compliquen la pel\u00edcula. Si te gusta pagar lo que marca el camino sin pensar en extras, es tu opci\u00f3n.<\/p>\n\n\n\n<p>Eso s\u00ed, s\u00e9 honesto con el contexto: si desembarcas un s\u00e1bado de Feria o en plena Semana Santa, la ciudad juega con otras reglas \u2014cortes, vallas, tr\u00e1fico denso\u2014. En esos d\u00edas, la experiencia nos dice que el fijo evita caras largas y te deja concentrarte en lo que importa: llegar, deshacer la maleta y salir a disfrutar.<\/p>\n\n\n\n<h2 class=\"wp-block-heading\">\u00bfEntonces\u2026 cu\u00e1nto cuesta un taxi del aeropuerto de Sevilla al centro?<\/h2>\n\n\n\n<p>La respuesta corta \u2014y honesta\u2014 es: <strong>depende del momento, del barrio y del tr\u00e1fico<\/strong>. No te vamos a vender una cifra \u00fanica que luego no encaje con tu vuelo de las 19:45. Entre <strong>SVQ y el casco hist\u00f3rico<\/strong> la distancia no es enorme, pero la <strong>variabilidad<\/strong> manda: un acceso limpio por A-4 y Kansas City no es lo mismo que un viernes lluvioso con eventos. Hacia <strong>Triana\/Los Remedios<\/strong> sumas el cruce del Guadalquivir; hacia <strong>Macarena\/Alameda<\/strong> puede jugarte a favor o en contra la ronda; a <strong>Nervi\u00f3n<\/strong> suele ser bastante estable salvo tarde de partido. Con <strong>tax\u00edmetro<\/strong>, esa realidad se traslada al precio final; con <strong>cerrado<\/strong>, la neutralizas.<\/p>\n\n\n\n<p>Si te sirve una br\u00fajula pr\u00e1ctica, piensa as\u00ed:<br>\u2014 \u00bfVas en hora punta, con equipaje o con peques? <strong>Cierra precio<\/strong>.<br>\u2014 \u00bfVas en hora valle, ligero y sin eventos? <strong>Tax\u00edmetro<\/strong> suele irte de cara.<br>\u2014 \u00bfVienes en fechas calientes (Semana Santa, Feria, macroconciertos, congresos)? <strong>Cerrado sin dudas<\/strong>.<\/p>\n\n\n\n<figure class=\"wp-block-image size-large\"><img wpfc-lazyload-disable=\"true\" decoding=\"async\" width=\"1024\" height=\"717\" src=\"https:\/\/eltaxi033.com\/sevilla\/wp-content\/uploads\/sites\/5\/2025\/10\/aeropuerto-RqaoKQSEjLTL4OMABba6haL-1200x840@diario_abc-1024x717.webp\" alt=\"aeropuerto RqaoKQSEjLTLOMABbahaL x@diario abc\" class=\"wp-image-1499\" srcset=\"https:\/\/eltaxi033.com\/sevilla\/wp-content\/uploads\/sites\/5\/2025\/10\/aeropuerto-RqaoKQSEjLTL4OMABba6haL-1200x840@diario_abc-1024x717.webp 1024w, https:\/\/eltaxi033.com\/sevilla\/wp-content\/uploads\/sites\/5\/2025\/10\/aeropuerto-RqaoKQSEjLTL4OMABba6haL-1200x840@diario_abc-300x210.webp 300w, https:\/\/eltaxi033.com\/sevilla\/wp-content\/uploads\/sites\/5\/2025\/10\/aeropuerto-RqaoKQSEjLTL4OMABba6haL-1200x840@diario_abc-768x538.webp 768w, https:\/\/eltaxi033.com\/sevilla\/wp-content\/uploads\/sites\/5\/2025\/10\/aeropuerto-RqaoKQSEjLTL4OMABba6haL-1200x840@diario_abc.webp 1200w\" sizes=\"(max-width: 1024px) 100vw, 1024px\" \/><\/figure>\n\n\n\n<h2 class=\"wp-block-heading\">Temporadas sevillanas: c\u00f3mo te afectan sin que te estreses<\/h2>\n\n\n\n<p>Sevilla tiene momentos m\u00e1gicos y muy concurridos. En <strong>Semana Santa<\/strong>, el centro funciona con cierres y recorridos especiales; llegamos igual, pero el camino puede alargarse. En <strong>Feria de Abril<\/strong>, Los Remedios y Triana hierven, y los desv\u00edos son frecuentes. Tambi\u00e9n hay noches con conciertos, finales deportivas o congresos que congestionan entradas a ciertas horas. \u00bfLa receta? <strong>Reserva con antelaci\u00f3n<\/strong> y escoge <strong>precio cerrado<\/strong>: sabemos por d\u00f3nde no pasar, fijamos punto de encuentro y t\u00fa ya tienes el total confirmado. En nuestro blog, hemos preparado un art\u00edculo sobre <a href=\"https:\/\/eltaxi033.com\/sevilla\/blog\/precio-taxi-aeropuerto-sevilla\/\">todo lo que debes saber antes de pedir un taxi aeropuerto Sevilla.<\/a> <\/p>\n\n\n\n<h2 class=\"wp-block-heading\">Casos t\u00edpicos que vemos cada semana<\/h2>\n\n\n\n<p>Una <strong>familia<\/strong> que aterriza un s\u00e1bado a media tarde: carrito, maletas y hotel en Santa Cruz. Les proponemos <strong>cerrado<\/strong> con silla infantil; el conductor estaciona en el punto autorizado, ayuda con el equipaje y todos tan contentos. Un <strong>directivo<\/strong> con reuni\u00f3n a las 9:30 en Nervi\u00f3n: recogida con cartel, coche silencioso, factura al correo al llegar. Una <strong>pareja<\/strong> que llega un martes de madrugada y se queda por Alameda: aqu\u00ed normalmente el <strong>tax\u00edmetro<\/strong> les sale fino y llegan en un suspiro.<\/p>\n\n\n\n<h2 class=\"wp-block-heading\">Consejos que te ahorran euros y minutos<\/h2>\n\n\n\n<p>Cu\u00e9ntanos <strong>destino exacto<\/strong> y posibles necesidades (silla beb\u00e9, mascota, maletas deportivas). No es lo mismo Plaza Nueva que un hotel en calle peatonal con acceso acotado; preparando el punto de bajada te evitamos vueltas. Si sois 3\u20134 (o hasta 7 con monovolumen), <strong>compartir<\/strong> sale muy a cuenta frente a otras opciones puerta a puerta. Y si viajas por trabajo, pide <strong>factura con IVA<\/strong>: te la enviamos al finalizar, sin perseguir papeles.<\/p>\n\n\n\n<h2 class=\"wp-block-heading\">C\u00f3mo reservar con ElTaxi 033 sin complicarte<\/h2>\n\n\n\n<p>Tres v\u00edas, seg\u00fan tu estilo. <strong>Reserva online<\/strong> y bloquea <strong>precio cerrado<\/strong> en segundos; nos dejas el n\u00famero de vuelo y nosotros vigilamos la pantalla. Si eres de mensajes, <strong>WhatsApp<\/strong> de reservas y listo. \u00bfPrefieres hablar? <strong>Tel\u00e9fono<\/strong> y te quedas tranquilo. En todos los casos puedes pagar con <strong>tarjeta, Bizum o efectivo<\/strong>, y si el avi\u00f3n llega antes o despu\u00e9s, <strong>reajustamos la recogida<\/strong> para que no exista \u201cespera sorpresa\u201d.<\/p>\n\n\n\n<h2 class=\"wp-block-heading\">\u00bfPor qu\u00e9 tanta gente nos elige para el transfer Sevilla\u2013centro?<\/h2>\n\n\n\n<p>Porque mezclamos lo que a todos nos gusta cuando viajamos: <strong>puntualidad<\/strong>, <strong>coches limpios y c\u00f3modos<\/strong>, <strong>conductores locales<\/strong> que saben d\u00f3nde te pueden dejar \u201ca un paso real\u201d de tu hotel, y esa tranquilidad de que, si hay atasco, a ti no te cuesta m\u00e1s si cerraste precio. A\u00f1ade <strong>eco-transfers<\/strong> (menos ruido y emisiones), <strong>gama premium<\/strong> (Tesla, Mercedes) para quien quiere un plus, y <strong>7 plazas<\/strong> para familias o equipos. Al final, lo que buscas es <strong>llegar sin estr\u00e9s<\/strong> y con la sensaci\u00f3n de que controlas el gasto.<\/p>\n\n\n\n<h2 class=\"wp-block-heading\">La pregunta final que tienes que hacerte<\/h2>\n\n\n\n<p>M\u00e1s que \u201c\u00bftax\u00edmetro o precio cerrado?\u201d, preg\u00fantate: <strong>\u201c\u00bfQuiero certidumbre total o prefiero pagar exactamente lo recorrido?\u201d<\/strong>. Si tu vuelo pisa Sevilla cuando la ciudad va tranquila, el <strong>tax\u00edmetro<\/strong> es transparente y justo. Si hay cualquier ingrediente que pueda agitar el trayecto \u2014equipaje, ni\u00f1os, evento, lluvia, hora punta\u2014, el <strong>precio cerrado<\/strong> te compra tranquilidad a buen coste.<\/p>\n\n\n\n<figure class=\"wp-block-image size-large\"><img wpfc-lazyload-disable=\"true\" decoding=\"async\" width=\"1024\" height=\"717\" src=\"https:\/\/eltaxi033.com\/sevilla\/wp-content\/uploads\/sites\/5\/2025\/10\/elite-taxi-aeropuerto-RVNTCevQHoYL857DgGQF72K-1200x840@diario_abc-1024x717.webp\" alt=\"elite taxi aeropuerto RVNTCevQHoYLDgGQFK x@diario abc\" class=\"wp-image-1524\" srcset=\"https:\/\/eltaxi033.com\/sevilla\/wp-content\/uploads\/sites\/5\/2025\/10\/elite-taxi-aeropuerto-RVNTCevQHoYL857DgGQF72K-1200x840@diario_abc-1024x717.webp 1024w, https:\/\/eltaxi033.com\/sevilla\/wp-content\/uploads\/sites\/5\/2025\/10\/elite-taxi-aeropuerto-RVNTCevQHoYL857DgGQF72K-1200x840@diario_abc-300x210.webp 300w, https:\/\/eltaxi033.com\/sevilla\/wp-content\/uploads\/sites\/5\/2025\/10\/elite-taxi-aeropuerto-RVNTCevQHoYL857DgGQF72K-1200x840@diario_abc-768x538.webp 768w, https:\/\/eltaxi033.com\/sevilla\/wp-content\/uploads\/sites\/5\/2025\/10\/elite-taxi-aeropuerto-RVNTCevQHoYL857DgGQF72K-1200x840@diario_abc.webp 1200w\" sizes=\"(max-width: 1024px) 100vw, 1024px\" \/><\/figure>\n\n\n\n<p>En cualquiera de las dos, con <a href=\"https:\/\/eltaxi033.com\/\">ElTaxi 033<\/a> te llevamos <strong>puerta a puerta<\/strong> y te acompa\u00f1amos para que el \u00faltimo tramo del viaje sea el m\u00e1s f\u00e1cil. Si vienes pensando \u201c<strong>cu\u00e1nto cuesta un taxi del aeropuerto de Sevilla al centro<\/strong>\u201d, nuestra respuesta es: cuesta lo que necesitas para llegar sin sobresaltos, y t\u00fa eliges si prefieres <strong>exactitud de recorrido<\/strong> o <strong>total garantizado<\/strong>. Para todo lo dem\u00e1s, aqu\u00ed estamos: reservas en un clic, confirmaci\u00f3n al momento y un conductor esperando con tu nombre cuando la cinta empiece a girar. Bienvenido a Sevilla.<\/p>\n\n\n\n<h2 class=\"wp-block-heading\">Preguntas frecuentes sobre transfer aeropuerto de Sevilla con ElTaxi 033<\/h2>\n\n\n\n<h3 class=\"wp-block-heading\">\u00bfQu\u00e9 me conviene, precio cerrado o tax\u00edmetro?<br><\/h3>\n\n\n\n<p>Si llegas en hora punta, con equipaje o en fechas se\u00f1aladas, precio cerrado. En horas valle y tr\u00e1fico fluido, tax\u00edmetro.<\/p>\n\n\n\n<h3 class=\"wp-block-heading\">\u00bfCu\u00e1nto se tarda del aeropuerto al centro?<br><\/h3>\n\n\n\n<p>Lo habitual es 15\u201325 minutos; con lluvia, obras o eventos puede irse a 30\u201340 minutos.<\/p>\n\n\n\n<h3 class=\"wp-block-heading\">\u00bfEl precio cerrado incluye esperas por retraso del vuelo?<br><\/h3>\n\n\n\n<p>S\u00ed. Monitorizamos tu vuelo y ajustamos la recogida sin \u201csorpresas\u201d en el total.<\/p>\n\n\n\n<h3 class=\"wp-block-heading\">\u00bfPuedo pedir silla infantil o 7 plazas?<br><\/h3>\n\n\n\n<p>Claro. Ind\u00edcalo en la reserva para asignar el veh\u00edculo adecuado y mantener el precio cerrado.<\/p>\n\n\n\n<h3 class=\"wp-block-heading\">\u00bfAcept\u00e1is tarjeta y envi\u00e1is factura con IVA?<br><\/h3>\n\n\n\n<p>S\u00ed, aceptamos tarjeta y Bizum, y te enviamos factura con IVA deducible al finalizar.<\/p>\n\n\n\n<script type=\"application\/ld+json\">\n{\n  \"@context\": \"https:\/\/schema.org\",\n  \"@type\": \"FAQPage\",\n  \"mainEntity\": [\n    {\n      \"@type\": \"Question\",\n      \"name\": \"\u00bfQu\u00e9 me conviene, precio cerrado o tax\u00edmetro?\",\n      \"acceptedAnswer\": {\n        \"@type\": \"Answer\",\n        \"text\": \"Si llegas en hora punta, con equipaje o en fechas se\u00f1aladas, el precio cerrado te asegura un total fijo. En horas valle y con tr\u00e1fico fluido, el tax\u00edmetro suele salir a cuenta.\"\n      }\n    },\n    {\n      \"@type\": \"Question\",\n      \"name\": \"\u00bfCu\u00e1nto se tarda del aeropuerto de Sevilla al centro?\",\n      \"acceptedAnswer\": {\n        \"@type\": \"Answer\",\n        \"text\": \"Lo habitual es entre 15 y 25 minutos. Con lluvia, obras o eventos puede alargarse hasta 30\u201340 minutos.\"\n      }\n    },\n    {\n      \"@type\": \"Question\",\n      \"name\": \"\u00bfEl precio cerrado incluye esperas si mi vuelo se retrasa?\",\n      \"acceptedAnswer\": {\n        \"@type\": \"Answer\",\n        \"text\": \"S\u00ed. Monitorizamos tu vuelo y ajustamos la recogida para evitar cargos inesperados por espera.\"\n      }\n    },\n    {\n      \"@type\": \"Question\",\n      \"name\": \"\u00bfPuedo reservar silla infantil o un veh\u00edculo de 7 plazas?\",\n      \"acceptedAnswer\": {\n        \"@type\": \"Answer\",\n        \"text\": \"S\u00ed. Ind\u00edcalo en la reserva para asignar el veh\u00edculo adecuado (silla infantil y monovolumen 7 plazas) manteniendo el precio cerrado.\"\n      }\n    },\n    {\n      \"@type\": \"Question\",\n      \"name\": \"\u00bfAceptan tarjeta y emiten factura con IVA?\",\n      \"acceptedAnswer\": {\n        \"@type\": \"Answer\",\n        \"text\": \"Aceptamos tarjeta y Bizum. Emitimos factura con IVA deducible para empresas y particulares que la soliciten.\"\n      }\n    }\n  ]\n}\n<\/script>\n\n","protected":false,"gt_translate_keys":[{"key":"rendered","format":"html"}]},"excerpt":{"rendered":"<p>Si acabas de aterrizar en San Pablo (SVQ) y te est\u00e1s preguntando cu\u00e1nto cuesta un taxi del aeropuerto de Sevilla al centro, te hablamos claro desde la trinchera: en ElTaxi 033 llevamos cada d\u00eda a viajeros a Santa Cruz, Nervi\u00f3n, Triana, Macarena o Alameda, y sabemos cu\u00e1ndo conviene precio cerrado y cu\u00e1ndo compensa ir por [&hellip;]<\/p>\n","protected":false,"gt_translate_keys":[{"key":"rendered","format":"html"}]},"author":3,"featured_media":1534,"comment_status":"open","ping_status":"open","sticky":false,"template":"","format":"standard","meta":{"_joinchat":[],"footnotes":""},"categories":[1],"tags":[],"class_list":["post-1533","post","type-post","status-publish","format-standard","has-post-thumbnail","hentry","category-sin-categoria"],"gt_translate_keys":[{"key":"link","format":"url"}],"_links":{"self":[{"href":"https:\/\/eltaxi033.com\/sevilla\/wp-json\/wp\/v2\/posts\/1533","targetHints":{"allow":["GET"]}}],"collection":[{"href":"https:\/\/eltaxi033.com\/sevilla\/wp-json\/wp\/v2\/posts"}],"about":[{"href":"https:\/\/eltaxi033.com\/sevilla\/wp-json\/wp\/v2\/types\/post"}],"author":[{"embeddable":true,"href":"https:\/\/eltaxi033.com\/sevilla\/wp-json\/wp\/v2\/users\/3"}],"replies":[{"embeddable":true,"href":"https:\/\/eltaxi033.com\/sevilla\/wp-json\/wp\/v2\/comments?post=1533"}],"version-history":[{"count":2,"href":"https:\/\/eltaxi033.com\/sevilla\/wp-json\/wp\/v2\/posts\/1533\/revisions"}],"predecessor-version":[{"id":1537,"href":"https:\/\/eltaxi033.com\/sevilla\/wp-json\/wp\/v2\/posts\/1533\/revisions\/1537"}],"wp:featuredmedia":[{"embeddable":true,"href":"https:\/\/eltaxi033.com\/sevilla\/wp-json\/wp\/v2\/media\/1534"}],"wp:attachment":[{"href":"https:\/\/eltaxi033.com\/sevilla\/wp-json\/wp\/v2\/media?parent=1533"}],"wp:term":[{"taxonomy":"category","embeddable":true,"href":"https:\/\/eltaxi033.com\/sevilla\/wp-json\/wp\/v2\/categories?post=1533"},{"taxonomy":"post_tag","embeddable":true,"href":"https:\/\/eltaxi033.com\/sevilla\/wp-json\/wp\/v2\/tags?post=1533"}],"curies":[{"name":"wp","href":"https:\/\/api.w.org\/{rel}","templated":true}]}}