{"id":1399,"date":"2025-08-23T11:43:46","date_gmt":"2025-08-23T09:43:46","guid":{"rendered":"https:\/\/eltaxi033.com\/sevilla\/?p=1399"},"modified":"2025-08-23T11:43:48","modified_gmt":"2025-08-23T09:43:48","slug":"escapar-trafico-magia-andaluza","status":"publish","type":"post","link":"https:\/\/eltaxi033.com\/sevilla\/blog\/escapar-trafico-magia-andaluza\/","title":{"rendered":"C\u00f3mo escapar del tr\u00e1fico y sumergirte en la magia andaluza","gt_translate_keys":[{"key":"rendered","format":"text"}]},"content":{"rendered":"\n<p>\u00bfVienes a Sevilla y no quieres perder media ma\u00f1ana atrapado en un atasco en la Ronda o dando vueltas por el centro para encontrar aparcamiento? Te entendemos. En\u00a0<strong>ElTaxi 033<\/strong>\u00a0vivimos la ciudad cada d\u00eda, sabemos cu\u00e1ndo se llena la Avenida de la Constituci\u00f3n, por d\u00f3nde \u201crespira\u201d Triana a la hora del tapeo y qu\u00e9 calles conviene evitar cuando hay partido o procesi\u00f3n. En este post te contamos\u00a0<strong>c\u00f3mo moverte en <a href=\"https:\/\/eltaxi033.com\/sevilla\/\">taxi por Sevilla<\/a><\/strong>\u00a0para\u00a0<strong>esquivar el tr\u00e1fico<\/strong>\u00a0y, de paso,\u00a0<strong>meterte de lleno en su magia<\/strong>: flamenco, azahar, plazas con sombra y r\u00edos de historia.<\/p>\n\n\n\n<figure class=\"wp-block-image size-large\"><img wpfc-lazyload-disable=\"true\" fetchpriority=\"high\" decoding=\"async\" width=\"1024\" height=\"576\" src=\"https:\/\/eltaxi033.com\/sevilla\/wp-content\/uploads\/sites\/5\/2025\/08\/trafico-sevilla-1024x576.webp\" alt=\"trafico sevilla\" class=\"wp-image-1400\" srcset=\"https:\/\/eltaxi033.com\/sevilla\/wp-content\/uploads\/sites\/5\/2025\/08\/trafico-sevilla-1024x576.webp 1024w, https:\/\/eltaxi033.com\/sevilla\/wp-content\/uploads\/sites\/5\/2025\/08\/trafico-sevilla-300x169.webp 300w, https:\/\/eltaxi033.com\/sevilla\/wp-content\/uploads\/sites\/5\/2025\/08\/trafico-sevilla-768x432.webp 768w, https:\/\/eltaxi033.com\/sevilla\/wp-content\/uploads\/sites\/5\/2025\/08\/trafico-sevilla-1536x864.webp 1536w, https:\/\/eltaxi033.com\/sevilla\/wp-content\/uploads\/sites\/5\/2025\/08\/trafico-sevilla.webp 1600w\" sizes=\"(max-width: 1024px) 100vw, 1024px\" \/><\/figure>\n\n\n\n<h2 class=\"wp-block-heading\">Por qu\u00e9 el taxi es tu mejor plan en Sevilla<\/h2>\n\n\n\n<h3 class=\"wp-block-heading\">1) Cero estr\u00e9s, cero vueltas<\/h3>\n\n\n\n<p>El centro de Sevilla es un laberinto delicioso\u2026 para pasearlo, no para conducirlo. Con\u00a0<strong><a href=\"https:\/\/eltaxi033.com\/sevilla\/\">taxi en Sevilla<\/a><\/strong>\u00a0te olvidas de peajes de tiempo:\u00a0<strong>aceras peatonales, zonas restringidas, carriles bus<\/strong>\u00a0y aparcamiento imposible. Te dejamos\u00a0<strong>puerta a puerta<\/strong>\u00a0y listo.<\/p>\n\n\n\n<h3 class=\"wp-block-heading\">2) Tiempo que se convierte en experiencias<\/h3>\n\n\n\n<p>Lo que no gastas buscando parking lo inviertes en&nbsp;<strong>subir a la Giralda<\/strong>,&nbsp;<strong>perderte por Santa Cruz<\/strong>&nbsp;o&nbsp;<strong>ver el atardecer en la Plaza de Espa\u00f1a<\/strong>. El taxi convierte los traslados en&nbsp;<strong>minipausas<\/strong>&nbsp;para elegir tu pr\u00f3xima tapa.<\/p>\n\n\n\n<h3 class=\"wp-block-heading\">3) Conocimiento local real<\/h3>\n\n\n\n<p>Nuestros conductores son&nbsp;<strong>GPS con alma<\/strong>: saben cu\u00e1ndo cortar por&nbsp;<strong>Torneo<\/strong>&nbsp;para evitar un colapso, cu\u00e1ndo entrar al&nbsp;<strong>Arenal<\/strong>&nbsp;por la calle buena, o d\u00f3nde te deja el taxi para entrar al Alc\u00e1zar&nbsp;<strong>sin rodeos<\/strong>.<\/p>\n\n\n\n<h2 class=\"wp-block-heading\">Rutas que funcionan: del \u201cevitar atascos\u201d al \u201cvivir Sevilla\u201d<\/h2>\n\n\n\n<h3 class=\"wp-block-heading\">Ma\u00f1ana slow por el casco hist\u00f3rico<\/h3>\n\n\n\n<ul class=\"wp-block-list\">\n<li><strong>Santa Justa \u2192 Centro<\/strong>: Si llegas en AVE, te recogemos en Santa Justa y en\u00a0<strong>10\u201315 min<\/strong>\u00a0(seg\u00fan hora) est\u00e1s en tu hotel del centro.<\/li>\n\n\n\n<li><strong>Alc\u00e1zar + Catedral<\/strong>: Te dejamos en un punto cercano y quedamos para recogerte tras la visita.<\/li>\n\n\n\n<li><strong>Plan caf\u00e9<\/strong>: Salto r\u00e1pido a\u00a0<strong>La Campana<\/strong>\u00a0o\u00a0<strong>Alameda<\/strong>\u00a0para el primer bocado del d\u00eda.<\/li>\n<\/ul>\n\n\n\n<h3 class=\"wp-block-heading\">Tarde de parques y barrios con sabor<\/h3>\n\n\n\n<ul class=\"wp-block-list\">\n<li><strong>Jardines de Mar\u00eda Luisa \u2192 Plaza de Espa\u00f1a<\/strong>: Tras la foto obligada, nos movemos a\u00a0<strong>Triana<\/strong>\u00a0para pasear por\u00a0<strong>Betis<\/strong>y picar algo.<\/li>\n\n\n\n<li><strong>Metropol Parasol (Las Setas)<\/strong>: Remate con vistas y una bajada directa en taxi a tu pr\u00f3xima parada sin empujones.<\/li>\n<\/ul>\n\n\n\n<h3 class=\"wp-block-heading\">Noche flamenca sin reloj<\/h3>\n\n\n\n<ul class=\"wp-block-list\">\n<li>Tablao en\u00a0<strong>Triana<\/strong>\u00a0o\u00a0<strong>Arenal<\/strong>, copa en\u00a0<strong>Alfalfa<\/strong>\u00a0y vuelta segura. Con taxi evitas\u00a0<strong>esperas nocturnas<\/strong>, carriles cortados y el \u201c\u00bfd\u00f3nde dej\u00e9 el coche?\u201d de cada salida.<\/li>\n<\/ul>\n\n\n\n<h2 class=\"wp-block-heading\">Aeropuerto, Santa Justa y hoteles: el tri\u00e1ngulo perfecto<\/h2>\n\n\n\n<h3 class=\"wp-block-heading\">Traslados al Aeropuerto (SVQ)<\/h3>\n\n\n\n<p>Aterrizas, recoges maleta y mensaje nuestro: \u201cEstamos en la puerta de&nbsp;<strong>Llegadas<\/strong>\u201d. Sin shuttle, sin bus,&nbsp;<strong>sin arrastrar equipaje bajo el sol<\/strong>. Llevamos&nbsp;<strong>sillitas infantiles<\/strong>&nbsp;bajo petici\u00f3n,&nbsp;<strong>taxis de 7 plazas<\/strong>&nbsp;para grupos y facturas al instante para empresa.<\/p>\n\n\n\n<h3 class=\"wp-block-heading\">Estaci\u00f3n de Santa Justa<\/h3>\n\n\n\n<p>Si vienes en AVE, te esperamos\u00a0<strong>con cartel<\/strong>\u00a0si hace falta. Evita las colas de \u00faltima hora y ten la\u00a0<strong>recogida programada<\/strong> para no jug\u00e1rtela con el tiempo de embarque.<\/p>\n\n\n\n<h3 class=\"wp-block-heading\">Hoteles y alojamientos tur\u00edsticos<\/h3>\n\n\n\n<p>Nos coordinamos con&nbsp;<strong>recepci\u00f3n<\/strong>&nbsp;o con tu&nbsp;<strong>host<\/strong>. Si es calle peatonal, te dejamos en el&nbsp;<strong>punto m\u00e1s cercano<\/strong>&nbsp;y te echamos una mano con las maletas. Sevilla es calor humano, tambi\u00e9n en el transfer.<\/p>\n\n\n\n<h2 class=\"wp-block-heading\">Temporadas \u201ccalientes\u201d: Semana Santa, Feria y partidos<\/h2>\n\n\n\n<h3 class=\"wp-block-heading\">Semana Santa<\/h3>\n\n\n\n<p>Las&nbsp;<strong>carreras oficiales<\/strong>, cortes y cada cofrad\u00eda hacen que el centro sea una&nbsp;<strong>coreograf\u00eda perfecta\u2026 y cortada<\/strong>. Con&nbsp;<strong>ElTaxi 033<\/strong>&nbsp;te proponemos&nbsp;<strong>puntos de encuentro inteligentes<\/strong>: calles de acceso viable y horarios que&nbsp;<strong>evitan el cuello de botella<\/strong>. T\u00fa ves pasos, nosotros movemos el coche.<\/p>\n\n\n\n<h3 class=\"wp-block-heading\">Feria de Abril<\/h3>\n\n\n\n<p>Entrar y salir de&nbsp;<strong>Los Remedios<\/strong>&nbsp;puede ser una odisea. Sabemos qu\u00e9&nbsp;<strong>accesos<\/strong>&nbsp;est\u00e1n m\u00e1s despejados seg\u00fan la hora y d\u00f3nde&nbsp;<strong>quedarte<\/strong>&nbsp;para caminar lo justo hasta tu&nbsp;<strong>caseta<\/strong>. \u00bfVuelta de madrugada?&nbsp;<strong>24\/7<\/strong>, sin dramas.<\/p>\n\n\n\n<h3 class=\"wp-block-heading\">F\u00fatbol y eventos<\/h3>\n\n\n\n<p><strong>S\u00e1nchez-Pizju\u00e1n<\/strong>&nbsp;o&nbsp;<strong>Benito Villamar\u00edn<\/strong>: te dejamos y recogemos&nbsp;<strong>fuera del embudo<\/strong>. El truco est\u00e1 en&nbsp;<strong>la hora y la calle<\/strong>: lo tenemos medido.<\/p>\n\n\n\n<h2 class=\"wp-block-heading\">C\u00f3mo reservar un taxi en Sevilla (sin perder tiempo)<\/h2>\n\n\n\n<h3 class=\"wp-block-heading\">Opci\u00f3n 1: Reserva anticipada<\/h3>\n\n\n\n<p>Ideal para\u00a0<strong>aeropuerto<\/strong>,\u00a0<strong>AVE<\/strong>\u00a0o eventos. Ind\u00edcanos\u00a0<strong>hora<\/strong>,\u00a0<strong>pax<\/strong>,\u00a0<strong>maletas<\/strong>, si necesitas\u00a0<strong>silla infantil<\/strong>\u00a0o\u00a0<strong>7 plazas<\/strong>. Te confirmamos y listo. Los <a href=\"https:\/\/eltaxi033.com\/sevilla\/blog\/sevillanos-apuestan-metodo\/\">sevillanos siguen apostando por este m\u00e9todo de reserva<\/a>, descubre por qu\u00e9 en nuestro blog.<\/p>\n\n\n\n<h3 class=\"wp-block-heading\">Opci\u00f3n 2: Pedido inmediato<\/h3>\n\n\n\n<p>Est\u00e1s en&nbsp;<strong>Alameda<\/strong>&nbsp;y te apetece cambiar de zona. Pides el taxi y te pasamos&nbsp;<strong>ETA real<\/strong>. Si vemos tr\u00e1fico, te proponemos&nbsp;<strong>punto de recogida alternativo<\/strong>&nbsp;(a 2 min andando) para&nbsp;<strong>recortar espera<\/strong>.<\/p>\n\n\n\n<h3 class=\"wp-block-heading\">Opci\u00f3n 3: Servicios a medida<\/h3>\n\n\n\n<ul class=\"wp-block-list\">\n<li><strong>Ruta gastron\u00f3mica<\/strong>\u00a0por Triana, Alameda y Arenal.<\/li>\n\n\n\n<li><strong>Tour panor\u00e1mico<\/strong>\u00a0al atardecer por Plaza de Espa\u00f1a \u2013 Parque de Mar\u00eda Luisa \u2013 Torre del Oro \u2013 Triana.<\/li>\n\n\n\n<li><strong>Transfers corporativos<\/strong>\u00a0con facturaci\u00f3n agrupada y\u00a0<strong>pago digital<\/strong>.<\/li>\n<\/ul>\n\n\n\n<figure class=\"wp-block-image size-full\"><img wpfc-lazyload-disable=\"true\" decoding=\"async\" width=\"612\" height=\"408\" src=\"https:\/\/eltaxi033.com\/sevilla\/wp-content\/uploads\/sites\/5\/2025\/08\/taxista.webp\" alt=\"taxista\" class=\"wp-image-1387\" srcset=\"https:\/\/eltaxi033.com\/sevilla\/wp-content\/uploads\/sites\/5\/2025\/08\/taxista.webp 612w, https:\/\/eltaxi033.com\/sevilla\/wp-content\/uploads\/sites\/5\/2025\/08\/taxista-300x200.webp 300w\" sizes=\"(max-width: 612px) 100vw, 612px\" \/><\/figure>\n\n\n\n<h2 class=\"wp-block-heading\">Consejos pr\u00e1cticos para \u201cganar\u201d a la ciudad<\/h2>\n\n\n\n<h3 class=\"wp-block-heading\">Evita la franja conflictiva<\/h3>\n\n\n\n<p>Los&nbsp;<strong>lunes 8\u20139:30<\/strong>&nbsp;y las&nbsp;<strong>tardes de viernes<\/strong>&nbsp;son m\u00e1s densos. Si puedes, mueve tus traslados&nbsp;<strong>15 min arriba o abajo<\/strong>. Se nota.<\/p>\n\n\n\n<h3 class=\"wp-block-heading\">Lleva tu punto de encuentro pensado<\/h3>\n\n\n\n<p>En calles peatonales, te proponemos una esquina \u201cf\u00e1cil\u201d (farmacia, plaza, esquina con sombra).&nbsp;<strong>Llegar y subir<\/strong>.<\/p>\n\n\n\n<h3 class=\"wp-block-heading\">Maletas y carritos<\/h3>\n\n\n\n<p>Av\u00edsanos de&nbsp;<strong>equipaje especial<\/strong>&nbsp;o&nbsp;<strong>carrito doble<\/strong>. Enviamos el&nbsp;<strong>veh\u00edculo adecuado<\/strong>&nbsp;para que no haya Tetris de \u00faltima hora.<\/p>\n\n\n\n<h3 class=\"wp-block-heading\">Paga como quieras<\/h3>\n\n\n\n<p>Efectivo, tarjeta,&nbsp;<strong>contactless<\/strong>&nbsp;y&nbsp;<strong>link de pago<\/strong>. Si lo necesitas,&nbsp;<strong>factura al instante<\/strong>&nbsp;en tu email.<\/p>\n\n\n\n<h2 class=\"wp-block-heading\">\u00bfY los precios? Transparencia y tranquilidad<\/h2>\n\n\n\n<p>En Sevilla el taxi tiene&nbsp;<strong>tarifa regulada<\/strong>: sin sorpresas,&nbsp;<strong>bajada de bandera + kil\u00f3metros\/tiempo<\/strong>&nbsp;y&nbsp;<strong>suplementos oficiales<\/strong>(no inventos). Si te preocupa el coste de un transfer concreto (aeropuerto, hotel, congreso),&nbsp;<strong>p\u00eddenos precio cerrado<\/strong>&nbsp;antes de salir y te lo damos.&nbsp;<strong>Sin letra peque\u00f1a<\/strong>.<\/p>\n\n\n\n<h2 class=\"wp-block-heading\">Historias de la vida real (que pasan cada d\u00eda)<\/h2>\n\n\n\n<ul class=\"wp-block-list\">\n<li><strong>El AVE llega 20 minutos tarde<\/strong>\u00a0y tu agenda vuela: te esperamos y recalculamos la ruta. Prioridad:\u00a0<strong>tiempo<\/strong>.<\/li>\n\n\n\n<li><strong>Familia con peques<\/strong>\u00a0que quiere ver el atardecer en la Plaza de Espa\u00f1a y luego tablao en Triana: te programamos\u00a0<strong>doble parada<\/strong>\u00a0con espera corta.<\/li>\n\n\n\n<li><strong>Pareja foodie<\/strong>: recogida en hotel, gastro-stop en la\u00a0<strong>Alfalfa<\/strong>, copa en\u00a0<strong>Arenal<\/strong>\u00a0y vuelta. Con m\u00fasica bajita y climatizador a tu gusto.<\/li>\n\n\n\n<li><strong>Equipo de trabajo<\/strong>: hotel \u2192 Fibes \u2192 cena de empresa. Mismo conductor de referencia y\u00a0<strong>factura \u00fanica<\/strong>.<\/li>\n<\/ul>\n\n\n\n<h2 class=\"wp-block-heading\">Taxi en Sevilla vs. conducir t\u00fa mismo (o esperar VTC)<\/h2>\n\n\n\n<ul class=\"wp-block-list\">\n<li><strong>Aparcar<\/strong>: media hora dando vueltas o\u00a0<strong>te dejamos en la puerta<\/strong>.<\/li>\n\n\n\n<li><strong>Restricciones<\/strong>: no te las sabes todas; nosotros\u00a0<strong>s\u00ed<\/strong>.<\/li>\n\n\n\n<li><strong>Calor<\/strong>: a 38 \u00b0C, cada minuto en la calle cuenta; el taxi es\u00a0<strong>sombra y aire<\/strong>\u00a0al instante.<\/li>\n\n\n\n<li><strong>Disponibilidad real<\/strong>: en momentos pico, la\u00a0<strong>red de <a href=\"https:\/\/eltaxi033.com\/sevilla\/\">taxis\u00a0Sevilla<\/a><\/strong> es la que mejor responde en la ciudad.<\/li>\n\n\n\n<li><strong>Confianza<\/strong>:\u00a0<strong>licencia visible<\/strong>,\u00a0<strong>tarifa oficial<\/strong>,\u00a0<strong>hoja de reclamaciones<\/strong>. Las cosas claras.<\/li>\n<\/ul>\n\n\n\n<h2 class=\"wp-block-heading\">ElTaxi 033: tu aliado para saborear Sevilla sin atascos<\/h2>\n\n\n\n<ul class=\"wp-block-list\">\n<li><strong>Flota variada<\/strong>: sed\u00e1n,\u00a0<strong>7 plazas<\/strong>, maletero grande y\u00a0<strong>accesible<\/strong>\u00a0bajo petici\u00f3n.<\/li>\n\n\n\n<li><strong>Conductores locales<\/strong>: trato cercano, recomendaciones reales (no guion turistada).<\/li>\n\n\n\n<li><strong>24\/7<\/strong>: madrugones al aeropuerto, noches de feria, domingos de museo.<\/li>\n\n\n\n<li><strong>Reservas f\u00e1ciles<\/strong>:\u00a0<strong>inmediato<\/strong>\u00a0o\u00a0<strong>programado<\/strong>, con confirmaci\u00f3n.<\/li>\n\n\n\n<li><strong>Pago flexible<\/strong>: efectivo, tarjeta, contactless, link y\u00a0<strong>factura<\/strong>.<\/li>\n\n\n\n<li><strong>Servicios especiales<\/strong>:\u00a0<strong>silla infantil<\/strong>, mascota peque\u00f1a,\u00a0<strong>rutas a medida<\/strong>\u00a0y corporativo.<\/li>\n<\/ul>\n\n\n\n<h2 class=\"wp-block-heading\">Itinerario \u201canti-atascos\u201d de 1 d\u00eda (plantilla editable)<\/h2>\n\n\n\n<ol class=\"wp-block-list\">\n<li><strong>08:30<\/strong>\u00a0Recogida en hotel \u2192\u00a0<strong>Desayuno<\/strong>\u00a0cerca del Alc\u00e1zar.<\/li>\n\n\n\n<li><strong>09:30\u201312:00<\/strong>\u00a0Alc\u00e1zar + Catedral (<strong>recogida a pie de zona accesible<\/strong>).<\/li>\n\n\n\n<li><strong>12:15<\/strong>\u00a0Taxi a\u00a0<strong>Plaza de Espa\u00f1a<\/strong>\u00a0\u2192 fotos + paseo por\u00a0<strong>Mar\u00eda Luisa<\/strong>.<\/li>\n\n\n\n<li><strong>14:00<\/strong>\u00a0Triana para\u00a0<strong>tapas<\/strong>\u00a0(Betis o San Jacinto).<\/li>\n\n\n\n<li><strong>17:00<\/strong>\u00a0Parada expr\u00e9s en\u00a0<strong>Las Setas<\/strong>\u00a0(mirador).<\/li>\n\n\n\n<li><strong>20:00<\/strong>\u00a0Tablao en\u00a0<strong>Arenal<\/strong>\u00a0+ cena.<\/li>\n\n\n\n<li><strong>22:30<\/strong>\u00a0Vuelta c\u00f3moda al hotel.\u00a0<strong>Cero vueltas.<\/strong><\/li>\n<\/ol>\n\n\n\n<h2 class=\"wp-block-heading\">Checklist r\u00e1pido antes de reservar<\/h2>\n\n\n\n<ul class=\"wp-block-list\">\n<li>\u00bfSois\u00a0<strong>m\u00e1s de 4<\/strong>? Pide\u00a0<strong>7 plazas<\/strong>.<\/li>\n\n\n\n<li>\u00bf<strong>Beb\u00e9<\/strong>\u00a0a bordo? Dinos\u00a0<strong>silla<\/strong>\u00a0o\u00a0<strong>alza<\/strong>.<\/li>\n\n\n\n<li>\u00bfMaletas grandes o\u00a0<strong>equipo deportivo<\/strong>? Lo anotamos.<\/li>\n\n\n\n<li>\u00bfNecesitas\u00a0<strong>factura<\/strong>? Email listo.<\/li>\n\n\n\n<li>\u00bfPunto de recogida complicado? Te proponemos uno\u00a0<strong>mejor<\/strong>\u00a0a 2\u20133 minutos.<\/li>\n<\/ul>\n\n\n\n<h2 class=\"wp-block-heading\">\u00bfListo para vivir Sevilla sin pelearte con el tr\u00e1fico?<\/h2>\n\n\n\n<p>En\u00a0<strong>ElTaxi 033<\/strong>\u00a0nos encargamos del\u00a0<strong>c\u00f3mo<\/strong>\u00a0para que t\u00fa disfrutes del\u00a0<strong>d\u00f3nde<\/strong>: Real Alc\u00e1zar, Plaza de Espa\u00f1a, Triana, Alameda, Arenal\u2026\u00a0<strong>Reserva tu <a href=\"https:\/\/eltaxi033.com\/sevilla\/\">taxi en Sevilla<\/a><\/strong>\u00a0con nosotros y transforma cada trayecto en parte del viaje.<br><strong>Dinos cu\u00e1ndo y d\u00f3nde, y te llevamos a sentir la magia andaluza.<\/strong><\/p>\n\n\n\n<h2 class=\"wp-block-heading\">Preguntas frecuentes sobre Taxi en Sevilla<\/h2>\n\n\n\n<h3 class=\"wp-block-heading\"><strong>1) \u00bfC\u00f3mo reservo un taxi en Sevilla con antelaci\u00f3n?<\/strong><\/h3>\n\n\n\n<p>Ind\u00edcanos hora, direcci\u00f3n, n\u00ba de pasajeros y equipaje; confirmamos y asignamos veh\u00edculo.<\/p>\n\n\n\n<h3 class=\"wp-block-heading\"><strong>2) \u00bfCu\u00e1nto cuesta el taxi del aeropuerto al centro?<\/strong><\/h3>\n\n\n\n<p>El taxi tiene tarifa regulada; ofrecemos\u00a0<strong>precio cerrado<\/strong>\u00a0bajo petici\u00f3n seg\u00fan hora y tr\u00e1fico.<\/p>\n\n\n\n<h3 class=\"wp-block-heading\"><strong>3) \u00bfDispon\u00e9is de taxis de 7 plazas y sillas infantiles?<\/strong><\/h3>\n\n\n\n<p>S\u00ed. P\u00eddelos al reservar para garantizar disponibilidad.<\/p>\n\n\n\n<h3 class=\"wp-block-heading\"><strong>4) \u00bfEs buena idea usar taxi en Semana Santa o Feria?<\/strong><\/h3>\n\n\n\n<p>S\u00ed. Proponemos puntos de encuentro alternativos para evitar cortes y esperas.<\/p>\n\n\n\n<h3 class=\"wp-block-heading\"><strong>5) \u00bfPuedo pagar con tarjeta y pedir factura?<\/strong><\/h3>\n\n\n\n<p>Claro. Aceptamos efectivo, tarjeta y contactless, y enviamos la factura por email.<\/p>\n\n\n\n<script type=\"application\/ld+json\">\n{\n  \"@context\": \"https:\/\/schema.org\",\n  \"@type\": \"FAQPage\",\n  \"mainEntity\": [\n    {\n      \"@type\": \"Question\",\n      \"name\": \"\u00bfC\u00f3mo reservo un taxi en Sevilla con antelaci\u00f3n?\",\n      \"acceptedAnswer\": {\n        \"@type\": \"Answer\",\n        \"text\": \"Ind\u00edcanos hora, direcci\u00f3n, n\u00famero de pasajeros y equipaje; confirmamos y asignamos veh\u00edculo.\"\n      }\n    },\n    {\n      \"@type\": \"Question\",\n      \"name\": \"\u00bfCu\u00e1nto cuesta el taxi del aeropuerto al centro?\",\n      \"acceptedAnswer\": {\n        \"@type\": \"Answer\",\n        \"text\": \"El taxi en Sevilla tiene tarifa regulada; podemos ofrecer precio cerrado bajo petici\u00f3n seg\u00fan hora, ruta y tr\u00e1fico.\"\n      }\n    },\n    {\n      \"@type\": \"Question\",\n      \"name\": \"\u00bfDispon\u00e9is de taxis de 7 plazas y sillas infantiles?\",\n      \"acceptedAnswer\": {\n        \"@type\": \"Answer\",\n        \"text\": \"S\u00ed. Disponemos de veh\u00edculos de 7 plazas y sillas infantiles bajo petici\u00f3n previa para garantizar disponibilidad.\"\n      }\n    },\n    {\n      \"@type\": \"Question\",\n      \"name\": \"\u00bfEs buena idea usar taxi en Semana Santa o Feria?\",\n      \"acceptedAnswer\": {\n        \"@type\": \"Answer\",\n        \"text\": \"S\u00ed. Proponemos puntos de encuentro alternativos y rutas que evitan cortes y tiempos de espera.\"\n      }\n    },\n    {\n      \"@type\": \"Question\",\n      \"name\": \"\u00bfPuedo pagar con tarjeta y pedir factura?\",\n      \"acceptedAnswer\": {\n        \"@type\": \"Answer\",\n        \"text\": \"S\u00ed. Aceptamos efectivo, tarjeta y contactless, y enviamos la factura por correo electr\u00f3nico.\"\n      }\n    }\n  ]\n}\n<\/script>\n\n","protected":false,"gt_translate_keys":[{"key":"rendered","format":"html"}]},"excerpt":{"rendered":"<p>\u00bfVienes a Sevilla y no quieres perder media ma\u00f1ana atrapado en un atasco en la Ronda o dando vueltas por el centro para encontrar aparcamiento? Te entendemos. En\u00a0ElTaxi 033\u00a0vivimos la ciudad cada d\u00eda, sabemos cu\u00e1ndo se llena la Avenida de la Constituci\u00f3n, por d\u00f3nde \u201crespira\u201d Triana a la hora del tapeo y qu\u00e9 calles conviene [&hellip;]<\/p>\n","protected":false,"gt_translate_keys":[{"key":"rendered","format":"html"}]},"author":3,"featured_media":1400,"comment_status":"open","ping_status":"open","sticky":false,"template":"","format":"standard","meta":{"_joinchat":[],"footnotes":""},"categories":[1],"tags":[],"class_list":["post-1399","post","type-post","status-publish","format-standard","has-post-thumbnail","hentry","category-sin-categoria"],"gt_translate_keys":[{"key":"link","format":"url"}],"_links":{"self":[{"href":"https:\/\/eltaxi033.com\/sevilla\/wp-json\/wp\/v2\/posts\/1399","targetHints":{"allow":["GET"]}}],"collection":[{"href":"https:\/\/eltaxi033.com\/sevilla\/wp-json\/wp\/v2\/posts"}],"about":[{"href":"https:\/\/eltaxi033.com\/sevilla\/wp-json\/wp\/v2\/types\/post"}],"author":[{"embeddable":true,"href":"https:\/\/eltaxi033.com\/sevilla\/wp-json\/wp\/v2\/users\/3"}],"replies":[{"embeddable":true,"href":"https:\/\/eltaxi033.com\/sevilla\/wp-json\/wp\/v2\/comments?post=1399"}],"version-history":[{"count":5,"href":"https:\/\/eltaxi033.com\/sevilla\/wp-json\/wp\/v2\/posts\/1399\/revisions"}],"predecessor-version":[{"id":1405,"href":"https:\/\/eltaxi033.com\/sevilla\/wp-json\/wp\/v2\/posts\/1399\/revisions\/1405"}],"wp:featuredmedia":[{"embeddable":true,"href":"https:\/\/eltaxi033.com\/sevilla\/wp-json\/wp\/v2\/media\/1400"}],"wp:attachment":[{"href":"https:\/\/eltaxi033.com\/sevilla\/wp-json\/wp\/v2\/media?parent=1399"}],"wp:term":[{"taxonomy":"category","embeddable":true,"href":"https:\/\/eltaxi033.com\/sevilla\/wp-json\/wp\/v2\/categories?post=1399"},{"taxonomy":"post_tag","embeddable":true,"href":"https:\/\/eltaxi033.com\/sevilla\/wp-json\/wp\/v2\/tags?post=1399"}],"curies":[{"name":"wp","href":"https:\/\/api.w.org\/{rel}","templated":true}]}}