{"id":1210,"date":"2025-07-26T12:55:34","date_gmt":"2025-07-26T10:55:34","guid":{"rendered":"https:\/\/eltaxi033.com\/sevilla\/?p=1210"},"modified":"2025-07-29T20:43:29","modified_gmt":"2025-07-29T18:43:29","slug":"taxi-sevilla-feria-abril","status":"publish","type":"post","link":"https:\/\/eltaxi033.com\/sevilla\/blog\/taxi-sevilla-feria-abril\/","title":{"rendered":"C\u00f3mo moverte en taxi en Sevilla para la Feria de Abril sin preocupaciones","gt_translate_keys":[{"key":"rendered","format":"text"}]},"content":{"rendered":"\t\t<div data-elementor-type=\"wp-post\" data-elementor-id=\"1210\" class=\"elementor elementor-1210\" data-elementor-post-type=\"post\">\n\t\t\t\t<div class=\"elementor-element elementor-element-2848ba2 e-flex e-con-boxed e-con e-parent\" data-id=\"2848ba2\" data-element_type=\"container\">\n\t\t\t\t\t<div class=\"e-con-inner\">\n\t\t\t\t<div class=\"elementor-element elementor-element-1ee0b21 elementor-widget elementor-widget-text-editor\" data-id=\"1ee0b21\" data-element_type=\"widget\" data-widget_type=\"text-editor.default\">\n\t\t\t\t<div class=\"elementor-widget-container\">\n\t\t\t\t\t\t\t\t\t<p>Si hay algo que caracteriza a Sevilla en primavera es la\u00a0<strong>Feria de Abril<\/strong>. Luces, casetas, flamenco, rebujito y miles de personas disfrutando del ambientazo. Pero, seamos sinceros, moverse en la ciudad en estos d\u00edas puede ser un aut\u00e9ntico caos. Si no quieres acabar dando vueltas como un trompo buscando d\u00f3nde aparcar o esperando horas un bus,\u00a0<strong>el taxi es tu mejor aliado.\u00a0<\/strong><\/p><p>As\u00ed que, en este blog, te cuento todo lo que necesitas saber para moverte en\u00a0<a href=\"https:\/\/eltaxi033.com\/sevilla\/\"><strong>taxi en Sevilla<\/strong><\/a>\u00a0sin dramas y \u00a1disfrutar a tope de la Feria<\/p>\t\t\t\t\t\t\t\t<\/div>\n\t\t\t\t<\/div>\n\t\t\t\t<div class=\"elementor-element elementor-element-9d4d983 elementor-widget elementor-widget-image\" data-id=\"9d4d983\" data-element_type=\"widget\" data-widget_type=\"image.default\">\n\t\t\t\t<div class=\"elementor-widget-container\">\n\t\t\t\t\t\t\t\t\t\t\t\t\t\t\t<img decoding=\"async\" src=\"https:\/\/lh7-rt.googleusercontent.com\/docsz\/AD_4nXc5D35TC4D-a98yLltZHJxwbZZFwjVNjmHnyRhdkSr9Mgza3QqyOYZ_YUwHc08bcPjiBqsgw8TMZ-T72hZkaHgc3FsouNos3h41mUzjZdQCmJjmAvE4cNflCxyKwzIThm-Ss5XkLg?key=WpeZtpMk1ukrl_bZMC-P6EZd\" title=\"\" alt=\"\" loading=\"lazy\" \/>\t\t\t\t\t\t\t\t\t\t\t\t\t\t\t<\/div>\n\t\t\t\t<\/div>\n\t\t\t\t<div class=\"elementor-element elementor-element-a28887b elementor-widget elementor-widget-text-editor\" data-id=\"a28887b\" data-element_type=\"widget\" data-widget_type=\"text-editor.default\">\n\t\t\t\t<div class=\"elementor-widget-container\">\n\t\t\t\t\t\t\t\t\t<h2 class=\"wp-block-heading\">\u00bfQu\u00e9 es la Feria de Abril?<\/h2><p>Por si a\u00fan no lo sabes (o si necesitas una excusa para convencer a alguien de ir), la Feria de Abril es una de las fiestas m\u00e1s emblem\u00e1ticas de Espa\u00f1a. Se celebra en Sevilla una o dos semanas despu\u00e9s de Semana Santa y convierte la ciudad en un escenario de alegr\u00eda, con casetas, atracciones, paseos de caballos y mucha, pero mucha, fiesta.<\/p><p>Desde por la ma\u00f1ana hasta la madrugada, la gente se viste con sus mejores galas flamencas, se toma unos buenos rebujitos y se entrega al baile y la diversi\u00f3n. Pero ojo, que entre tanto desmadre, moverse de un sitio a otro puede ser una odisea.<\/p>\t\t\t\t\t\t\t\t<\/div>\n\t\t\t\t<\/div>\n\t\t\t\t<div class=\"elementor-element elementor-element-04ae09f elementor-widget elementor-widget-image\" data-id=\"04ae09f\" data-element_type=\"widget\" data-widget_type=\"image.default\">\n\t\t\t\t<div class=\"elementor-widget-container\">\n\t\t\t\t\t\t\t\t\t\t\t\t\t\t\t<img decoding=\"async\" src=\"https:\/\/lh7-rt.googleusercontent.com\/docsz\/AD_4nXdGBdi10nYHw0KwyD8wdZc7Si-ERcCjPaoVE0XvWCTV_WUbfjsYQ1oMpopQ4f59nbLEJuIquc72rHGhCMwJNQ430XoWdi0aptRl6yn3T_ydISpj3yiHSsrWvzyBy40T2j9pftHROQ?key=WpeZtpMk1ukrl_bZMC-P6EZd\" title=\"\" alt=\"\" loading=\"lazy\" \/>\t\t\t\t\t\t\t\t\t\t\t\t\t\t\t<\/div>\n\t\t\t\t<\/div>\n\t\t\t\t<div class=\"elementor-element elementor-element-d8dab80 elementor-widget elementor-widget-text-editor\" data-id=\"d8dab80\" data-element_type=\"widget\" data-widget_type=\"text-editor.default\">\n\t\t\t\t<div class=\"elementor-widget-container\">\n\t\t\t\t\t\t\t\t\t<h2 class=\"wp-block-heading\">5 razones para ir a la Feria de Abril<\/h2><ol class=\"wp-block-list\"><li><strong>El ambiente es insuperable:<\/strong>\u00a0No importa si eres de Sevilla o de fuera, la Feria te envuelve con su magia. \u00a1Es imposible no contagiarse de la energ\u00eda!<\/li><li><strong>Comida y bebida para dar y regalar:<\/strong>\u00a0Si te gusta el jam\u00f3n, el pescado frito y el rebujito, est\u00e1s en el para\u00edso.<\/li><li><strong>Casetas y flamenco:\u00a0<\/strong>Algunas son privadas, pero muchas son p\u00fablicas y abiertas a cualquiera que quiera pasarlo bien.<\/li><li><strong>Atracciones para todos:<\/strong>\u00a0No solo es fiesta y baile, tambi\u00e9n est\u00e1 \u00abCalle del Infierno\u00bb, la zona de atracciones para que te montes en lo que quieras.<\/li><li><strong>La experiencia sevillana definitiva:<\/strong>\u00a0Si quieres conocer la Sevilla m\u00e1s aut\u00e9ntica, la Feria es el momento ideal.<\/li><\/ol><h2 class=\"wp-block-heading\">Opciones de transporte para llegar a la Feria de Abril<\/h2><p>Como era de esperar, la ciudad se llena de gente y moverse no es tan f\u00e1cil. Estas son las opciones de transporte:<\/p><ul class=\"wp-block-list\"><li><strong>Bus:\u00a0<\/strong>Hay l\u00edneas especiales que te dejan en la entrada de la Feria, pero prep\u00e1rate para ir apretado como una sardina.<\/li><li><strong>Metro:<\/strong>\u00a0Te deja en la parada de Blas Infante, a unos 10 minutos andando del recinto ferial.<\/li><li><strong>Coche:\u00a0<\/strong>Mala idea. Encontrar aparcamiento es un milagro, y si lo encuentras, te costar\u00e1 un ri\u00f1\u00f3n.<\/li><li><strong>Taxi Sevilla:\u00a0<\/strong>La opci\u00f3n m\u00e1s c\u00f3moda y r\u00e1pida. Sin preocupaciones, sin caminar kil\u00f3metros y sin peleas por un hueco en el bus.<\/li><\/ul><p>As\u00ed que\u2026 nosotros te recomendamos pedir un taxi, es la manera m\u00e1s c\u00f3moda de poder llegar, m\u00e1s si est\u00e1s yendo en grupo. Estar todos apretados en un bus no es una muy buena idea.\u00a0\u00a0<\/p>\t\t\t\t\t\t\t\t<\/div>\n\t\t\t\t<\/div>\n\t\t\t\t<div class=\"elementor-element elementor-element-e64a075 elementor-widget elementor-widget-image\" data-id=\"e64a075\" data-element_type=\"widget\" data-widget_type=\"image.default\">\n\t\t\t\t<div class=\"elementor-widget-container\">\n\t\t\t\t\t\t\t\t\t\t\t\t\t\t\t<img decoding=\"async\" src=\"https:\/\/lh7-rt.googleusercontent.com\/docsz\/AD_4nXfbZa4ntSWqagF4qGexXCJxb1N53hq4aKdvPBM0xzr0jIDs6ki_y2-JpVe0lgfIbU4IINQcb5bCwO5GVIv7obpos2FmCb-j_boP7Y2UxyK3Oe-xfmbyRWK_K1x1r_eFcBPm-kf0uQ?key=WpeZtpMk1ukrl_bZMC-P6EZd\" title=\"\" alt=\"\" loading=\"lazy\" \/>\t\t\t\t\t\t\t\t\t\t\t\t\t\t\t<\/div>\n\t\t\t\t<\/div>\n\t\t\t\t<div class=\"elementor-element elementor-element-34b4e78 elementor-widget elementor-widget-text-editor\" data-id=\"34b4e78\" data-element_type=\"widget\" data-widget_type=\"text-editor.default\">\n\t\t\t\t<div class=\"elementor-widget-container\">\n\t\t\t\t\t\t\t\t\t<h2 class=\"wp-block-heading\">C\u00f3mo moverte en taxi en la Feria de Abril<\/h2><p>Ahora s\u00ed, hablemos del\u00a0<a href=\"https:\/\/eltaxi033.com\/sevilla\/\"><strong>taxi sevilla<\/strong><\/a>. Es la mejor opci\u00f3n si quieres evitar colas, dolor de pies y la incertidumbre de c\u00f3mo volver a casa despu\u00e9s de una larga noche de fiesta.<\/p><p><strong>\u00bfC\u00f3mo tomar un taxi? Puedes seguir estos pasos:\u00a0<\/strong><\/p><ol class=\"wp-block-list\"><li><strong>Dir\u00edgete a una zona habilitada para taxis:\u00a0<\/strong>En la Feria de Abril hay paradas de taxi designadas. Busca los carteles o pregunta a alg\u00fan local.<\/li><li><strong>Llama a un servicio de taxi:\u00a0<\/strong>Si prefieres asegurarte de que uno venga a por ti, llama a una central como ElTaxi 033 o usa su app para pedirlo.<\/li><li><strong>Evita los taxis sin licencia:<\/strong>\u00a0Aseg\u00farate de que el coche tiene el distintivo oficial y el tax\u00edmetro encendido.<\/li><li><strong>Ten claro tu destino:<\/strong>\u00a0Para agilizar el trayecto, dile al taxista la direcci\u00f3n exacta o una referencia clara.<\/li><li><strong>Paga con el m\u00e9todo que prefieras:\u00a0<\/strong>La mayor\u00eda aceptan efectivo y tarjeta, pero pregunta antes de subir si tienes dudas.\u00a0\u00a0<\/li><\/ol><h2 class=\"wp-block-heading\">ElTaxi 033 te lleva sin problemas a la Feria de Abril de Sevilla<\/h2><p>Si buscas un\u00a0<a href=\"https:\/\/eltaxi033.com\/sevilla\/\"><strong>taxi Sevilla de confianza<\/strong><\/a><strong>,<\/strong>\u00a0ElTaxi 033 es la mejor opci\u00f3n. Tenemos un mont\u00f3n de coches circulando por la ciudad, as\u00ed que siempre encontrar\u00e1s uno cerca. Adem\u00e1s, puedes pedir tu taxi f\u00e1cilmente por tel\u00e9fono o con su app, as\u00ed que olv\u00eddate de hacer se\u00f1as en medio de la calle.<\/p><p>Con nosotros evitas esperas eternas, te aseguras un trayecto c\u00f3modo y, lo mejor de todo, llegas sin problemas a la Feria y de vuelta a casa. As\u00ed que ya sabes, si quieres disfrutar de la Feria de Abril sin estresarte por el transporte, apuesta por un\u00a0<a href=\"https:\/\/eltaxi033.com\/sevilla\/\"><strong>taxi Sevilla<\/strong><\/a>\u00a0y a vivir la fiesta como se debe.<\/p>\t\t\t\t\t\t\t\t<\/div>\n\t\t\t\t<\/div>\n\t\t\t\t<div class=\"elementor-element elementor-element-70b4435 elementor-widget elementor-widget-image\" data-id=\"70b4435\" data-element_type=\"widget\" data-widget_type=\"image.default\">\n\t\t\t\t<div class=\"elementor-widget-container\">\n\t\t\t\t\t\t\t\t\t\t\t\t\t\t\t<img decoding=\"async\" src=\"https:\/\/lh7-rt.googleusercontent.com\/docsz\/AD_4nXcmUGkR7LXSsSqmvLp5k4w75paSJrqgW9IbVKoNXKz7xoPGJ790tQ1LOvha_NvYp_VVzh6HVd7JylNitaaxlCB0vmVk232FtQ6KFkGpAlSF0geFj82jA-Tz9zwkG6XiIfCVWPMf?key=WpeZtpMk1ukrl_bZMC-P6EZd\" title=\"\" alt=\"\" loading=\"lazy\" \/>\t\t\t\t\t\t\t\t\t\t\t\t\t\t\t<\/div>\n\t\t\t\t<\/div>\n\t\t\t\t<div class=\"elementor-element elementor-element-1fc8f1d elementor-widget elementor-widget-text-editor\" data-id=\"1fc8f1d\" data-element_type=\"widget\" data-widget_type=\"text-editor.default\">\n\t\t\t\t<div class=\"elementor-widget-container\">\n\t\t\t\t\t\t\t\t\t<h3 class=\"wp-block-heading\">Nuestros taxis<\/h3><p>Contamos con distintos tipos de taxis para adaptarse a tus necesidades: desde taxis est\u00e1ndar para un viaje c\u00f3modo y r\u00e1pido, hasta veh\u00edculos adaptados para personas con movilidad reducida o taxis grandes para grupos de amigos.\u00a0Ahora que ya tienes claro c\u00f3mo moverte, solo queda una cosa: disfrutar. Ponte el traje de flamenco o de corto, afina tus pasos de sevillanas y prep\u00e1rate para una experiencia inolvidable. Pide tu\u00a0<strong>taxi Sevilla<\/strong>\u00a0con nosotros\u00a0<a href=\"https:\/\/eltaxi033.com\/sevilla\/\">aqu\u00ed<\/a>. \u00a1Nos vemos en la Feria!<\/p>\t\t\t\t\t\t\t\t<\/div>\n\t\t\t\t<\/div>\n\t\t\t\t\t<\/div>\n\t\t\t\t<\/div>\n\t\t\t\t<\/div>\n\t\t","protected":false,"gt_translate_keys":[{"key":"rendered","format":"html"}]},"excerpt":{"rendered":"<p>Si hay algo que caracteriza a Sevilla en primavera es la\u00a0Feria de Abril. Luces, casetas, flamenco, rebujito y miles de personas disfrutando del ambientazo. Pero, seamos sinceros, moverse en la ciudad en estos d\u00edas puede ser un aut\u00e9ntico caos. Si no quieres acabar dando vueltas como un trompo buscando d\u00f3nde aparcar o esperando horas un [&hellip;]<\/p>\n","protected":false,"gt_translate_keys":[{"key":"rendered","format":"html"}]},"author":6,"featured_media":0,"comment_status":"closed","ping_status":"closed","sticky":false,"template":"","format":"standard","meta":{"_joinchat":[],"footnotes":""},"categories":[1],"tags":[],"class_list":["post-1210","post","type-post","status-publish","format-standard","hentry","category-sin-categoria"],"gt_translate_keys":[{"key":"link","format":"url"}],"_links":{"self":[{"href":"https:\/\/eltaxi033.com\/sevilla\/wp-json\/wp\/v2\/posts\/1210","targetHints":{"allow":["GET"]}}],"collection":[{"href":"https:\/\/eltaxi033.com\/sevilla\/wp-json\/wp\/v2\/posts"}],"about":[{"href":"https:\/\/eltaxi033.com\/sevilla\/wp-json\/wp\/v2\/types\/post"}],"author":[{"embeddable":true,"href":"https:\/\/eltaxi033.com\/sevilla\/wp-json\/wp\/v2\/users\/6"}],"replies":[{"embeddable":true,"href":"https:\/\/eltaxi033.com\/sevilla\/wp-json\/wp\/v2\/comments?post=1210"}],"version-history":[{"count":5,"href":"https:\/\/eltaxi033.com\/sevilla\/wp-json\/wp\/v2\/posts\/1210\/revisions"}],"predecessor-version":[{"id":1384,"href":"https:\/\/eltaxi033.com\/sevilla\/wp-json\/wp\/v2\/posts\/1210\/revisions\/1384"}],"wp:attachment":[{"href":"https:\/\/eltaxi033.com\/sevilla\/wp-json\/wp\/v2\/media?parent=1210"}],"wp:term":[{"taxonomy":"category","embeddable":true,"href":"https:\/\/eltaxi033.com\/sevilla\/wp-json\/wp\/v2\/categories?post=1210"},{"taxonomy":"post_tag","embeddable":true,"href":"https:\/\/eltaxi033.com\/sevilla\/wp-json\/wp\/v2\/tags?post=1210"}],"curies":[{"name":"wp","href":"https:\/\/api.w.org\/{rel}","templated":true}]}}