{"id":825,"date":"2026-02-09T15:17:04","date_gmt":"2026-02-09T14:17:04","guid":{"rendered":"https:\/\/eltaxi033.com\/malaga\/?p=825"},"modified":"2026-02-23T09:49:22","modified_gmt":"2026-02-23T08:49:22","slug":"taxis-malaga-cuando-compensa-caminar","status":"publish","type":"post","link":"https:\/\/eltaxi033.com\/malaga\/blog\/taxis-malaga-cuando-compensa-caminar\/","title":{"rendered":"Taxi o paseo en M\u00e1laga: c\u00f3mo decidir seg\u00fan calor, cuestas y distancias reales","gt_translate_keys":[{"key":"rendered","format":"text"}]},"content":{"rendered":"\n<p>En M\u00e1laga, lo de \u201cest\u00e1 al ladito, vamos andando\u201d es el plan perfecto\u2026 hasta que el sol te cae encima, la calle que parec\u00eda plana se convierte en cuesta, y esos \u201c10 minutos\u201d se hacen eternos con la mochila pegada a la espalda. Ah\u00ed es cuando aparece la duda que todos tenemos alguna vez: \u00bfcamino y ya digo que he hecho deporte, o me muevo c\u00f3modo y llego sin sudar? Si hoy est\u00e1s en ese punto, qu\u00e9date: te voy a contar una forma muy sencilla de decidir sin dramatizar, con ejemplos reales de los que vemos cada d\u00eda en ElTaxi 033\u2026 y con la opci\u00f3n de <strong><a href=\"https:\/\/eltaxi033.com\/malaga\/\">taxis M\u00e1laga<\/a><\/strong> solo si de verdad te encaja por tiempo, calor o carga.<\/p>\n\n\n\n<figure class=\"wp-block-image size-large\"><img fetchpriority=\"high\" decoding=\"async\" width=\"1024\" height=\"683\" src=\"https:\/\/eltaxi033.com\/malaga\/wp-content\/uploads\/sites\/7\/2026\/02\/young-woman-posing-wearing-trendy-elegant-feminine-dress-straw-accessories-1024x683.webp\" alt=\"young woman posing wearing trendy elegant feminine dress straw accessories\" class=\"wp-image-826\" srcset=\"https:\/\/eltaxi033.com\/malaga\/wp-content\/uploads\/sites\/7\/2026\/02\/young-woman-posing-wearing-trendy-elegant-feminine-dress-straw-accessories-1024x683.webp 1024w, https:\/\/eltaxi033.com\/malaga\/wp-content\/uploads\/sites\/7\/2026\/02\/young-woman-posing-wearing-trendy-elegant-feminine-dress-straw-accessories-300x200.webp 300w, https:\/\/eltaxi033.com\/malaga\/wp-content\/uploads\/sites\/7\/2026\/02\/young-woman-posing-wearing-trendy-elegant-feminine-dress-straw-accessories-768x512.webp 768w, https:\/\/eltaxi033.com\/malaga\/wp-content\/uploads\/sites\/7\/2026\/02\/young-woman-posing-wearing-trendy-elegant-feminine-dress-straw-accessories-1536x1024.webp 1536w, https:\/\/eltaxi033.com\/malaga\/wp-content\/uploads\/sites\/7\/2026\/02\/young-woman-posing-wearing-trendy-elegant-feminine-dress-straw-accessories-2048x1365.webp 2048w\" sizes=\"(max-width: 1024px) 100vw, 1024px\" \/><\/figure>\n\n\n\n<h2 class=\"wp-block-heading\">El mapa promete, la calle decide<\/h2>\n\n\n\n<p>El mapa es el t\u00edpico amigo optimista: siempre te dice que llegas \u201crapid\u00edsimo\u201d. Pero en la vida real, M\u00e1laga tiene sem\u00e1foros que te paran justo cuando vas con prisa, cruces que te obligan a dar rodeos, y calles donde en hora punta avanzas a velocidad de procesi\u00f3n. Y eso sin contar la micro-p\u00e9rdida de tiempo de mirar el m\u00f3vil, girar mal, volver atr\u00e1s o quedarte dudando en una esquina porque todo se parece.<\/p>\n\n\n\n<p>Lo importante no es la distancia, es la fricci\u00f3n. Caminar 900 metros con sombra y acera amplia no tiene nada que ver con caminar 900 metros al sol, entre terrazas y gente, parando cada dos por tres. La t\u00edpica decisi\u00f3n equivocada nace de una trampa: t\u00fa crees que vas a caminar \u201ccomo siempre\u201d, pero tu ritmo cambia sin avisar cuando el calor aprieta o cuando vas cargado. En esos casos, lo que parec\u00eda un paseo se convierte en una carrera contra el reloj\u2026 y nadie disfruta as\u00ed.<\/p>\n\n\n\n<p>Por eso, cuando lo que quieres es llegar en un tiempo predecible (una reserva, un check-in, una cita, una reuni\u00f3n), conviene pensar en una alternativa clara. Ah\u00ed es cuando mucha gente tira de <strong>taxi en M\u00e1laga<\/strong> porque no se trata de lujo, se trata de control: \u201cllego, bajo, entro\u201d. Sin vueltas. Sin \u201ca ver si cruzan estos\u201d. Sin terminar el trayecto con cara de haber subido una monta\u00f1a.<\/p>\n\n\n\n<p>Nosotros lo notamos mucho con viajeros: llegan con la energ\u00eda justa, creen que \u201clo hacen andando\u201d y a los diez minutos ya est\u00e1n buscando sombra, agua o un sitio para parar. Y ojo, que caminar est\u00e1 genial\u2026 pero caminar por obligaci\u00f3n, con prisa y con calor, no es un paseo: es un castigo con vistas.<\/p>\n\n\n\n<h2 class=\"wp-block-heading\">Calor: el factor que cambia la cuenta<\/h2>\n\n\n\n<p>La temperatura en la app puede decir una cosa, pero el calor real en la calle dice otra. Hay d\u00edas en M\u00e1laga en los que el sol te pega como si alguien te hubiese puesto un foco encima. Y ah\u00ed el cuerpo hace lo suyo: baja el ritmo, sube el cansancio y empiezas a sudar antes de lo que cre\u00edas. Lo curioso es que el calor no solo te \u201cmolesta\u201d, tambi\u00e9n te roba minutos. Caminas m\u00e1s lento, paras m\u00e1s, te desvias buscando sombra y, sin darte cuenta, multiplicas el trayecto.<\/p>\n\n\n\n<p>Piensa en el t\u00edpico plan de verano: sales del apartamento, te vas a comer algo, vuelves, te duchas, sales otra vez\u2026 Si en el primer desplazamiento ya te has dejado media energ\u00eda por decir \u201cbah, voy andando\u201d, el resto del d\u00eda lo pagas. Llegas a la comida sin ganas, te sientas m\u00e1s de la cuenta, te entra el baj\u00f3n, y el plan se vuelve pesado. En cambio, cuando te mueves c\u00f3modo al primer punto y guardas el paseo para el atardecer, todo encaja mejor.<\/p>\n\n\n\n<p>En esos d\u00edas de calor serio, mucha gente opta por el <strong>servicio de taxi en M\u00e1laga<\/strong> simplemente para llegar \u201cnormal\u201d: sin camiseta mojada, sin dolor de cabeza, sin esa sensaci\u00f3n de que el sol te ha vaciado la bater\u00eda. Y lo m\u00e1s importante: decir \u201cme muevo c\u00f3modo\u201d no es rendirse, es jugar inteligente. Porque el calor no te pregunta si eres valiente; el calor te cobra igual.<\/p>\n\n\n\n<figure class=\"wp-block-image size-large\"><img decoding=\"async\" width=\"1024\" height=\"573\" src=\"https:\/\/eltaxi033.com\/malaga\/wp-content\/uploads\/sites\/7\/2025\/09\/turismo-malaga-pernoctaciones-U24325746013PNr-1248x698@abc-1-1024x573.webp\" alt=\"turismo malaga pernoctaciones U24325746013PNr 1248x698@abc (1)\" class=\"wp-image-567\" srcset=\"https:\/\/eltaxi033.com\/malaga\/wp-content\/uploads\/sites\/7\/2025\/09\/turismo-malaga-pernoctaciones-U24325746013PNr-1248x698@abc-1-1024x573.webp 1024w, https:\/\/eltaxi033.com\/malaga\/wp-content\/uploads\/sites\/7\/2025\/09\/turismo-malaga-pernoctaciones-U24325746013PNr-1248x698@abc-1-300x168.webp 300w, https:\/\/eltaxi033.com\/malaga\/wp-content\/uploads\/sites\/7\/2025\/09\/turismo-malaga-pernoctaciones-U24325746013PNr-1248x698@abc-1-768x430.webp 768w, https:\/\/eltaxi033.com\/malaga\/wp-content\/uploads\/sites\/7\/2025\/09\/turismo-malaga-pernoctaciones-U24325746013PNr-1248x698@abc-1.webp 1248w\" sizes=\"(max-width: 1024px) 100vw, 1024px\" \/><\/figure>\n\n\n\n<p>Una imagen muy t\u00edpica: parejas que van arregladas para cenar, salen con tiempo, y hacen el c\u00e1lculo mental de \u201cson 15 minutos andando\u201d. A mitad de camino, se dan cuenta de que el tiempo era el de un d\u00eda templado, no el de un d\u00eda pegajoso. Llegan con prisas y con sudor justo antes de sentarse a comer. Ese es el momento en el que te dices: \u201cvale, la pr\u00f3xima lo pienso mejor\u201d.<\/p>\n\n\n\n<p>Y aqu\u00ed va un detalle pr\u00e1ctico: si el paseo es por ocio, camina cuando te apetezca. Si el paseo es por necesidad (prisa, calor, carga), mu\u00e9vete de forma que el trayecto no sea el peor recuerdo del d\u00eda.<\/p>\n\n\n\n<h2 class=\"wp-block-heading\">Cuestas y desnivel: la energ\u00eda se va volando<\/h2>\n\n\n\n<p>M\u00e1laga tiene zonas muy agradecidas para caminar\u2026 y otras donde el desnivel te pone en tu sitio. Y lo malo de las cuestas es que enga\u00f1an: en el mapa no parecen gran cosa, pero en la calle se sienten como \u201c\u00bfpor qu\u00e9 estoy jadeando?\u201d. Si adem\u00e1s sumas calor, el combo es mortal: sudas el doble y avanzas la mitad.<\/p>\n\n\n\n<p>Aqu\u00ed no hace falta ser atleta para decidir bien. Solo tienes que hacerte una pregunta muy honesta: \u201c\u00bfpodr\u00eda hacer este trayecto sin parar ni una vez?\u201d. Si la respuesta es \u201cuff\u2026\u201d, ya tienes la se\u00f1al. Porque cuando t\u00fa paras, el tiempo se rompe, el ritmo se rompe y el plan empieza a ir a trompicones.<\/p>\n\n\n\n<p>Tambi\u00e9n pasa al rev\u00e9s: las bajadas largas parecen f\u00e1ciles, pero te castigan rodillas y tobillos, sobre todo si vas con maleta o bolsas. Y si llevas el d\u00eda cargado (playa, paseo, cena), cualquier esfuerzo extra se nota. Por eso, en ElTaxi 033 vemos a mucha gente que decide moverse c\u00f3modo para las partes \u201cfeas\u201d del recorrido y luego s\u00ed, caminar en la parte bonita. Eso es lo m\u00e1s sensato: no se trata de no caminar, se trata de no sufrir.<\/p>\n\n\n\n<p>Cuando la cuesta entra en la ecuaci\u00f3n, tambi\u00e9n aparece otro factor: el calzado. Con zapatillas, ok. Con sandalia floja, ya no tanto. Con tacones, directamente es una promesa de dolor. Y una noche de M\u00e1laga no entiende de ampollas: si te destrozas los pies antes de llegar, te has cargado el plan.<\/p>\n\n\n\n<p>En situaciones as\u00ed, la gente suele <strong>pedir taxi en M\u00e1laga<\/strong> no por capricho, sino por evitar el desgaste tonto. Porque el d\u00eda es para disfrutarlo, no para gastar energ\u00eda en un trayecto que ni siquiera quer\u00edas caminar, pero te convenciste porque \u201cparec\u00eda cerca\u201d.<\/p>\n\n\n\n<h2 class=\"wp-block-heading\">Carga extra: maletas, compras y ni\u00f1os<\/h2>\n\n\n\n<p>Caminar cambia radicalmente cuando vas cargado. Una mochila ya te sube la temperatura corporal; una maleta te rompe el ritmo; bolsas de compras te destrozan el brazo; y si encima vas con ni\u00f1os, el trayecto se convierte en negociaci\u00f3n constante. Lo t\u00edpico: al principio todos felices, a los cinco minutos empieza el \u201cme canso\u201d, \u201ctengo sed\u201d, \u201cquiero parar\u201d, y t\u00fa ya est\u00e1s mirando el reloj y pensando en la sombra m\u00e1s cercana.<\/p>\n\n\n\n<p>Con maletas hay una realidad que nadie dice: el trayecto \u201ccorto\u201d se siente el doble de largo. No por los metros, sino por la incomodidad. Bordillos, adoquines, escalones, puertas estrechas, callecitas con gente\u2026 y el brazo que empieza a protestar. Ah\u00ed es cuando un traslado que parec\u00eda asumible se convierte en una mini-odisea.<\/p>\n\n\n\n<p>Por eso hay d\u00edas en los que lo m\u00e1s pr\u00e1ctico es <strong>reservar taxi en M\u00e1laga<\/strong> con un poco de margen, salir tranquilo, cargar una vez y listo. Es un cambio peque\u00f1o que te mejora mucho el d\u00eda, sobre todo si vienes cansado del viaje o si tienes que hacer varios movimientos seguidos. <a href=\"https:\/\/eltaxi033.com\/malaga\/blog\/reserva-taxi-malaga-datos-malentendidos\/\">La informaci\u00f3n es clave al momento de reservar para evitar malentendidos<\/a>. Y si est\u00e1s en un alojamiento donde bajar con las maletas ya es una historia (escaleras, portal estrecho, calle concurrida), la opci\u00f3n de <strong>taxi a domicilio M\u00e1laga<\/strong> te simpl remember: sales, subes, te olvidas.<\/p>\n\n\n\n<p>Con peques, adem\u00e1s, hay un punto clave: el trayecto no deber\u00eda ser el momento de crisis. Si tu d\u00eda depende de que el ni\u00f1o llegue con buen humor, no tiene sentido exprimir un paseo al sol con prisa. Y en casos concretos, detalles como <strong>taxi con silla beb\u00e9 M\u00e1laga<\/strong> no son \u201cextra\u201d, son tranquilidad pura. Porque cuando todo est\u00e1 pensado, el trayecto deja de ser un problema y vuelve a ser una parte m\u00e1s del plan.<\/p>\n\n\n\n<p>Tambi\u00e9n vemos mucho el caso del turista que sale a \u201cdar una vuelta\u201d y termina cargando compras sugerentes: un par de bolsas, una chaqueta, una botella de agua, alg\u00fan recuerdo\u2026 y de repente caminar ya no es libre, es pesado. Si te ha pasado, no eres el \u00fanico: es el cl\u00e1sico \u201cme he venido arriba y ahora vuelvo como un camello\u201d. La decisi\u00f3n inteligente ah\u00ed no es sufrir por orgullo; es volver c\u00f3modo y listo.<\/p>\n\n\n\n<h2 class=\"wp-block-heading\">Horarios, noche y \u201cllego bien o llego roto\u201d<\/h2>\n\n\n\n<p>Cuando vas sin reloj, caminar es un lujo. Cuando vas con horario, caminar es una apuesta. Y lo malo de las apuestas es que, si sale mal, el precio es alto: decir \u201cllego tarde\u201d, entrar acelerado, perder una reserva, correr con la mochila, llegar sin aire. En M\u00e1laga, donde los planes se encadenan (comida, paseo, tardeo, cena), lo mejor es proteger los momentos importantes.<\/p>\n\n\n\n<p>La noche, adem\u00e1s, cambia el escenario. No por alarmismo: por sentido pr\u00e1ctico. De noche hay m\u00e1s gente, hay m\u00e1s ruido, te orientas peor si no conoces y te apetece menos \u201cdar vueltas\u201d. Y si sales de fiesta o de una cena larga, tu paciencia es menor. Ah\u00ed el trayecto ideal es el que no te pide esfuerzo mental: \u201csalgo, subo, llego\u201d. Cuando te apetece terminar el d\u00eda con calma, tener a mano <strong>taxi 24 horas en M\u00e1laga<\/strong> es como tener un bot\u00f3n de \u201cno me complico\u201d.<\/p>\n\n\n\n<p>Tambi\u00e9n hay casos donde la decisi\u00f3n no es solo comodidad, es accesibilidad. Si viajas con una persona con movilidad reducida, o si t\u00fa mismo tienes un d\u00eda malo de rodilla\/espalda, caminar se vuelve un problema muy r\u00e1pido. Y ah\u00ed entra una opci\u00f3n que marca la diferencia: <strong>taxi adaptado M\u00e1laga<\/strong>. No por \u201cser especial\u201d, sino por permitir que el plan sea normal, decir: \u201cvamos, hacemos lo que quer\u00edamos hacer, sin que el trayecto nos limite\u201d.<\/p>\n\n\n\n<p>Y el dinero\u2026 claro, el dinero importa. Pero conviene medir el coste real: no solo euros, tambi\u00e9n tiempo y energ\u00eda. A veces el ahorro de caminar sale caro en cansancio. Y a veces moverte c\u00f3modo te permite hacer m\u00e1s cosas, disfrutar m\u00e1s y llegar mejor. Por eso muchas decisiones se vuelven m\u00e1s f\u00e1ciles cuando entiendes la <strong>tarifa taxi M\u00e1laga<\/strong> como parte de tu plan del d\u00eda, no como un gasto aislado. Igual que pagas una botella de agua cuando hace calor: no es un lujo, es una necesidad para que el d\u00eda funcione.<\/p>\n\n\n\n<p>En ElTaxi 033 lo vemos clar\u00edsimo: quien llega con calma, disfruta m\u00e1s. Quien llega reventado, se queda a medias. Y M\u00e1laga est\u00e1 para disfrutarla entera, no a ratos.<\/p>\n\n\n\n<h2 class=\"wp-block-heading\">C\u00f3mo decidir sin darle mil vueltas<\/h2>\n\n\n\n<p>Lo que funciona de verdad es una decisi\u00f3n simple, casi autom\u00e1tica, que no te haga pensar demasiado. Cuando est\u00e1s en la puerta, con el m\u00f3vil en la mano, hazte esta pregunta: \u201c\u00bfquiero caminar por placer o por obligaci\u00f3n?\u201d. Si es por placer, adelante. Si es por obligaci\u00f3n (calor, carga, prisa, cuestas), busca una soluci\u00f3n que te quite el peso del trayecto.<\/p>\n\n\n\n<p>Hay una estrategia que nos encanta porque es la m\u00e1s org\u00e1nica: combinar. M\u00e1laga se disfruta mucho caminando, pero no hace falta caminar todo. Puedes moverte c\u00f3modo hasta un punto bonito y ah\u00ed s\u00ed, pasear sin prisa, con sombra, con ganas. Esto es especialmente \u00fatil si vienes de viaje o si tienes un d\u00eda con planes largos. Caminar se disfruta cuando eliges el paseo, no cuando el paseo te elige a ti.<\/p>\n\n\n\n<p>Otra idea pr\u00e1ctica, muy de calle: si est\u00e1s en una zona donde \u201cpasa de todo\u201d y no quieres complicarte, plantarte en un punto claro y tirar de <strong>taxi cerca de m\u00ed en M\u00e1laga<\/strong> suele ser la forma m\u00e1s r\u00e1pida de salir del l\u00edo sin perder tiempo. No es un truco tecnol\u00f3gico ni nada raro: es simplemente colocarte donde sea f\u00e1cil recogerte y ya. Menos vueltas, menos estr\u00e9s, m\u00e1s fluidez.<\/p>\n\n\n\n<p>Y si lo tuyo es afinar y entender por qu\u00e9 a veces un trayecto \u201cparece barato\u201d y luego no lo es tanto (o al rev\u00e9s), te recomiendo leer nuestro art\u00edculo sobre <strong>c\u00f3mo calcular el precio de un traslado al aeropuerto sin sustos<\/strong>. Dir\u00eda que es de esos textos que te dejan con la sensaci\u00f3n de \u201cvale, ahora s\u00ed entiendo c\u00f3mo decidir\u201d.<\/p>\n\n\n\n<figure class=\"wp-block-image size-large\"><img decoding=\"async\" width=\"1024\" height=\"546\" src=\"https:\/\/eltaxi033.com\/malaga\/wp-content\/uploads\/sites\/7\/2025\/10\/taxi-rank-velez-malaga-1-1500x800-1-1024x546.webp\" alt=\"taxi rank velez malaga 1 1500x800\" class=\"wp-image-618\" srcset=\"https:\/\/eltaxi033.com\/malaga\/wp-content\/uploads\/sites\/7\/2025\/10\/taxi-rank-velez-malaga-1-1500x800-1-1024x546.webp 1024w, https:\/\/eltaxi033.com\/malaga\/wp-content\/uploads\/sites\/7\/2025\/10\/taxi-rank-velez-malaga-1-1500x800-1-300x160.webp 300w, https:\/\/eltaxi033.com\/malaga\/wp-content\/uploads\/sites\/7\/2025\/10\/taxi-rank-velez-malaga-1-1500x800-1-768x410.webp 768w, https:\/\/eltaxi033.com\/malaga\/wp-content\/uploads\/sites\/7\/2025\/10\/taxi-rank-velez-malaga-1-1500x800-1.webp 1500w\" sizes=\"(max-width: 1024px) 100vw, 1024px\" \/><\/figure>\n\n\n\n<p>Al final, esto va de algo muy humano: llegar como quieres llegar. Hay d\u00edas de paseo y d\u00edas de \u201cquiero ir c\u00f3modo\u201d. Hay momentos para caminar con calma y momentos para proteger tu energ\u00eda. Y la decisi\u00f3n buena no es la que te hace sentir m\u00e1s valiente; es la que hace que el d\u00eda salga redondo. Si t\u00fa llegas bien, M\u00e1laga se disfruta el doble.<\/p>\n\n\n\n<h2 class=\"wp-block-heading\">Preguntas frecuentes<\/h2>\n\n\n\n<h3 class=\"wp-block-heading\"><strong>1) \u00bfC\u00f3mo s\u00e9 si el mapa est\u00e1 \u201cmintiendo\u201d con el tiempo andando?<\/strong><\/h3>\n\n\n\n<p>Si no conoces la zona, hace calor o hay mucha gente, suma margen. Sem\u00e1foros, rodeos y paradas para orientarte siempre alargan el trayecto.<\/p>\n\n\n\n<h3 class=\"wp-block-heading\"><strong>2) \u00bfCu\u00e1ndo compensa m\u00e1s moverse en coche en lugar de caminar?<\/strong><\/h3>\n\n\n\n<p>Cuando hay prisa, cuestas, maletas o el calor aprieta. Si quieres llegar fresco (cena, reuni\u00f3n, check-in), suele ser la mejor decisi\u00f3n.<\/p>\n\n\n\n<h3 class=\"wp-block-heading\"><strong>3) \u00bfEs mejor reservar con antelaci\u00f3n o pedir en el momento?<\/strong><\/h3>\n\n\n\n<p>Si tienes una hora fija (tren, vuelo, reserva), mejor reservar. Si vas improvisando, pedir en el momento funciona bien, pero deja un margen.<\/p>\n\n\n\n<h3 class=\"wp-block-heading\"><strong>4) \u00bfQu\u00e9 hago si viajo con ni\u00f1os o con carrito?<\/strong><\/h3>\n\n\n\n<p>Planifica para evitar caminatas largas al sol. Si el trayecto es inc\u00f3modo, prioriza comodidad y seguridad; y si hace falta, solicita silla infantil.<\/p>\n\n\n\n<h3 class=\"wp-block-heading\"><strong>5) \u00bfHay opciones para accesibilidad o grupos?<\/strong><\/h3>\n\n\n\n<p>S\u00ed: puedes solicitar veh\u00edculo adaptado si lo necesitas, o un coche m\u00e1s amplio para ir con varias personas y equipaje (ideal para planes en grupo).<\/p>\n\n\n\n<script type=\"application\/ld+json\">\n{\n  \"@context\": \"https:\/\/schema.org\",\n  \"@type\": \"FAQPage\",\n  \"mainEntity\": [\n    {\n      \"@type\": \"Question\",\n      \"name\": \"\u00bfC\u00f3mo s\u00e9 si el mapa est\u00e1 \u201cmintiendo\u201d con el tiempo andando?\",\n      \"acceptedAnswer\": {\n        \"@type\": \"Answer\",\n        \"text\": \"Si no conoces la zona, hace calor o hay mucha gente, suma margen. Sem\u00e1foros, rodeos y paradas para orientarte suelen alargar el trayecto.\"\n      }\n    },\n    {\n      \"@type\": \"Question\",\n      \"name\": \"\u00bfCu\u00e1ndo compensa m\u00e1s moverse en coche en lugar de caminar?\",\n      \"acceptedAnswer\": {\n        \"@type\": \"Answer\",\n        \"text\": \"Cuando hay prisa, cuestas, maletas o el calor aprieta. Si quieres llegar fresco (cena, reuni\u00f3n, check-in), suele ser la mejor decisi\u00f3n.\"\n      }\n    },\n    {\n      \"@type\": \"Question\",\n      \"name\": \"\u00bfEs mejor reservar con antelaci\u00f3n o pedir en el momento?\",\n      \"acceptedAnswer\": {\n        \"@type\": \"Answer\",\n        \"text\": \"Si tienes una hora fija (tren, vuelo, reserva), mejor reservar. Si vas improvisando, pedir en el momento funciona bien, pero deja un margen.\"\n      }\n    },\n    {\n      \"@type\": \"Question\",\n      \"name\": \"\u00bfQu\u00e9 hago si viajo con ni\u00f1os o con carrito?\",\n      \"acceptedAnswer\": {\n        \"@type\": \"Answer\",\n        \"text\": \"Planifica para evitar caminatas largas al sol. Si el trayecto es inc\u00f3modo, prioriza comodidad y seguridad; y si hace falta, solicita silla infantil.\"\n      }\n    },\n    {\n      \"@type\": \"Question\",\n      \"name\": \"\u00bfHay opciones para accesibilidad o grupos?\",\n      \"acceptedAnswer\": {\n        \"@type\": \"Answer\",\n        \"text\": \"S\u00ed: puedes solicitar veh\u00edculo adaptado si lo necesitas, o un coche m\u00e1s amplio para ir con varias personas y equipaje, ideal para planes en grupo.\"\n      }\n    }\n  ]\n}\n<\/script>\n\n","protected":false,"gt_translate_keys":[{"key":"rendered","format":"html"}]},"excerpt":{"rendered":"<p>En M\u00e1laga, lo de \u201cest\u00e1 al ladito, vamos andando\u201d es el plan perfecto\u2026 hasta que el sol te cae encima, la calle que parec\u00eda plana se convierte en cuesta, y esos \u201c10 minutos\u201d se hacen eternos con la mochila pegada a la espalda. Ah\u00ed es cuando aparece la duda que todos tenemos alguna vez: \u00bfcamino [&hellip;]<\/p>\n","protected":false,"gt_translate_keys":[{"key":"rendered","format":"html"}]},"author":3,"featured_media":826,"comment_status":"closed","ping_status":"open","sticky":false,"template":"","format":"standard","meta":{"_joinchat":[],"footnotes":""},"categories":[1],"tags":[],"class_list":["post-825","post","type-post","status-publish","format-standard","has-post-thumbnail","hentry","category-sin-categoria"],"gt_translate_keys":[{"key":"link","format":"url"}],"_links":{"self":[{"href":"https:\/\/eltaxi033.com\/malaga\/wp-json\/wp\/v2\/posts\/825","targetHints":{"allow":["GET"]}}],"collection":[{"href":"https:\/\/eltaxi033.com\/malaga\/wp-json\/wp\/v2\/posts"}],"about":[{"href":"https:\/\/eltaxi033.com\/malaga\/wp-json\/wp\/v2\/types\/post"}],"author":[{"embeddable":true,"href":"https:\/\/eltaxi033.com\/malaga\/wp-json\/wp\/v2\/users\/3"}],"replies":[{"embeddable":true,"href":"https:\/\/eltaxi033.com\/malaga\/wp-json\/wp\/v2\/comments?post=825"}],"version-history":[{"count":1,"href":"https:\/\/eltaxi033.com\/malaga\/wp-json\/wp\/v2\/posts\/825\/revisions"}],"predecessor-version":[{"id":827,"href":"https:\/\/eltaxi033.com\/malaga\/wp-json\/wp\/v2\/posts\/825\/revisions\/827"}],"wp:featuredmedia":[{"embeddable":true,"href":"https:\/\/eltaxi033.com\/malaga\/wp-json\/wp\/v2\/media\/826"}],"wp:attachment":[{"href":"https:\/\/eltaxi033.com\/malaga\/wp-json\/wp\/v2\/media?parent=825"}],"wp:term":[{"taxonomy":"category","embeddable":true,"href":"https:\/\/eltaxi033.com\/malaga\/wp-json\/wp\/v2\/categories?post=825"},{"taxonomy":"post_tag","embeddable":true,"href":"https:\/\/eltaxi033.com\/malaga\/wp-json\/wp\/v2\/tags?post=825"}],"curies":[{"name":"wp","href":"https:\/\/api.w.org\/{rel}","templated":true}]}}