{"id":819,"date":"2026-02-05T17:13:30","date_gmt":"2026-02-05T16:13:30","guid":{"rendered":"https:\/\/eltaxi033.com\/malaga\/?p=819"},"modified":"2026-02-23T09:49:23","modified_gmt":"2026-02-23T08:49:23","slug":"taxi-benalmadena-malaga-verano","status":"publish","type":"post","link":"https:\/\/eltaxi033.com\/malaga\/blog\/taxi-benalmadena-malaga-verano\/","title":{"rendered":"Moverse por Benalm\u00e1dena en verano sin quedarte tirado","gt_translate_keys":[{"key":"rendered","format":"text"}]},"content":{"rendered":"\n<p>En Benalm\u00e1dena, el verano es esa mezcla perfecta entre \u201cqu\u00e9 gusto vivir aqu\u00ed\u201d y \u201cmadre m\u00eda, qu\u00e9 cantidad de gente\u201d \ud83d\ude05. Playas llenas, terrazas con ambiente, familias estrenando vacaciones, parejas con ganas de paseo y grupos que salen tarde y vuelven m\u00e1s tarde todav\u00eda. Y claro, en medio de todo eso, moverse puede ser facil\u00edsimo\u2026 o un peque\u00f1o caos si lo dejas para el \u00faltimo minuto. Desde ElTaxi 033 lo vemos a diario cuando sube la temperatura: trayectos que en temporada baja son un suspiro, en julio o agosto se alargan por tr\u00e1fico, por calles con m\u00e1s movimiento o simplemente porque todo el mundo decide salir a la vez. Si t\u00fa lo que quieres es no quedarte tirado, la clave no es \u201ctener suerte\u201d, sino entender c\u00f3mo se mueve Benalm\u00e1dena en verano y tomar dos decisiones inteligentes antes de pedir el viaje. Y s\u00ed: si est\u00e1s buscando <strong><a href=\"https:\/\/eltaxi033.com\/malaga\/\">taxi Benalmadena M\u00e1laga<\/a><\/strong>, aqu\u00ed tienes una gu\u00eda pensada para la vida real, con trucos sencillos y sin complicarte.<\/p>\n\n\n\n<figure class=\"wp-block-image size-large\"><img fetchpriority=\"high\" decoding=\"async\" width=\"1024\" height=\"683\" src=\"https:\/\/eltaxi033.com\/malaga\/wp-content\/uploads\/sites\/7\/2026\/02\/portrait-beautiful-young-asian-woman-happy-smile-relax-around-tropical-beach-sea-ocean-1024x683.webp\" alt=\"portrait beautiful young asian woman happy smile relax around tropical beach sea ocean\" class=\"wp-image-820\" srcset=\"https:\/\/eltaxi033.com\/malaga\/wp-content\/uploads\/sites\/7\/2026\/02\/portrait-beautiful-young-asian-woman-happy-smile-relax-around-tropical-beach-sea-ocean-1024x683.webp 1024w, https:\/\/eltaxi033.com\/malaga\/wp-content\/uploads\/sites\/7\/2026\/02\/portrait-beautiful-young-asian-woman-happy-smile-relax-around-tropical-beach-sea-ocean-300x200.webp 300w, https:\/\/eltaxi033.com\/malaga\/wp-content\/uploads\/sites\/7\/2026\/02\/portrait-beautiful-young-asian-woman-happy-smile-relax-around-tropical-beach-sea-ocean-768x512.webp 768w, https:\/\/eltaxi033.com\/malaga\/wp-content\/uploads\/sites\/7\/2026\/02\/portrait-beautiful-young-asian-woman-happy-smile-relax-around-tropical-beach-sea-ocean-1536x1024.webp 1536w, https:\/\/eltaxi033.com\/malaga\/wp-content\/uploads\/sites\/7\/2026\/02\/portrait-beautiful-young-asian-woman-happy-smile-relax-around-tropical-beach-sea-ocean-2048x1365.webp 2048w\" sizes=\"(max-width: 1024px) 100vw, 1024px\" \/><\/figure>\n\n\n\n<h2 class=\"wp-block-heading\">El verano cambia la ciudad (y se nota m\u00e1s de lo que parece)<\/h2>\n\n\n\n<p>Lo primero que hay que asumir es que Benalm\u00e1dena no funciona igual en agosto que en marzo. Suena obvio, pero mucha gente llega con el chip de \u201cson 4 km, en 10 minutos estoy\u201d. Y en un mapa\u2026 puede ser. Pero en verano mandan otras cosas: rotondas con cola, accesos a playa llenos, coches buscando aparcar donde ya no cabe nada, y ese goteo constante de gente entrando y saliendo de hoteles y apartamentos. A eso s\u00famale el calor, que hace que la gente evite caminar y <a href=\"https:\/\/eltaxi033.com\/malaga\/blog\/nerja-malaga-taxi-moverte-sin-coche\/\">no tiene que depender del coche<\/a> aunque sea una distancia corta. Resultado: sube la demanda justo en momentos muy concretos, y esos momentos aparecen como una ola.<\/p>\n\n\n\n<p>Aqu\u00ed es donde nosotros notamos el patr\u00f3n cada temporada: a media ma\u00f1ana empiezan los movimientos de \u201cvamos a la playa\u201d o \u201cvamos a comprar algo\u201d, por la tarde est\u00e1 el regreso con duchas expr\u00e9s y cambios de plan, y por la noche se junta todo el mundo para cenas, paseos y ambiente. No es que sea imposible moverse, ni mucho menos; es que hay que mover ficha con un poco de cabeza. Si t\u00fa te organizas, el trayecto sale fluido. Si improvisas en el peor momento, te comes esperas, b\u00fasquedas y el t\u00edpico \u201c\u00bfd\u00f3nde est\u00e1s?\u201d que no le apetece a nadie.<\/p>\n\n\n\n<h2 class=\"wp-block-heading\">D\u00f3nde se suele concentrar el l\u00edo y por qu\u00e9 conviene elegir bien el punto<\/h2>\n\n\n\n<p>Benalm\u00e1dena tiene zonas que en verano se ponen muy intensas, sobre todo cuando coincide la hora \u201cde salir\u201d con la hora \u201cde volver\u201d. Puerto Marina es un ejemplo clar\u00edsimo: es precioso, tiene vida a cualquier hora, y precisamente por eso hay much\u00edsimo movimiento. Entre coches entrando, gente cruzando, paradas r\u00e1pidas y calles con tr\u00e1fico lento, pedir un coche justo en el coraz\u00f3n del l\u00edo puede complicarte la recogida. \u00bfSoluci\u00f3n? No es magia, es estrategia: elegir un punto de recogida claro, accesible y que no obligue a parar en doble fila. A veces la diferencia entre esperar 2 minutos y esperar 12 es caminar 200 metros a una calle paralela donde se pueda parar con normalidad.<\/p>\n\n\n\n<p>Otro punto muy habitual es Arroyo de la Miel. Aqu\u00ed se mezcla vida local con turistas, comercios, conexiones y mucho movimiento a pie. Tambi\u00e9n es una zona donde, si das una referencia imprecisa, es f\u00e1cil perder tiempo. Por eso siempre recomendamos concretar bien: \u201centrada principal del hotel\u201d, \u201cen el portal X\u201d, \u201cen la esquina de tal calle\u201d. En verano, la precisi\u00f3n no es capricho, es eficiencia.<\/p>\n\n\n\n<p>Y luego est\u00e1 el paseo mar\u00edtimo, que es uno de esos lugares donde la gente dice \u201cme recojo aqu\u00ed mismo\u201d porque suena c\u00f3modo\u2026 hasta que se da cuenta de que parar ah\u00ed es una locura. En esas zonas, un truco que funciona es buscar una salida natural: un acceso a hotel, una calle de servicio, una zona donde no haya tanta aglomeraci\u00f3n. No se trata de caminar mucho; se trata de elegir un sitio donde el trayecto pueda arrancar sin retrasos.<\/p>\n\n\n\n<h2 class=\"wp-block-heading\">El error t\u00edpico: confiar en la distancia y olvidarse del tiempo<\/h2>\n\n\n\n<p>Hay algo que se repite cada verano: alguien calcula el trayecto por kil\u00f3metros, no por minutos. Y en una ciudad tur\u00edstica eso es un problema, porque el tiempo real depende de c\u00f3mo est\u00e9 la calle en ese momento, no de lo que diga el mapa. Un ejemplo cl\u00e1sico: \u201cvamos a cenar a las 21:30, pedimos a las 21:15 y llegamos\u201d. En temporada baja puede colar. En agosto, es jugar con fuego. Porque de 21:00 a 22:00 es cuando mucha gente se mueve a la vez, y ah\u00ed cualquier mini atasco se nota.<\/p>\n\n\n\n<p>Lo bueno es que esto se arregla con una idea muy simple: a\u00f1adir margen. No estamos hablando de una hora, ni de complicarte la vida. Hablamos de 10\u201315 minutos extra cuando hay un plan con hora fija. Ese margen te cambia el humor del trayecto por completo. Vas relajado, no con prisa. Y adem\u00e1s te da margen para peque\u00f1as cosas reales: que el ni\u00f1o quiera ir al ba\u00f1o, que falte una mochila, que haya m\u00e1s tr\u00e1fico del normal o que te hayas colocado en un punto donde parar sea dif\u00edcil.<\/p>\n\n\n\n<h2 class=\"wp-block-heading\">La recogida lo es todo: lo que dices (y c\u00f3mo lo dices) importa<\/h2>\n\n\n\n<p>En verano, \u201cestoy por aqu\u00ed\u201d es una frase peligrosa \ud83d\ude04. Porque \u201cpor aqu\u00ed\u201d puede ser una manzana llena de gente, varias entradas parecidas o una zona donde no se puede parar. Lo ideal es que la recogida sea clara, directa y sin interpretaciones. Nombre del hotel, entrada principal, n\u00famero, esquina, una referencia espec\u00edfica. Si est\u00e1s en una urbanizaci\u00f3n o un complejo grande, indicar el acceso correcto evita el cl\u00e1sico paseo in\u00fatil.<\/p>\n\n\n\n<p>Aqu\u00ed tambi\u00e9n entra un factor pr\u00e1ctico: la comunicaci\u00f3n. Mucha gente busca un contacto r\u00e1pido, y tiene sentido. Por eso aparecen b\u00fasquedas como <strong>tel\u00e9fono taxi Benalm\u00e1dena M\u00e1laga<\/strong>: el objetivo real es coordinar bien la recogida, sin tener que estar adivinando. Y cuando el punto est\u00e1 claro, el servicio se vuelve lo que deber\u00eda ser: simple. Llegar, subir y listo.<\/p>\n\n\n\n<p>Otra cosa que ayuda much\u00edsimo es no ponerse en el lugar m\u00e1s complicado \u201cporque estoy aqu\u00ed mismo\u201d. Si est\u00e1s justo en un tramo donde no se puede parar, es mejor moverte unos metros. Es un cambio peque\u00f1o para ti y un cambio enorme para el tiempo total del trayecto. Y al final, si est\u00e1s en verano, lo que quieres es evitar ese rato tonto de calor esperando sin saber si es \u201caqu\u00ed o all\u00ed\u201d.<\/p>\n\n\n\n<h2 class=\"wp-block-heading\">Reservar o pedir al momento: la diferencia se nota en d\u00edas fuertes<\/h2>\n\n\n\n<p>Benalm\u00e1dena tiene momentos tranquilos en verano, s\u00ed, pero tambi\u00e9n tiene momentos en los que la demanda se dispara. La noche, los fines de semana, los d\u00edas de eventos, los cambios de turno de hoteles\u2026 Si tu plan es importante o tiene hora fija, reservar es como ponerte el cintur\u00f3n: no piensas en ello hasta que lo necesitas, pero cuando lo llevas, vas tranquilo.<\/p>\n\n\n\n<p>La reserva no es solo para trayectos \u201clargos\u201d. A veces lo m\u00e1s cr\u00edtico es un trayecto corto con hora fija, porque es justo el que parece f\u00e1cil y luego se complica. Y si te pasa, la sensaci\u00f3n es horrible: \u201csi est\u00e1 aqu\u00ed al lado, \u00bfc\u00f3mo vamos tarde?\u201d. Por eso, en verano, reservar no es exagerado: es pr\u00e1ctico.<\/p>\n\n\n\n<p>Si prefieres dejarlo hecho sin liarte, lo tienes f\u00e1cil: puedes <strong>reservar taxi Benalm\u00e1dena M\u00e1laga online<\/strong> y as\u00ed te quitas la incertidumbre en esas franjas donde todo se llena. Lo bueno de hacerlo con tiempo es que t\u00fa te centras en tu plan, no en \u201ca ver si encuentro uno\u201d.<\/p>\n\n\n\n<h2 class=\"wp-block-heading\">Maletas, check-in y check-out: cuando el viaje se convierte en \u201cmodo log\u00edstica\u201d<\/h2>\n\n\n\n<p>Aqu\u00ed entramos en el terreno de la vida real. Porque una cosa es moverse con una mochila, y otra es salir de un apartamento con dos maletas grandes, carrito, bolsas de playa y un ni\u00f1o con sue\u00f1o. En verano esto pasa a diario. Y es justo en esos momentos cuando m\u00e1s te interesa que todo sea fluido y sin improvisaciones.<\/p>\n\n\n\n<p>Si vas con equipaje, lo que m\u00e1s ayuda es anticiparlo y elegir bien el punto de recogida. A nosotros nos piden mucho <strong>taxi Benalm\u00e1dena M\u00e1laga con maletas<\/strong>, y la diferencia entre un trayecto c\u00f3modo y uno estresante suele estar en un detalle: estar listo cuando llega el coche y salir desde un punto donde se pueda parar sin bloquear. Si el alojamiento tiene una entrada clara, perfecto. Si no, elegir una zona cercana donde se pueda parar sin l\u00edo lo arregla.<\/p>\n\n\n\n<p>Y luego est\u00e1 el factor tiempo: los check-out suelen concentrarse en franjas parecidas, igual que los check-in. Eso significa que hay momentos donde se junta mucha gente movi\u00e9ndose con equipaje. Si t\u00fa puedes evitar el \u00faltimo minuto, ganas much\u00edsimo. No solo por disponibilidad, sino porque te quitas el estr\u00e9s de \u201ccorre que no llegamos\u201d.<\/p>\n\n\n\n<h2 class=\"wp-block-heading\">Familias y ni\u00f1os: cuando la comodidad es parte del plan<\/h2>\n\n\n\n<p>Benalm\u00e1dena en verano est\u00e1 llena de familias, y es l\u00f3gico: playa, paseos, helados y planes que gustan a todos. Pero cuando te mueves con ni\u00f1os, el trayecto tiene otras prioridades. No quieres caminar media hora con el sol pegando, ni quieres improvisar una vuelta larga cuando el peque est\u00e1 cansado. Y si necesitas una silla infantil, mejor decirlo con antelaci\u00f3n.<\/p>\n\n\n\n<p>Por eso existe la opci\u00f3n de <strong>taxi Benalm\u00e1dena M\u00e1laga con silla infantil<\/strong>: es una manera de hacer el viaje m\u00e1s seguro y m\u00e1s f\u00e1cil. Aqu\u00ed no estamos hablando de \u201cextra\u201d, sino de sentido com\u00fan. Lo mismo si viajas con alguien mayor o con movilidad reducida. Cuando hace falta adaptaci\u00f3n, lo ideal es planificarlo un poco antes para que el viaje sea c\u00f3modo desde el minuto uno. En ese caso, pedir un <strong>taxi adaptado Benalm\u00e1dena M\u00e1laga<\/strong> con tiempo te evita complicaciones, porque no est\u00e1s improvisando algo que deber\u00eda estar bien resuelto.<\/p>\n\n\n\n<figure class=\"wp-block-image size-large\"><img decoding=\"async\" width=\"1024\" height=\"683\" src=\"https:\/\/eltaxi033.com\/malaga\/wp-content\/uploads\/sites\/7\/2025\/11\/paisaje-de-carretera-1024x683.jpg\" alt=\"paisaje de carretera\" class=\"wp-image-687\" srcset=\"https:\/\/eltaxi033.com\/malaga\/wp-content\/uploads\/sites\/7\/2025\/11\/paisaje-de-carretera-1024x683.jpg 1024w, https:\/\/eltaxi033.com\/malaga\/wp-content\/uploads\/sites\/7\/2025\/11\/paisaje-de-carretera-300x200.jpg 300w, https:\/\/eltaxi033.com\/malaga\/wp-content\/uploads\/sites\/7\/2025\/11\/paisaje-de-carretera-768x512.jpg 768w, https:\/\/eltaxi033.com\/malaga\/wp-content\/uploads\/sites\/7\/2025\/11\/paisaje-de-carretera-1536x1024.jpg 1536w, https:\/\/eltaxi033.com\/malaga\/wp-content\/uploads\/sites\/7\/2025\/11\/paisaje-de-carretera-2048x1365.jpg 2048w\" sizes=\"(max-width: 1024px) 100vw, 1024px\" \/><figcaption class=\"wp-element-caption\">paisaje de carretera<\/figcaption><\/figure>\n\n\n\n<p>En verano, lo que la gente valora no es solo llegar; es llegar sin desgaste. Y con ni\u00f1os eso se nota el doble. El trayecto es parte del d\u00eda: si el desplazamiento es c\u00f3modo, el plan empieza mejor.<\/p>\n\n\n\n<h2 class=\"wp-block-heading\">Planes nocturnos: el momento en que m\u00e1s gente se queda \u201ca la espera\u201d<\/h2>\n\n\n\n<p>La noche en Benalm\u00e1dena tiene esa vibra de \u201cvamos a dar una vuelta\u201d que termina en cena, luego terraza, luego \u201cotra m\u00e1s\u201d y, cuando te das cuenta, est\u00e1s pensando en volver con calor y cansancio. Y ah\u00ed ocurre lo t\u00edpico: a ciertas horas, todo el mundo decide volver a la vez. Y si adem\u00e1s est\u00e1s en una zona con mucho ambiente, la recogida se vuelve m\u00e1s delicada.<\/p>\n\n\n\n<p>Aqu\u00ed el consejo es m\u00e1s simple de lo que parece: cuando sientas que tu plan est\u00e1 terminando, no esperes a estar fuera con todo el mundo. Antic\u00edpate un poquito. Porque el tiempo que te ahorras no es solo \u201cespera\u201d, es tambi\u00e9n la sensaci\u00f3n de caos. Adem\u00e1s, si vas en grupo, acordar un punto claro evita el cl\u00e1sico \u201cyo estoy en la esquina\u201d y el otro \u201cyo tambi\u00e9n\u201d pero en esquinas distintas.<\/p>\n\n\n\n<p>En este contexto es cuando m\u00e1s sentido tiene un <strong>taxi Benalm\u00e1dena M\u00e1laga nocturno<\/strong>: volver a casa sin historias, sin caminar de m\u00e1s y sin meterte en l\u00edos. Al final, cuando est\u00e1s cansado, lo que quieres es una soluci\u00f3n sencilla. Y si la recogida est\u00e1 bien planteada, lo es.<\/p>\n\n\n\n<h2 class=\"wp-block-heading\">El tema del precio: lo que cambia en verano y por qu\u00e9<\/h2>\n\n\n\n<p>En verano, el coste de un trayecto puede variar por un motivo muy b\u00e1sico: el tiempo. Si hay tr\u00e1fico, el recorrido se alarga. No siempre es una diferencia enorme, pero puede notarse, sobre todo en franjas con mucha congesti\u00f3n. Por eso mucha gente pregunta por <strong>precio taxi Benalm\u00e1dena M\u00e1laga<\/strong>: quiere saber si le va a salir \u201cnormal\u201d o si hay alg\u00fan susto.<\/p>\n\n\n\n<p>Aqu\u00ed lo m\u00e1s razonable es tener expectativas realistas. Si sales en una franja tranquila, el viaje suele ser m\u00e1s directo. Si sales justo cuando media ciudad se mueve, el trayecto puede tardar m\u00e1s. El truco para no comerte la cabeza es pensar en el objetivo: llegar bien, a tiempo y sin estr\u00e9s. Muchas veces el verdadero \u201cahorro\u201d est\u00e1 en no perder una reserva, no llegar tarde a un plan o no tener que andar 25 minutos con el calor.<\/p>\n\n\n\n<p>Y como consejo pr\u00e1ctico, si tu plan es importante, prioriza margen y reserva. En verano, esa combinaci\u00f3n te quita la parte fea del d\u00eda: el momento de incertidumbre.<\/p>\n\n\n\n<h2 class=\"wp-block-heading\">Peque\u00f1os h\u00e1bitos que hacen que todo sea m\u00e1s f\u00e1cil<\/h2>\n\n\n\n<p>Aqu\u00ed es donde la gente nota el cambio cuando empieza a aplicarlo. No es nada sofisticado, pero funciona. Primero, tener el destino claro y bien escrito. Parece una tonter\u00eda, pero con nombres de hoteles parecidos o calles con variantes, es mejor no dejarlo a la interpretaci\u00f3n. Segundo, elegir un punto de recogida con sentido: una entrada principal, un lugar donde se pueda parar sin l\u00edo, un punto que est\u00e9 bien identificado. Tercero, comunicar lo que cambia el viaje: si llevas equipaje, si vas con ni\u00f1os, si necesitas adaptaci\u00f3n.<\/p>\n\n\n\n<p>Cuando haces eso, el trayecto se vuelve una cosa normal, no una aventura. Y ese es el objetivo en verano: que el transporte sea una parte f\u00e1cil del plan, no el problema del d\u00eda.<\/p>\n\n\n\n<p>Adem\u00e1s, hay un detalle emocional que a veces se olvida: en vacaciones, la gente no quiere discutir. No quiere negociar, no quiere andar al sol, no quiere perder tiempo. Quiere disfrutar. Por eso, organizar la recogida y reservar cuando toca es una manera de cuidar el d\u00eda.<\/p>\n\n\n\n<h2 class=\"wp-block-heading\">C\u00f3mo evitamos que te quedes tirado: lo que hacemos nosotros (y lo que necesitas t\u00fa)<\/h2>\n\n\n\n<p>Desde ElTaxi 033, cuando llega el verano, lo que m\u00e1s buscamos es que el servicio sea predecible. En temporada alta, lo peor no es que haya movimiento, sino que el usuario se sienta en el aire. Por eso insistimos tanto en lo b\u00e1sico: punto claro, margen razonable, y reserva cuando el plan lo necesita.<\/p>\n\n\n\n<p>Y si tu duda es \u201cvale, pero yo solo quiero pedir algo r\u00e1pido\u201d, perfecto: tambi\u00e9n hay momentos donde pedir al momento va genial. La clave est\u00e1 en elegir bien el cu\u00e1ndo. Si est\u00e1s en una franja de m\u00e1xima demanda, reservar te protege. Si est\u00e1s en una franja tranquila, pedir en el momento suele funcionar sin problema.<\/p>\n\n\n\n<p>Al final, no hay que dramatizarlo: Benalm\u00e1dena en verano tiene ritmo, y lo normal es que haya movimiento. Pero con dos decisiones inteligentes, t\u00fa te colocas del lado f\u00e1cil del verano, no del lado del \u201cuf, qu\u00e9 caos\u201d.<\/p>\n\n\n\n<h2 class=\"wp-block-heading\">Un cierre para que lo tengas claro y te muevas sin estr\u00e9s<\/h2>\n\n\n\n<p>Si tuviera que resumirlo en una idea ser\u00eda esta: en verano no gana el que corre, gana el que se anticipa un poco. Tener claro el punto de recogida, no apurar cuando hay hora fija, y comunicar si llevas equipaje o necesitas algo especial te evita esperas y te ahorra calor, prisas y mal humor. Y si est\u00e1s en una zona muy concurrida, no te pelees con el sitio: mu\u00e9vete dos minutos a un punto m\u00e1s accesible y ver\u00e1s c\u00f3mo cambia todo.<\/p>\n\n\n\n<figure class=\"wp-block-image size-large\"><img decoding=\"async\" width=\"1024\" height=\"683\" src=\"https:\/\/eltaxi033.com\/malaga\/wp-content\/uploads\/sites\/7\/2026\/01\/retrato-del-empresario-hablando-por-telefono-de-camino-al-trabajo-en-un-coche-1-1024x683.webp\" alt=\"retrato del empresario hablando por telefono de camino al trabajo en un coche (1)\" class=\"wp-image-793\" srcset=\"https:\/\/eltaxi033.com\/malaga\/wp-content\/uploads\/sites\/7\/2026\/01\/retrato-del-empresario-hablando-por-telefono-de-camino-al-trabajo-en-un-coche-1-1024x683.webp 1024w, https:\/\/eltaxi033.com\/malaga\/wp-content\/uploads\/sites\/7\/2026\/01\/retrato-del-empresario-hablando-por-telefono-de-camino-al-trabajo-en-un-coche-1-300x200.webp 300w, https:\/\/eltaxi033.com\/malaga\/wp-content\/uploads\/sites\/7\/2026\/01\/retrato-del-empresario-hablando-por-telefono-de-camino-al-trabajo-en-un-coche-1-768x512.webp 768w, https:\/\/eltaxi033.com\/malaga\/wp-content\/uploads\/sites\/7\/2026\/01\/retrato-del-empresario-hablando-por-telefono-de-camino-al-trabajo-en-un-coche-1-1536x1025.webp 1536w, https:\/\/eltaxi033.com\/malaga\/wp-content\/uploads\/sites\/7\/2026\/01\/retrato-del-empresario-hablando-por-telefono-de-camino-al-trabajo-en-un-coche-1-2048x1366.webp 2048w\" sizes=\"(max-width: 1024px) 100vw, 1024px\" \/><\/figure>\n\n\n\n<p>Nosotros estamos para que el trayecto sea sencillo y c\u00f3modo, como deber\u00eda ser. Y si est\u00e1s en modo vacaciones, cena, playa o noche de ambiente, mejor todav\u00eda: t\u00fa disfruta y deja el transporte resuelto. Porque en verano, cuando m\u00e1s gente hay, lo que m\u00e1s se agradece es no quedarse colgado por un detalle tonto y poder moverte con normalidad en <strong>taxi en Benalm\u00e1dena M\u00e1laga<\/strong>.<\/p>\n\n\n\n<h2 class=\"wp-block-heading\">Preguntas frecuentes<\/h2>\n\n\n\n<h3 class=\"wp-block-heading\"><strong>1) \u00bfCu\u00e1ndo conviene reservar en verano?<\/strong><\/h3>\n\n\n\n<p>Cuando tienes una hora fija (cena con reserva, evento, check-in\/check-out) o te mueves de noche y en zonas con mucho ambiente. Ah\u00ed es cuando m\u00e1s se nota la diferencia.<\/p>\n\n\n\n<h3 class=\"wp-block-heading\"><strong>2) \u00bfQu\u00e9 punto de recogida es mejor si hay mucha gente?<\/strong><\/h3>\n\n\n\n<p>Uno claro y accesible: entrada principal de hotel, portal con n\u00famero o una esquina amplia. Si est\u00e1s en pleno paseo, a veces compensa caminar 2\u20133 minutos a una calle paralela.<\/p>\n\n\n\n<h3 class=\"wp-block-heading\"><strong>3) \u00bfCu\u00e1nto margen de tiempo recomiendas para no ir con prisa?<\/strong><\/h3>\n\n\n\n<p>En temporada alta, sumar 10\u201315 minutos suele ser lo ideal. Si vas con ni\u00f1os o equipaje, a\u00f1ade un poquito m\u00e1s para ir tranquilo.<\/p>\n\n\n\n<h3 class=\"wp-block-heading\"><strong>4) \u00bfQu\u00e9 hago si voy con maletas o carrito?<\/strong><\/h3>\n\n\n\n<p>Ten todo listo antes de salir y avisa del equipaje. As\u00ed la recogida es m\u00e1s r\u00e1pida, c\u00f3moda y sin \u201cTetris\u201d en la puerta.<\/p>\n\n\n\n<h3 class=\"wp-block-heading\"><strong>5) \u00bfSe puede pedir un servicio con silla infantil o accesible?<\/strong><\/h3>\n\n\n\n<p>S\u00ed. Lo mejor es solicitarlo con antelaci\u00f3n para que el viaje sea seguro y c\u00f3modo desde el minuto uno.<\/p>\n\n\n\n{\n  \u00ab@context\u00bb: \u00abhttps:\/\/schema.org\u00bb,\n  \u00ab@type\u00bb: \u00abFAQPage\u00bb,\n  \u00abmainEntity\u00bb: [\n    {\n      \u00ab@type\u00bb: \u00abQuestion\u00bb,\n      \u00abname\u00bb: \u00ab\u00bfCu\u00e1ndo conviene reservar en verano?\u00bb,\n      \u00abacceptedAnswer\u00bb: {\n        \u00ab@type\u00bb: \u00abAnswer\u00bb,\n        \u00abtext\u00bb: \u00abCuando tienes una hora fija (cena con reserva, evento, check-in\/check-out) o te mueves de noche y en zonas con mucho ambiente. Ah\u00ed es cuando m\u00e1s se nota la diferencia.\u00bb\n      }\n    },\n    {\n      \u00ab@type\u00bb: \u00abQuestion\u00bb,\n      \u00abname\u00bb: \u00ab\u00bfQu\u00e9 punto de recogida es mejor si hay mucha gente?\u00bb,\n      \u00abacceptedAnswer\u00bb: {\n        \u00ab@type\u00bb: \u00abAnswer\u00bb,\n        \u00abtext\u00bb: \u00abUno claro y accesible: entrada principal de hotel, portal con n\u00famero o una esquina amplia. Si est\u00e1s en pleno paseo, a veces compensa caminar 2\u20133 minutos a una calle paralela.\u00bb\n      }\n    },\n    {\n      \u00ab@type\u00bb: \u00abQuestion\u00bb,\n      \u00abname\u00bb: \u00ab\u00bfCu\u00e1nto margen de tiempo recomiendas para no ir con prisa?\u00bb,\n      \u00abacceptedAnswer\u00bb: {\n        \u00ab@type\u00bb: \u00abAnswer\u00bb,\n        \u00abtext\u00bb: \u00abEn temporada alta, sumar 10\u201315 minutos suele ser lo ideal. Si vas con ni\u00f1os o equipaje, a\u00f1ade un poquito m\u00e1s para ir tranquilo.\u00bb\n      }\n    },\n    {\n      \u00ab@type\u00bb: \u00abQuestion\u00bb,\n      \u00abname\u00bb: \u00ab\u00bfQu\u00e9 hago si voy con maletas o carrito?\u00bb,\n      \u00abacceptedAnswer\u00bb: {\n        \u00ab@type\u00bb: \u00abAnswer\u00bb,\n        \u00abtext\u00bb: \u00abTen todo listo antes de salir y avisa del equipaje. As\u00ed la recogida es m\u00e1s r\u00e1pida, c\u00f3moda y sin \u201cTetris\u201d en la puerta.\u00bb\n      }\n    },\n    {\n      \u00ab@type\u00bb: \u00abQuestion\u00bb,\n      \u00abname\u00bb: \u00ab\u00bfSe puede pedir un servicio con silla infantil o accesible?\u00bb,\n      \u00abacceptedAnswer\u00bb: {\n        \u00ab@type\u00bb: \u00abAnswer\u00bb,\n        \u00abtext\u00bb: \u00abS\u00ed. Lo mejor es solicitarlo con antelaci\u00f3n para que el viaje sea seguro y c\u00f3modo desde el minuto uno.\u00bb\n      }\n    }\n  ]\n}\n\n","protected":false,"gt_translate_keys":[{"key":"rendered","format":"html"}]},"excerpt":{"rendered":"<p>En Benalm\u00e1dena, el verano es esa mezcla perfecta entre \u201cqu\u00e9 gusto vivir aqu\u00ed\u201d y \u201cmadre m\u00eda, qu\u00e9 cantidad de gente\u201d \ud83d\ude05. Playas llenas, terrazas con ambiente, familias estrenando vacaciones, parejas con ganas de paseo y grupos que salen tarde y vuelven m\u00e1s tarde todav\u00eda. Y claro, en medio de todo eso, moverse puede ser facil\u00edsimo\u2026 [&hellip;]<\/p>\n","protected":false,"gt_translate_keys":[{"key":"rendered","format":"html"}]},"author":3,"featured_media":820,"comment_status":"closed","ping_status":"open","sticky":false,"template":"","format":"standard","meta":{"_joinchat":[],"footnotes":""},"categories":[1],"tags":[],"class_list":["post-819","post","type-post","status-publish","format-standard","has-post-thumbnail","hentry","category-sin-categoria"],"gt_translate_keys":[{"key":"link","format":"url"}],"_links":{"self":[{"href":"https:\/\/eltaxi033.com\/malaga\/wp-json\/wp\/v2\/posts\/819","targetHints":{"allow":["GET"]}}],"collection":[{"href":"https:\/\/eltaxi033.com\/malaga\/wp-json\/wp\/v2\/posts"}],"about":[{"href":"https:\/\/eltaxi033.com\/malaga\/wp-json\/wp\/v2\/types\/post"}],"author":[{"embeddable":true,"href":"https:\/\/eltaxi033.com\/malaga\/wp-json\/wp\/v2\/users\/3"}],"replies":[{"embeddable":true,"href":"https:\/\/eltaxi033.com\/malaga\/wp-json\/wp\/v2\/comments?post=819"}],"version-history":[{"count":3,"href":"https:\/\/eltaxi033.com\/malaga\/wp-json\/wp\/v2\/posts\/819\/revisions"}],"predecessor-version":[{"id":824,"href":"https:\/\/eltaxi033.com\/malaga\/wp-json\/wp\/v2\/posts\/819\/revisions\/824"}],"wp:featuredmedia":[{"embeddable":true,"href":"https:\/\/eltaxi033.com\/malaga\/wp-json\/wp\/v2\/media\/820"}],"wp:attachment":[{"href":"https:\/\/eltaxi033.com\/malaga\/wp-json\/wp\/v2\/media?parent=819"}],"wp:term":[{"taxonomy":"category","embeddable":true,"href":"https:\/\/eltaxi033.com\/malaga\/wp-json\/wp\/v2\/categories?post=819"},{"taxonomy":"post_tag","embeddable":true,"href":"https:\/\/eltaxi033.com\/malaga\/wp-json\/wp\/v2\/tags?post=819"}],"curies":[{"name":"wp","href":"https:\/\/api.w.org\/{rel}","templated":true}]}}