{"id":684,"date":"2025-11-10T20:22:23","date_gmt":"2025-11-10T19:22:23","guid":{"rendered":"https:\/\/eltaxi033.com\/malaga\/?p=684"},"modified":"2026-02-23T09:49:38","modified_gmt":"2026-02-23T08:49:38","slug":"atajos-ruta-taxi-benalmadena-malaga","status":"publish","type":"post","link":"https:\/\/eltaxi033.com\/malaga\/blog\/atajos-ruta-taxi-benalmadena-malaga\/","title":{"rendered":"Atajos de ruta para tu taxi Benalm\u00e1dena M\u00e1laga","gt_translate_keys":[{"key":"rendered","format":"text"}]},"content":{"rendered":"\n<p>Si alguna vez has sentido que la Costa del Sol se convierte en un tablero de parch\u00eds con rotondas y fichas que no avanzan, te entendemos. En <strong>ElTaxi 033<\/strong> vivimos la carretera cada d\u00eda y, cuando alguien pide un <strong><a href=\"https:\/\/eltaxi033.com\/malaga\/\">taxi Benalm\u00e1dena M\u00e1laga<\/a><\/strong>, no pensamos en \u201cir m\u00e1s r\u00e1pido\u201d, sino en <strong>pensar mejor<\/strong>. La diferencia entre llegar con tiempo al aeropuerto o quedarte mirando el reloj suele estar en detalles que no aparecen en el mapa: a qu\u00e9 hora cierra un carril por obras, qu\u00e9 colegio entra a las 8:30, qu\u00e9 rotonda se atraganta con la m\u00ednima lluvia, por d\u00f3nde se despeja antes el tr\u00e1fico cuando Puerto Marina est\u00e1 en modo verbena. Por eso hablamos de \u201catajos\u201d, aunque en realidad se trata de <strong>rutinas inteligentes<\/strong> y de elegir el <strong>momento exacto<\/strong> para subir o bajar entre la N-340 litoral y la A-7.<\/p>\n\n\n\n<figure class=\"wp-block-image size-large\"><img fetchpriority=\"high\" decoding=\"async\" width=\"1024\" height=\"683\" src=\"https:\/\/eltaxi033.com\/malaga\/wp-content\/uploads\/sites\/7\/2025\/11\/paisaje-de-carretera-1024x683.jpg\" alt=\"paisaje de carretera\" class=\"wp-image-687\" srcset=\"https:\/\/eltaxi033.com\/malaga\/wp-content\/uploads\/sites\/7\/2025\/11\/paisaje-de-carretera-1024x683.jpg 1024w, https:\/\/eltaxi033.com\/malaga\/wp-content\/uploads\/sites\/7\/2025\/11\/paisaje-de-carretera-300x200.jpg 300w, https:\/\/eltaxi033.com\/malaga\/wp-content\/uploads\/sites\/7\/2025\/11\/paisaje-de-carretera-768x512.jpg 768w, https:\/\/eltaxi033.com\/malaga\/wp-content\/uploads\/sites\/7\/2025\/11\/paisaje-de-carretera-1536x1024.jpg 1536w, https:\/\/eltaxi033.com\/malaga\/wp-content\/uploads\/sites\/7\/2025\/11\/paisaje-de-carretera-2048x1365.jpg 2048w\" sizes=\"(max-width: 1024px) 100vw, 1024px\" \/><\/figure>\n\n\n\n<h2 class=\"wp-block-heading\">C\u00f3mo pensamos las rutas en Benalm\u00e1dena (sin atajos de cart\u00f3n)<\/h2>\n\n\n\n<p>Benalm\u00e1dena es tres ciudades en una: <strong>Pueblo<\/strong>, con sus pendientes, miradores y calles de postal; <strong>Arroyo de la Miel<\/strong>, que late alrededor de la estaci\u00f3n, los comercios y la vida diaria; y la <strong>franja de Costa<\/strong>, que se alarga por Torrequebrada hasta <strong>Puerto Marina<\/strong>. Cada zona tiene man\u00edas de tr\u00e1fico. El litoral es goloso cuando el d\u00eda est\u00e1 tranquilo, pero en cuanto asoma el verano, el plan de chiringuito o un concierto, se convierte en un paseo bonito pero <strong>caro en minutos<\/strong>. La <strong>A-7<\/strong> es la autopista de los que no quieren sorpresas, y la <strong>MA-20\/MA-21<\/strong> es la bisagra para entrar con criterio hacia M\u00e1laga y el aeropuerto.<\/p>\n\n\n\n<p>No hay una ruta universal. Nos lo recuerda el propio GPS: te ofrecer\u00e1 el \u201cm\u00e1s corto\u201d, el \u201cm\u00e1s r\u00e1pido\u201d y el \u201cmejor equilibrio\u201d, pero <strong>ninguno sabe<\/strong> que los jueves por la tarde se monta un tap\u00f3n cerca de cierto centro comercial o que ayer por la noche cambiaron el sentido de una calle por una obra puntual. Ah\u00ed entra el oficio: preferimos sumar <strong>dos kil\u00f3metros de aire<\/strong> si eso evita <strong>doce minutos de atasco<\/strong> con mala leche. Y lo decidimos contigo: algunos clientes nos piden \u201ca tope\u201d porque llegan con el tiempo justo; otros prefieren \u201cr\u00e1pido con vistas\u201d si el d\u00eda se presta a mirar el azul del Mediterr\u00e1neo. Tambi\u00e9n puedes conocer el <a href=\"https:\/\/eltaxi033.com\/malaga\/blog\/taxi-benalmadena-malaga-ida-y-vuelta\/\">precio del taxi Benalm\u00e1dena M\u00e1laga ida y vuelta<\/a> si lo deseas. <\/p>\n\n\n\n<h2 class=\"wp-block-heading\">Del pueblo al avi\u00f3n, del paseo al Soho: lo que suele funcionar (contado en cristiano)<\/h2>\n\n\n\n<p>Cuando nos piden <strong>Benalm\u00e1dena \u2192 Aeropuerto de M\u00e1laga (AGP)<\/strong>, empezamos por una pregunta simple: \u00bfa qu\u00e9 hora tienes el embarque? Con ese dato ajustamos el margen. Si es hora valle, la combinaci\u00f3n <strong>A-7 + enlace limpio a MA-20\/MA-21<\/strong> suele ser la m\u00e1s estable; no brilla, pero <strong>cumple<\/strong>. Si el d\u00eda viene movido \u2014lluvia, partido, evento\u2014 y el litoral est\u00e1 en modo romer\u00eda, <strong>subimos pronto<\/strong> a la A-7 para esquivar rotondas caprichosas. Si nos llamas desde Torrequebrada en s\u00e1bado de agosto al atardecer, una salida temprana a la autov\u00eda evita que conviertas tu taxi en un banco de pruebas para la paciencia.<\/p>\n\n\n\n<figure class=\"wp-block-image size-full\"><img decoding=\"async\" width=\"730\" height=\"420\" src=\"https:\/\/eltaxi033.com\/malaga\/wp-content\/uploads\/sites\/7\/2025\/08\/malaga-aeropuerto.webp\" alt=\"malaga aeropuerto\" class=\"wp-image-500\" srcset=\"https:\/\/eltaxi033.com\/malaga\/wp-content\/uploads\/sites\/7\/2025\/08\/malaga-aeropuerto.webp 730w, https:\/\/eltaxi033.com\/malaga\/wp-content\/uploads\/sites\/7\/2025\/08\/malaga-aeropuerto-300x173.webp 300w\" sizes=\"(max-width: 730px) 100vw, 730px\" \/><\/figure>\n\n\n\n<p>Cuando el destino es <strong>M\u00e1laga centro<\/strong> (Alcazaba, Soho, Vialia), modulamos la entrada: por las ma\u00f1anas laborales la A-7 despeja mejor la aproximaci\u00f3n, y preferimos <strong>bajar a ciudad donde el tr\u00e1fico respira<\/strong>, no donde todos frenan. Por la tarde-noche, con ocio y reservas, alternamos accesos seg\u00fan lectura del minuto. Un peque\u00f1o rodeo antes de tiempo a menudo <strong>se paga solo<\/strong> al final de la avenida.<\/p>\n\n\n\n<p>Entre <strong>Benalm\u00e1dena y los vecinos<\/strong> (Torremolinos, Fuengirola, Mijas) manda la intuici\u00f3n de cada franja. La N-340 es magn\u00edfica a primera hora, amable al mediod\u00eda entre semana, y testaruda cuando huele a playa. En esos casos el encanto del mar no compensa el reloj; tiramos de <strong>A-7<\/strong> para mantener ritmo de crucero. Si preguntas por <strong>Marbella<\/strong>, la regla es parecida: constancia por autov\u00eda y ojos abiertos a obras o incidencias. En viajes largos, lo que suma no es el sprint, sino <strong>no dejar de rodar<\/strong>.<\/p>\n\n\n\n<p>Hay d\u00edas, sin embargo, en los que apetece <strong>bajar una marcha<\/strong>. Nos lo dices y te regalamos un tramo de litoral, ventanilla entornada y la estampa de la costa. Lo llamamos \u201cr\u00e1pido panor\u00e1mico\u201d. Tambi\u00e9n existe el \u201cr\u00e1pido-pr\u00e1ctico\u201d, que consiste en recogerte en la <strong>esquina que ya sale hacia la v\u00eda buena<\/strong>. En calles estrechas o zonas con terrazas, esa esquina vale oro: dos giros menos, una rotonda menos, un sem\u00e1foro menos. Parece poco; son <strong>minutos contantes<\/strong>.<\/p>\n\n\n\n<h2 class=\"wp-block-heading\">El \u201catajo\u201d empieza antes de subirte: log\u00edstica y detalles que quitan minutos<\/h2>\n\n\n\n<p>Los taxis ganan tiempo en parado, no solo en marcha. Por eso te preguntamos si llevas <strong>maletas XXL<\/strong>, <strong>carrito de beb\u00e9<\/strong>, <strong>mascota<\/strong> o <strong>equipos deportivos<\/strong>. Si lo sabemos, enviamos <strong>veh\u00edculo XL<\/strong> o <strong>familiar<\/strong> y el arranque es limpio, sin Tetris de \u00faltima hora. Si viajas con peques, preparamos <strong>sillitas infantiles<\/strong> del grupo que toque; llegan ancladas y ajustadas, no improvisadas. Si necesitas <strong>veh\u00edculo adaptado PMR<\/strong>, coordinamos rampa y anclajes antes, y buscamos un punto de recogida con <strong>acera c\u00f3moda<\/strong> para el acceso. En pagos, nada de p\u00e9rdidas de tiempo: tarjeta, contactless, Bizum; si eres empresa, la <strong>factura<\/strong> te cae al email al momento, sin papeleo.<\/p>\n\n\n\n<p>Cuando llueve en la Costa, la ciudad se hace m\u00e1s lenta por definici\u00f3n: visibilidad menor, rotondas resbaladizas y alg\u00fan despiste m\u00e1s de lo normal. Nuestro truco no es correr: es <strong>salir diez minutos antes<\/strong>, escoger rotondas amables y evitar los sem\u00e1foros que no perdonan. Si te recogemos saliendo de un evento o del <strong>Puerto Marina<\/strong>, te pedimos que si puedes <strong>compartas ubicaci\u00f3n<\/strong> por WhatsApp; as\u00ed aparcamos a la primera en el punto exacto, sin bucles.<\/p>\n\n\n\n<h2 class=\"wp-block-heading\">Historias con reloj: lo que pasa cuando el mapa no lo sabe todo<\/h2>\n\n\n\n<p>Una tarde de s\u00e1bado, agosto, Torrequebrada 19:30. Una familia con dos carritos, cinco bultos y la tensi\u00f3n cl\u00e1sica del \u201c\u00bfllegamos?\u201d. Enviamos <strong>familiar XL<\/strong>, les citamos <strong>una esquina con salida directa<\/strong> y saltamos a la <strong>A-7<\/strong> dos enlaces antes de lo habitual porque asomaba cola en la costa. Llegaron al aeropuerto con <strong>margen y dignidad<\/strong>, que tambi\u00e9n importa: nadie quiere empezar las vacaciones con sudores fr\u00edos.<\/p>\n\n\n\n<p>Otro caso: pareja saliendo de <strong>Puerto Marina<\/strong> tras un concierto. La N-340 parec\u00eda procesi\u00f3n de Semana Santa en plena orilla. En lugar de insistir en el frente, trazamos un <strong>rodeo por calles interiores<\/strong> que la mayor\u00eda no usa a esas horas, enlazamos con autov\u00eda y entramos a su zona en M\u00e1laga <strong>doce minutos antes<\/strong> que sus amigos, que se quedaron fieles al plan \u201cpor la playa\u201d. El mapa propone; la calle dispone.<\/p>\n\n\n\n<h2 class=\"wp-block-heading\">Tarifas sin letra peque\u00f1a y expectativas realistas<\/h2>\n\n\n\n<p>A nadie le gusta la sorpresa final. Trabajamos con <strong>tarifas oficiales y suplementos regulados<\/strong>; si hay peajes o aparcamientos especiales, lo comentamos antes. Cuando alguien busca un <strong>taxi Benalm\u00e1dena M\u00e1laga<\/strong> para aeropuerto, hospital o centro comercial, solemos tener <strong>rangos<\/strong> de tiempo y coste que compartimos desde el minuto uno. Aun as\u00ed, el tr\u00e1fico es un ser vivo: por eso preferimos hablar de <strong>estimaciones honestas<\/strong> y de c\u00f3mo reducimos su variabilidad con mejores puntos de recogida, rutas menos ansiosas y cambios de plan si surge una incidencia.<\/p>\n\n\n\n<h2 class=\"wp-block-heading\">Lo que nos hace distintos cuando pides un taxi Benalm\u00e1dena M\u00e1laga<\/h2>\n\n\n\n<p>Nuestra \u201cmagia\u201d tiene poca magia y mucha disciplina. <strong>Tecnolog\u00eda<\/strong> para ver el tr\u00e1fico en tiempo real, s\u00ed, pero tambi\u00e9n <strong>memoria local<\/strong>: sabemos qu\u00e9 rotonda castiga a qu\u00e9 hora, d\u00f3nde se forma un tap\u00f3n traicionero cuando media M\u00e1laga sale a tomar algo, qu\u00e9 calle parece recta pero tiene un sem\u00e1foro largo como un d\u00eda sin pan. Tenemos <strong>flota variada<\/strong> \u2014sed\u00e1n, familiar, XL, adaptados PMR, h\u00edbridos y el\u00e9ctricos\u2014 para que el veh\u00edculo no sea el problema, y <strong>servicio 24\/7<\/strong> para que la hora no lo sea tampoco. Al volante, conductores que <strong>corrigen al GPS<\/strong> cuando toca, porque el sat\u00e9lite no sabe que esa obra abre el carril a las 8:00, ni que el martes hay mercado y media manzana se queda peque\u00f1a.<\/p>\n\n\n\n<p>Si vienes de trabajo, te quitamos ruido: recogida puntual, <strong>factura autom\u00e1tica<\/strong>, ruta que prioriza regularidad. Si vas de ocio, ajustamos al plan: quiz\u00e1 te apetece esa bajada al mar con las ventanillas abiertas; quiz\u00e1 quieres llegar lo antes posible a por la mesa. <strong>T\u00fa eliges el estilo<\/strong> y nosotros encajamos el trayecto.<\/p>\n\n\n\n<h2 class=\"wp-block-heading\">Cierre con promesa sencilla<\/h2>\n\n\n\n<p>La Costa del Sol pide cabeza, no prisas. En <strong><a href=\"https:\/\/eltaxi033.com\/\">ElTaxi 033<\/a><\/strong> convertimos la experiencia en <strong>minutos a favor<\/strong> y en trayectos con menos sobresaltos. Si hoy te urge un <strong>taxi Benalm\u00e1dena M\u00e1laga<\/strong> para el aeropuerto, ma\u00f1ana quiz\u00e1 prefieras ir mirando el Mediterr\u00e1neo sin pelear con el reloj. Para ambos d\u00edas estamos. Lo \u00fanico que cambia es <strong>la ruta<\/strong>; el trato, no.<\/p>\n\n\n\n<figure class=\"wp-block-image size-large\"><img decoding=\"async\" width=\"1024\" height=\"576\" src=\"https:\/\/eltaxi033.com\/malaga\/wp-content\/uploads\/sites\/7\/2025\/10\/Servicio-de-taxis-recogida-pasajeros-en-el-aeropuerto-Malaga-1024x576.webp\" alt=\"Servicio de taxis recogida pasajeros en el aeropuerto Malaga\" class=\"wp-image-652\" srcset=\"https:\/\/eltaxi033.com\/malaga\/wp-content\/uploads\/sites\/7\/2025\/10\/Servicio-de-taxis-recogida-pasajeros-en-el-aeropuerto-Malaga-1024x576.webp 1024w, https:\/\/eltaxi033.com\/malaga\/wp-content\/uploads\/sites\/7\/2025\/10\/Servicio-de-taxis-recogida-pasajeros-en-el-aeropuerto-Malaga-300x169.webp 300w, https:\/\/eltaxi033.com\/malaga\/wp-content\/uploads\/sites\/7\/2025\/10\/Servicio-de-taxis-recogida-pasajeros-en-el-aeropuerto-Malaga-768x432.webp 768w, https:\/\/eltaxi033.com\/malaga\/wp-content\/uploads\/sites\/7\/2025\/10\/Servicio-de-taxis-recogida-pasajeros-en-el-aeropuerto-Malaga.webp 1280w\" sizes=\"(max-width: 1024px) 100vw, 1024px\" \/><\/figure>\n\n\n\n<h2 class=\"wp-block-heading\">Preguntas frecuentes sobre taxi Benalm\u00e1dena M\u00e1laga<\/h2>\n\n\n\n<h3 class=\"wp-block-heading\">1) \u00bfCu\u00e1l es la ruta m\u00e1s estable hacia el aeropuerto (AGP)?<\/h3>\n\n\n\n<p>La A-7 con acceso por MA-20\/MA-21. Ajustamos entrada seg\u00fan tr\u00e1fico y hora.<\/p>\n\n\n\n<h3 class=\"wp-block-heading\">2) \u00bfPuedo pedir sillitas infantiles o veh\u00edculo adaptado?<\/h3>\n\n\n\n<p>S\u00ed. Sillitas por grupo y taxis PMR con rampa y anclajes. Ind\u00edcalo en la reserva.<\/p>\n\n\n\n<h3 class=\"wp-block-heading\">3) \u00bfAcept\u00e1is tarjeta, Bizum y envi\u00e1is factura?<\/h3>\n\n\n\n<p>S\u00ed. Contactless\/Bizum y factura inmediata por email, ideal para empresa.<\/p>\n\n\n\n<h2 class=\"wp-block-heading\">4) \u00bfC\u00f3mo evit\u00e1is atascos en verano o con lluvia?<\/h2>\n\n\n\n<p>GPS + experiencia local. Si la costa se bloquea, subimos antes a la A-7; con lluvia, salimos 10\u2019 antes.<\/p>\n\n\n\n<h3 class=\"wp-block-heading\">5) \u00bfPuedo reservar con punto de recogida \u201csalida directa\u201d?<\/h3>\n\n\n\n<p>Claro. Proponemos la esquina \u00f3ptima para arrancar sin giros ni sem\u00e1foros extra.<\/p>\n\n\n\n<script type=\"application\/ld+json\">\n{\n  \"@context\":\"https:\/\/schema.org\",\n  \"@type\":\"FAQPage\",\n  \"mainEntity\":[\n    {\n      \"@type\":\"Question\",\n      \"name\":\"\u00bfCu\u00e1l es la ruta m\u00e1s estable hacia el aeropuerto (AGP)?\",\n      \"acceptedAnswer\":{\n        \"@type\":\"Answer\",\n        \"text\":\"La A-7 con acceso por MA-20\/MA-21. Ajustamos la entrada seg\u00fan tr\u00e1fico y hora para minimizar atascos.\"\n      }\n    },\n    {\n      \"@type\":\"Question\",\n      \"name\":\"\u00bfPuedo pedir sillitas infantiles o veh\u00edculo adaptado?\",\n      \"acceptedAnswer\":{\n        \"@type\":\"Answer\",\n        \"text\":\"S\u00ed. Ofrecemos sillitas por grupo y taxis PMR con rampa y anclajes. Ind\u00edcalo en la reserva para enviar el coche adecuado.\"\n      }\n    },\n    {\n      \"@type\":\"Question\",\n      \"name\":\"\u00bfAcept\u00e1is tarjeta, Bizum y envi\u00e1is factura?\",\n      \"acceptedAnswer\":{\n        \"@type\":\"Answer\",\n        \"text\":\"S\u00ed. Aceptamos tarjeta\/contactless y Bizum. Enviamos factura inmediata por email con todos los datos.\"\n      }\n    },\n    {\n      \"@type\":\"Question\",\n      \"name\":\"\u00bfC\u00f3mo evit\u00e1is atascos en verano o con lluvia?\",\n      \"acceptedAnswer\":{\n        \"@type\":\"Answer\",\n        \"text\":\"Combinamos navegaci\u00f3n en tiempo real con experiencia local. Si la costa se bloquea, subimos antes a la A-7; con lluvia, adelantamos 10 minutos la salida.\"\n      }\n    },\n    {\n      \"@type\":\"Question\",\n      \"name\":\"\u00bfPuedo reservar con punto de recogida \\\"salida directa\\\"?\",\n      \"acceptedAnswer\":{\n        \"@type\":\"Answer\",\n        \"text\":\"S\u00ed. Proponemos una esquina \u00f3ptima para arrancar sin giros ni sem\u00e1foros extra y ahorrar minutos desde el inicio.\"\n      }\n    }\n  ]\n}\n<\/script>\n\n","protected":false,"gt_translate_keys":[{"key":"rendered","format":"html"}]},"excerpt":{"rendered":"<p>Si alguna vez has sentido que la Costa del Sol se convierte en un tablero de parch\u00eds con rotondas y fichas que no avanzan, te entendemos. En ElTaxi 033 vivimos la carretera cada d\u00eda y, cuando alguien pide un taxi Benalm\u00e1dena M\u00e1laga, no pensamos en \u201cir m\u00e1s r\u00e1pido\u201d, sino en pensar mejor. La diferencia entre [&hellip;]<\/p>\n","protected":false,"gt_translate_keys":[{"key":"rendered","format":"html"}]},"author":3,"featured_media":687,"comment_status":"closed","ping_status":"open","sticky":false,"template":"","format":"standard","meta":{"_joinchat":[],"footnotes":""},"categories":[1],"tags":[],"class_list":["post-684","post","type-post","status-publish","format-standard","has-post-thumbnail","hentry","category-sin-categoria"],"gt_translate_keys":[{"key":"link","format":"url"}],"_links":{"self":[{"href":"https:\/\/eltaxi033.com\/malaga\/wp-json\/wp\/v2\/posts\/684","targetHints":{"allow":["GET"]}}],"collection":[{"href":"https:\/\/eltaxi033.com\/malaga\/wp-json\/wp\/v2\/posts"}],"about":[{"href":"https:\/\/eltaxi033.com\/malaga\/wp-json\/wp\/v2\/types\/post"}],"author":[{"embeddable":true,"href":"https:\/\/eltaxi033.com\/malaga\/wp-json\/wp\/v2\/users\/3"}],"replies":[{"embeddable":true,"href":"https:\/\/eltaxi033.com\/malaga\/wp-json\/wp\/v2\/comments?post=684"}],"version-history":[{"count":2,"href":"https:\/\/eltaxi033.com\/malaga\/wp-json\/wp\/v2\/posts\/684\/revisions"}],"predecessor-version":[{"id":690,"href":"https:\/\/eltaxi033.com\/malaga\/wp-json\/wp\/v2\/posts\/684\/revisions\/690"}],"wp:featuredmedia":[{"embeddable":true,"href":"https:\/\/eltaxi033.com\/malaga\/wp-json\/wp\/v2\/media\/687"}],"wp:attachment":[{"href":"https:\/\/eltaxi033.com\/malaga\/wp-json\/wp\/v2\/media?parent=684"}],"wp:term":[{"taxonomy":"category","embeddable":true,"href":"https:\/\/eltaxi033.com\/malaga\/wp-json\/wp\/v2\/categories?post=684"},{"taxonomy":"post_tag","embeddable":true,"href":"https:\/\/eltaxi033.com\/malaga\/wp-json\/wp\/v2\/tags?post=684"}],"curies":[{"name":"wp","href":"https:\/\/api.w.org\/{rel}","templated":true}]}}