{"id":627,"date":"2025-10-15T17:25:03","date_gmt":"2025-10-15T15:25:03","guid":{"rendered":"https:\/\/eltaxi033.com\/malaga\/?p=627"},"modified":"2026-02-23T09:49:43","modified_gmt":"2026-02-23T08:49:43","slug":"taxis-en-malaga-para-familias-con-ninos","status":"publish","type":"post","link":"https:\/\/eltaxi033.com\/malaga\/blog\/taxis-en-malaga-para-familias-con-ninos\/","title":{"rendered":"Taxis en M\u00e1laga para familias: sillas infantiles y opciones reales","gt_translate_keys":[{"key":"rendered","format":"text"}]},"content":{"rendered":"\n<p>Viajar con peques por la Costa del Sol no deber\u00eda sentirse como una gymkana. Entre maletas, cochecito, meriendas y ese \u201c\u00bffalta mucho?\u201d que aparece a los diez minutos, lo que m\u00e1s se agradece es quitar fricci\u00f3n. En ElTaxi 033 llevamos a\u00f1os moviendo familias entre el Aeropuerto de M\u00e1laga\u2013Costa del Sol, el centro y destinos como Marbella, Fuengirola, Benalm\u00e1dena o Nerja. Por eso hemos preparado una gu\u00eda pensada para madres y padres que quieren una cosa por encima de todo: que todo fluya. Aqu\u00ed te contamos c\u00f3mo funcionan los <strong><a href=\"https:\/\/eltaxi033.com\/malaga\/\">taxis en M\u00e1laga<\/a><\/strong> para familias, c\u00f3mo pedimos sillas infantiles y qu\u00e9 opciones reales tienes para que el viaje sea c\u00f3modo y seguro.<\/p>\n\n\n\n<figure class=\"wp-block-image size-large\"><img fetchpriority=\"high\" decoding=\"async\" width=\"1024\" height=\"681\" src=\"https:\/\/eltaxi033.com\/malaga\/wp-content\/uploads\/sites\/7\/2025\/10\/joven-madre-y-nino-en-coche-asiento-de-bebe-en-silla-seguridad-conduccion-concepto-1024x681.webp\" alt=\"joven madre y nino en coche asiento de bebe en silla seguridad conduccion concepto\" class=\"wp-image-628\" srcset=\"https:\/\/eltaxi033.com\/malaga\/wp-content\/uploads\/sites\/7\/2025\/10\/joven-madre-y-nino-en-coche-asiento-de-bebe-en-silla-seguridad-conduccion-concepto-1024x681.webp 1024w, https:\/\/eltaxi033.com\/malaga\/wp-content\/uploads\/sites\/7\/2025\/10\/joven-madre-y-nino-en-coche-asiento-de-bebe-en-silla-seguridad-conduccion-concepto-300x200.webp 300w, https:\/\/eltaxi033.com\/malaga\/wp-content\/uploads\/sites\/7\/2025\/10\/joven-madre-y-nino-en-coche-asiento-de-bebe-en-silla-seguridad-conduccion-concepto-768x511.webp 768w, https:\/\/eltaxi033.com\/malaga\/wp-content\/uploads\/sites\/7\/2025\/10\/joven-madre-y-nino-en-coche-asiento-de-bebe-en-silla-seguridad-conduccion-concepto-1536x1022.webp 1536w, https:\/\/eltaxi033.com\/malaga\/wp-content\/uploads\/sites\/7\/2025\/10\/joven-madre-y-nino-en-coche-asiento-de-bebe-en-silla-seguridad-conduccion-concepto-2048x1363.webp 2048w\" sizes=\"(max-width: 1024px) 100vw, 1024px\" \/><\/figure>\n\n\n\n<h2 class=\"wp-block-heading\">Por qu\u00e9 elegir taxi cuando viajas con ni\u00f1os<\/h2>\n\n\n\n<p>Aterrizas, recoges el equipaje, miras el reloj y tu peque ya bosteza. En ese momento, lo \u00faltimo que apetece es ponerse a comparar precios, pelear por una silla infantil o descubrir que el coche no tiene maletero para el carro. Un taxi reservado con antelaci\u00f3n te quita esas tres piedras del zapato de golpe: hay veh\u00edculo asignado, el espacio est\u00e1 garantizado y la silla homologada ya va instalada. Adem\u00e1s, si viaj\u00e1is con abuelos o con otra familia, un monovolumen de 7 u 8 plazas suele salir m\u00e1s a cuenta que dos coches y, sobre todo, os mantiene juntos, que con ni\u00f1os siempre es mejor.<\/p>\n\n\n\n<p>Cuando el plan es moverse por la ciudad, los taxis en M\u00e1laga tambi\u00e9n tienen ventaja: acceso a carriles y zonas de parada que acortan el trayecto, conductores locales que saben por d\u00f3nde \u201crespira\u201d el tr\u00e1fico y flexibilidad para parar a comprar agua, pa\u00f1ales o ese peluche que se convirti\u00f3 en imprescindible a mitad de viaje.<\/p>\n\n\n\n<h2 class=\"wp-block-heading\">Sillas infantiles: c\u00f3mo lo gestionamos y qu\u00e9 necesitas contarnos<\/h2>\n\n\n\n<p>La seguridad no se negocia. En ElTaxi 033 trabajamos con sistemas de retenci\u00f3n infantil homologados, limpios y revisados. Para acertar a la primera, al reservar te pediremos tres datos sencillos: edad del peque, altura aproximada y si vas con carrito o portabeb\u00e9s. Con eso asignamos la silla adecuada y un coche con maletero de verdad. Para que te hagas una idea, usamos sillas a contramarcha para beb\u00e9s, sillas con arn\u00e9s de cinco puntos para peques en crecimiento y alzadores con respaldo para los mayores. Nada de improvisar.<\/p>\n\n\n\n<p>Un detalle que marca la diferencia: si tu hijo se marea con facilidad, av\u00edsanos. Podemos colocar la silla en la plaza m\u00e1s estable y ajustar la climatizaci\u00f3n suave. Tambi\u00e9n somos fans del truco de la mantita: abriga sin abultar y permite ajustar bien el arn\u00e9s, que con abrigos voluminosos siempre queda flojo.<\/p>\n\n\n\n<h2 class=\"wp-block-heading\">Reservar sin l\u00edos y recogida clara en el aeropuerto<\/h2>\n\n\n\n<p>Nos gusta lo simple. Puedes pedir tu taxi por WhatsApp, tel\u00e9fono o web\/app. Solo necesitamos la fecha y hora, n\u00famero de personas (adultos y ni\u00f1os), la direcci\u00f3n exacta del hotel o apartamento y las necesidades especiales: una silla beb\u00e9, dos alzadores, espacio para carro gemelar, bacas si llev\u00e1is cuna de viaje, etc. Respondemos con precio cerrado y confirmaci\u00f3n. Si tu vuelo se retrasa, monitorizamos la llegada y ajustamos la hora sin que tengas que llamar a contrarreloj.<\/p>\n\n\n\n<p>En el <a href=\"https:\/\/eltaxi033.com\/malaga\/taxi-aeropuerto-malaga\/\">Aeropuerto de M\u00e1laga<\/a> ofrecemos dos formas de recogida, pensadas para familias. La primera es el cl\u00e1sico \u201cmeet &amp; greet\u201d: el conductor te espera en llegadas con un cartel, te ayuda con las maletas y te acompa\u00f1a hasta el coche; las sillas ya van montadas, solo hay que sentar, ajustar y salir. La segunda es un punto de encuentro \u00e1gil en zona de paso r\u00e1pido: recibes instrucciones claras por mensaje y en dos minutos est\u00e1is todos dentro. El objetivo es el mismo: cero estr\u00e9s.<\/p>\n\n\n\n<h2 class=\"wp-block-heading\">Destinos familiares habituales y c\u00f3mo planificar<\/h2>\n\n\n\n<p>Cada familia viaja a su ritmo. Hay quien llega, se instala en el centro de M\u00e1laga y se mueve en trayectos cortos: Muelle Uno, Parque de M\u00e1laga, La Malagueta, alg\u00fan museo con actividades infantiles y vuelta al hotel para siesta. Tambi\u00e9n est\u00e1n quienes prefieren base en la Costa y excursiones puntuales: Benalm\u00e1dena y su telef\u00e9rico, Bioparc en Fuengirola, Selwo Aventura en Estepona, el Caminito del Rey para los m\u00e1s aventureros o una escapada a Nerja y Frigiliana para fotos y helado.<\/p>\n\n\n\n<figure class=\"wp-block-image size-large\"><img decoding=\"async\" width=\"1024\" height=\"683\" src=\"https:\/\/eltaxi033.com\/malaga\/wp-content\/uploads\/sites\/7\/2025\/10\/familia-feliz-pareja-y-ninos-senderismo-en-el-campo-caminando-por-el-sendero-muchacho-emocionado-montando-en-el-cuello-de-los-papas-longitud-total-concepto-de-naturaleza-y-recreacion-1024x683.webp\" alt=\"familia feliz pareja y ninos senderismo en el campo caminando por el sendero muchacho emocionado montando en el cuello de los papas longitud total concepto de naturaleza y recreacion\" class=\"wp-image-629\" srcset=\"https:\/\/eltaxi033.com\/malaga\/wp-content\/uploads\/sites\/7\/2025\/10\/familia-feliz-pareja-y-ninos-senderismo-en-el-campo-caminando-por-el-sendero-muchacho-emocionado-montando-en-el-cuello-de-los-papas-longitud-total-concepto-de-naturaleza-y-recreacion-1024x683.webp 1024w, https:\/\/eltaxi033.com\/malaga\/wp-content\/uploads\/sites\/7\/2025\/10\/familia-feliz-pareja-y-ninos-senderismo-en-el-campo-caminando-por-el-sendero-muchacho-emocionado-montando-en-el-cuello-de-los-papas-longitud-total-concepto-de-naturaleza-y-recreacion-300x200.webp 300w, https:\/\/eltaxi033.com\/malaga\/wp-content\/uploads\/sites\/7\/2025\/10\/familia-feliz-pareja-y-ninos-senderismo-en-el-campo-caminando-por-el-sendero-muchacho-emocionado-montando-en-el-cuello-de-los-papas-longitud-total-concepto-de-naturaleza-y-recreacion-768x512.webp 768w, https:\/\/eltaxi033.com\/malaga\/wp-content\/uploads\/sites\/7\/2025\/10\/familia-feliz-pareja-y-ninos-senderismo-en-el-campo-caminando-por-el-sendero-muchacho-emocionado-montando-en-el-cuello-de-los-papas-longitud-total-concepto-de-naturaleza-y-recreacion-1536x1024.webp 1536w, https:\/\/eltaxi033.com\/malaga\/wp-content\/uploads\/sites\/7\/2025\/10\/familia-feliz-pareja-y-ninos-senderismo-en-el-campo-caminando-por-el-sendero-muchacho-emocionado-montando-en-el-cuello-de-los-papas-longitud-total-concepto-de-naturaleza-y-recreacion-2048x1365.webp 2048w\" sizes=\"(max-width: 1024px) 100vw, 1024px\" \/><\/figure>\n\n\n\n<p>Lo importante es cuadrar tiempos y siestas. Si nos dices que el peque suele dormirse sobre las dos, ajustamos el traslado m\u00e1s largo a esa franja para que descanse en ruta. Y si toca parada t\u00e9cnica, no hay problema: cinco minutos para ba\u00f1o, agua o ese cambio de pa\u00f1al que siempre aparece cuando menos lo esperas.<\/p>\n\n\n\n<h2 class=\"wp-block-heading\">Precio cerrado, suplementos razonables y cero sorpresas<\/h2>\n\n\n\n<p>Sabemos que viajar con ni\u00f1os ya trae suficientes imprevistos como para sumar incertidumbre con el precio. Por eso trabajamos con tarifa cerrada al reservar, suplemento moderado por silla (cubre limpieza y mantenimiento) y un margen de espera de cortes\u00eda en llegadas, porque los carritos no salen a la misma velocidad que las maletas. Si finalmente cambi\u00e1is de plan, somos flexibles con la cancelaci\u00f3n siempre que haya aviso razonable. Y si vienes comparando con alquiler de coche, silla, gasolina y parking en hotel, te sorprender\u00e1 lo bien que salen las cuentas cuando lo pones todo en la balanza.<\/p>\n\n\n\n<h2 class=\"wp-block-heading\">Consejos pr\u00e1cticos para que todo fluya<\/h2>\n\n\n\n<p>Hay trucos sencillos que convierten un traslado con peques en un paseo. El primero es dar datos concretos al reservar: edades y alturas, tipo de carro, n\u00famero de maletas y si llev\u00e1is equipaje especial (cuna de viaje, carrito doble, tabla de paddle peque\u00f1a en verano\u2026 pasa m\u00e1s de lo que imaginas). El segundo es pactar \u201cmodo siesta\u201d: conducci\u00f3n suave, sin m\u00fasica o con su playlist favorita a volumen bajo. El tercero es el kit mini-emergencias: toallitas, muda, snack y botella de agua. El taxi tiene espacio, pero tu bolsa manda. Y el cuarto, comunicaci\u00f3n directa: si sal\u00eds con retraso del hotel o quer\u00e9is a\u00f1adir una silla m\u00e1s, nos lo dices y reajustamos. No hay drama.<\/p>\n\n\n\n<h2 class=\"wp-block-heading\">Taxi, transfer o VTC: qu\u00e9 conviene a una familia<\/h2>\n\n\n\n<p>A veces el nombre confunde m\u00e1s que ayuda. En la pr\u00e1ctica, para una familia que necesita sillas infantiles y flexibilidad, un taxi local con reserva funciona muy bien: acceso a carriles, experiencia en recogidas de aeropuerto y cintura para reaccionar a cambios de \u00faltima hora. El transfer privado es \u00fatil para grupos grandes con itinerarios cerrados, y el VTC puede encajar seg\u00fan la zona y temporada, aunque en picos de demanda un taxi con licencia de M\u00e1laga suele moverse con m\u00e1s agilidad dentro de la ciudad. En ElTaxi 033 mezclamos lo mejor de ambos mundos: confirmaci\u00f3n anticipada y capacidad real de respuesta si el avi\u00f3n se adelanta, el beb\u00e9 se desvela o hay que parar por pa\u00f1ales.<\/p>\n\n\n\n<h2 class=\"wp-block-heading\">Por qu\u00e9 tantas familias eligen ElTaxi 033 en M\u00e1laga<\/h2>\n\n\n\n<p>Porque prometemos poco y cumplimos mucho: puntualidad, sillas homologadas, veh\u00edculos amplios de verdad y trato cercano. En <a href=\"https:\/\/eltaxi033.com\/malaga\/blog\/seguridad-y-garantia-con-taxi-malaga\/\">taxis M\u00e1laga te ofrecemos garant\u00edas y seguridad<\/a> porque somos gente que tambi\u00e9n viaja con ni\u00f1os y sabe lo que es negociar una salida del hotel con dos mochilas, un carro y un \u201cno encuentro mi zapatilla\u201d. Nuestra flota incluye monovol\u00famenes 7\u20138 plazas, maleteros XL y, bajo demanda, bacas. Aceptamos tarjeta, Bizum y efectivo, emitimos factura con IVA si la necesitas y atendemos 24\/7. Hablamos tu idioma y tambi\u00e9n la lengua de la siesta: si el peque se ha quedado dormido, bajamos la voz y suavizamos la marcha. Lo importante es llegar bien.<\/p>\n\n\n\n<figure class=\"wp-block-image size-full\"><img decoding=\"async\" width=\"736\" height=\"414\" src=\"https:\/\/eltaxi033.com\/malaga\/wp-content\/uploads\/sites\/7\/2025\/10\/https___cloudfront-eu-central-1.images.arcpublishing.com_prisaradio_EKM7RFFFL5BADEYWMZB3CV7VMQ.webp\" alt=\"https cloudfront eu central 1.images.arcpublishing.com prisaradio EKM7RFFFL5BADEYWMZB3CV7VMQ\" class=\"wp-image-619\" srcset=\"https:\/\/eltaxi033.com\/malaga\/wp-content\/uploads\/sites\/7\/2025\/10\/https___cloudfront-eu-central-1.images.arcpublishing.com_prisaradio_EKM7RFFFL5BADEYWMZB3CV7VMQ.webp 736w, https:\/\/eltaxi033.com\/malaga\/wp-content\/uploads\/sites\/7\/2025\/10\/https___cloudfront-eu-central-1.images.arcpublishing.com_prisaradio_EKM7RFFFL5BADEYWMZB3CV7VMQ-300x169.webp 300w\" sizes=\"(max-width: 736px) 100vw, 736px\" \/><\/figure>\n\n\n\n<p>Al final, elegir taxis en M\u00e1laga para moverte en familia va de eso: reducir fricci\u00f3n, ganar tiempo y cuidar la seguridad. Si nos cuentas cu\u00e1ndo lleg\u00e1is, d\u00f3nde os aloj\u00e1is y la edad de los peques, te enviamos en un momento el precio cerrado y la confirmaci\u00f3n de sillas. Y cuando pong\u00e1is un pie en M\u00e1laga, solo tendr\u00e9is que hacer lo m\u00e1s importante: disfrutar. Del resto, nos encargamos nosotros en ElTaxi 033.<\/p>\n\n\n\n<h2 class=\"wp-block-heading\">Preguntas frecuentes sobre taxis en M\u00e1laga<\/h2>\n\n\n\n<h3 class=\"wp-block-heading\">\u00bfC\u00f3mo reservo un taxi con silla infantil?<\/h3>\n\n\n\n<p>Por WhatsApp, tel\u00e9fono o web; dinos fecha\/hora, direcciones, n\u00ba de pasajeros y edades\/alturas de los peques.<\/p>\n\n\n\n<h3 class=\"wp-block-heading\">\u00bfLas sillas est\u00e1n homologadas?<\/h3>\n\n\n\n<p>S\u00ed. Usamos SRIs homologados y revisados: a contramarcha, arn\u00e9s 5 puntos y alzadores con respaldo seg\u00fan talla.<\/p>\n\n\n\n<h3 class=\"wp-block-heading\">\u00bfEl precio es cerrado?<\/h3>\n\n\n\n<p>Al confirmar reserva enviamos tarifa cerrada y suplemento moderado por silla, con espera de cortes\u00eda en llegadas.<\/p>\n\n\n\n<h3 class=\"wp-block-heading\">\u00bfQu\u00e9 pasa si mi vuelo se retrasa?<\/h3>\n\n\n\n<p>Monitorizamos tu vuelo y ajustamos la hora de recogida sin que tengas que avisar en el \u00faltimo minuto.<\/p>\n\n\n\n<h3 class=\"wp-block-heading\">\u00bfTen\u00e9is veh\u00edculos grandes?<\/h3>\n\n\n\n<p>S\u00ed, monovol\u00famenes 7\u20138 plazas y maletero XL; bajo demanda, bacas para cuna de viaje o carro doble.<\/p>\n\n\n\n<section class=\"faq-etaxi033\" itemscope itemtype=\"https:\/\/schema.org\/FAQPage\">\n  <h2>Preguntas frecuentes<\/h2>\n\n  <article itemscope itemprop=\"mainEntity\" itemtype=\"https:\/\/schema.org\/Question\">\n    <details>\n      <summary><span itemprop=\"name\">\u00bfC\u00f3mo reservo un taxi con silla infantil?<\/span><\/summary>\n      <div itemscope itemprop=\"acceptedAnswer\" itemtype=\"https:\/\/schema.org\/Answer\">\n        <p itemprop=\"text\">Reserva por WhatsApp, tel\u00e9fono o web indicando fecha y hora, direcciones, n\u00famero de pasajeros y edades\/alturas de los ni\u00f1os.<\/p>\n      <\/div>\n    <\/details>\n  <\/article>\n\n  <article itemscope itemprop=\"mainEntity\" itemtype=\"https:\/\/schema.org\/Question\">\n    <details>\n      <summary><span itemprop=\"name\">\u00bfLas sillas est\u00e1n homologadas?<\/span><\/summary>\n      <div itemscope itemprop=\"acceptedAnswer\" itemtype=\"https:\/\/schema.org\/Answer\">\n        <p itemprop=\"text\">S\u00ed. Usamos sistemas de retenci\u00f3n infantil homologados: a contramarcha para beb\u00e9s, sillas con arn\u00e9s de 5 puntos y alzadores con respaldo seg\u00fan talla.<\/p>\n      <\/div>\n    <\/details>\n  <\/article>\n\n  <article itemscope itemprop=\"mainEntity\" itemtype=\"https:\/\/schema.org\/Question\">\n    <details>\n      <summary><span itemprop=\"name\">\u00bfEl precio es cerrado?<\/span><\/summary>\n      <div itemscope itemprop=\"acceptedAnswer\" itemtype=\"https:\/\/schema.org\/Answer\">\n        <p itemprop=\"text\">Al confirmar la reserva enviamos tarifa cerrada y suplemento moderado por silla, con tiempo de espera de cortes\u00eda en llegadas.<\/p>\n      <\/div>\n    <\/details>\n  <\/article>\n\n  <article itemscope itemprop=\"mainEntity\" itemtype=\"https:\/\/schema.org\/Question\">\n    <details>\n      <summary><span itemprop=\"name\">\u00bfQu\u00e9 pasa si mi vuelo se retrasa?<\/span><\/summary>\n      <div itemscope itemprop=\"acceptedAnswer\" itemtype=\"https:\/\/schema.org\/Answer\">\n        <p itemprop=\"text\">Monitorizamos tu vuelo y ajustamos la recogida autom\u00e1ticamente; no necesitas llamar a \u00faltima hora.<\/p>\n      <\/div>\n    <\/details>\n  <\/article>\n\n  <article itemscope itemprop=\"mainEntity\" itemtype=\"https:\/\/schema.org\/Question\">\n    <details>\n      <summary><span itemprop=\"name\">\u00bfTen\u00e9is veh\u00edculos grandes?<\/span><\/summary>\n      <div itemscope itemprop=\"acceptedAnswer\" itemtype=\"https:\/\/schema.org\/Answer\">\n        <p itemprop=\"text\">S\u00ed, contamos con monovol\u00famenes de 7\u20138 plazas y maletero XL; bajo demanda, bacas para cuna de viaje o carro gemelar.<\/p>\n      <\/div>\n    <\/details>\n  <\/article>\n<\/section>\n\n","protected":false,"gt_translate_keys":[{"key":"rendered","format":"html"}]},"excerpt":{"rendered":"<p>Viajar con peques por la Costa del Sol no deber\u00eda sentirse como una gymkana. Entre maletas, cochecito, meriendas y ese \u201c\u00bffalta mucho?\u201d que aparece a los diez minutos, lo que m\u00e1s se agradece es quitar fricci\u00f3n. En ElTaxi 033 llevamos a\u00f1os moviendo familias entre el Aeropuerto de M\u00e1laga\u2013Costa del Sol, el centro y destinos como [&hellip;]<\/p>\n","protected":false,"gt_translate_keys":[{"key":"rendered","format":"html"}]},"author":3,"featured_media":628,"comment_status":"closed","ping_status":"open","sticky":false,"template":"","format":"standard","meta":{"_joinchat":[],"footnotes":""},"categories":[1],"tags":[],"class_list":["post-627","post","type-post","status-publish","format-standard","has-post-thumbnail","hentry","category-sin-categoria"],"gt_translate_keys":[{"key":"link","format":"url"}],"_links":{"self":[{"href":"https:\/\/eltaxi033.com\/malaga\/wp-json\/wp\/v2\/posts\/627","targetHints":{"allow":["GET"]}}],"collection":[{"href":"https:\/\/eltaxi033.com\/malaga\/wp-json\/wp\/v2\/posts"}],"about":[{"href":"https:\/\/eltaxi033.com\/malaga\/wp-json\/wp\/v2\/types\/post"}],"author":[{"embeddable":true,"href":"https:\/\/eltaxi033.com\/malaga\/wp-json\/wp\/v2\/users\/3"}],"replies":[{"embeddable":true,"href":"https:\/\/eltaxi033.com\/malaga\/wp-json\/wp\/v2\/comments?post=627"}],"version-history":[{"count":1,"href":"https:\/\/eltaxi033.com\/malaga\/wp-json\/wp\/v2\/posts\/627\/revisions"}],"predecessor-version":[{"id":630,"href":"https:\/\/eltaxi033.com\/malaga\/wp-json\/wp\/v2\/posts\/627\/revisions\/630"}],"wp:featuredmedia":[{"embeddable":true,"href":"https:\/\/eltaxi033.com\/malaga\/wp-json\/wp\/v2\/media\/628"}],"wp:attachment":[{"href":"https:\/\/eltaxi033.com\/malaga\/wp-json\/wp\/v2\/media?parent=627"}],"wp:term":[{"taxonomy":"category","embeddable":true,"href":"https:\/\/eltaxi033.com\/malaga\/wp-json\/wp\/v2\/categories?post=627"},{"taxonomy":"post_tag","embeddable":true,"href":"https:\/\/eltaxi033.com\/malaga\/wp-json\/wp\/v2\/tags?post=627"}],"curies":[{"name":"wp","href":"https:\/\/api.w.org\/{rel}","templated":true}]}}