{"id":623,"date":"2025-10-13T15:41:37","date_gmt":"2025-10-13T13:41:37","guid":{"rendered":"https:\/\/eltaxi033.com\/malaga\/?p=623"},"modified":"2026-02-23T09:49:43","modified_gmt":"2026-02-23T08:49:43","slug":"taxi-malaga-salir-en-hora-punta","status":"publish","type":"post","link":"https:\/\/eltaxi033.com\/malaga\/blog\/taxi-malaga-salir-en-hora-punta\/","title":{"rendered":"Taxi M\u00e1laga para salir del centro en hora punta","gt_translate_keys":[{"key":"rendered","format":"text"}]},"content":{"rendered":"\n<p>Salir del Centro Hist\u00f3rico cuando la ciudad aprieta no tiene por qu\u00e9 ser un drama. En ElTaxi 033 vivimos cada d\u00eda los picos de tr\u00e1fico de M\u00e1laga y sabemos por d\u00f3nde \u201crespira\u201d la ciudad cuando Larios, Alameda y la Marina se ponen densas. Esta gu\u00eda est\u00e1 pensada para que pidas tu <a href=\"https:\/\/eltaxi033.com\/malaga\/\">taxi M\u00e1laga<\/a>, elijas bien el punto de recogida y llegues a tiempo a Vialia, Teatinos, el aeropuerto o la zona este sin dar mil vueltas. Sin tecnicismos, sin promesas m\u00e1gicas: con oficio y rutas con sentido.<\/p>\n\n\n\n<figure class=\"wp-block-image size-large\"><img fetchpriority=\"high\" decoding=\"async\" width=\"1024\" height=\"683\" src=\"https:\/\/eltaxi033.com\/malaga\/wp-content\/uploads\/sites\/7\/2025\/10\/hombre-mirando-el-reloj-de-la-calle-1024x683.webp\" alt=\"hombre mirando el reloj de la calle\" class=\"wp-image-624\" srcset=\"https:\/\/eltaxi033.com\/malaga\/wp-content\/uploads\/sites\/7\/2025\/10\/hombre-mirando-el-reloj-de-la-calle-1024x683.webp 1024w, https:\/\/eltaxi033.com\/malaga\/wp-content\/uploads\/sites\/7\/2025\/10\/hombre-mirando-el-reloj-de-la-calle-300x200.webp 300w, https:\/\/eltaxi033.com\/malaga\/wp-content\/uploads\/sites\/7\/2025\/10\/hombre-mirando-el-reloj-de-la-calle-768x512.webp 768w, https:\/\/eltaxi033.com\/malaga\/wp-content\/uploads\/sites\/7\/2025\/10\/hombre-mirando-el-reloj-de-la-calle-1536x1024.webp 1536w, https:\/\/eltaxi033.com\/malaga\/wp-content\/uploads\/sites\/7\/2025\/10\/hombre-mirando-el-reloj-de-la-calle-2048x1365.webp 2048w\" sizes=\"(max-width: 1024px) 100vw, 1024px\" \/><\/figure>\n\n\n\n<h2 class=\"wp-block-heading\">D\u00f3nde pedir el taxi para no perder minutos<\/h2>\n\n\n\n<p>La clave en hora punta no es solo el coche; es el punto de encuentro. Si est\u00e1s en el casco peatonal (Catedral, Alcazaba, Teatro Romano, calle Larios), lo m\u00e1s eficiente es caminar un par de minutos hasta una esquina con acceso \u00e1gil. Plaza de la Marina funciona de maravilla para salir hacia Vialia o Cruz de Humilladero porque nos permite enlazar r\u00e1pido con Puente de Tetu\u00e1n y Av. Andaluc\u00eda. Los laterales de la Alameda Principal son otro comod\u00edn cuando vienes del Soho o de Larios: ah\u00ed solemos \u201csaltar\u201d hacia el Paseo del Parque o hacia el interior sin quedar atrapados. Si te mueves por Carreter\u00eda\/Tribuna, buscamos tramos habilitados para que el taxi no tenga que hacer un \u201ctour tur\u00edstico\u201d innecesario. \u00bfEst\u00e1s por el puerto? Muelle Uno y el Palmeral son ideales para tomar el Paseo Mar\u00edtimo o conectar con la MA-20 seg\u00fan veamos el flujo.<\/p>\n\n\n\n<p>Un detalle que ahorra tiempo: al pedir el taxi en M\u00e1laga, ind\u00edcanos portal y referente claro (\u201ckiosco verde\u201d, \u201cesquina del hotel X\u201d). Esa precisi\u00f3n evita vueltas y te subes antes. Si llueve, te proponemos un punto techado cercano; si hay evento, movemos la recogida una o dos calles para esquivar el embudo principal.<\/p>\n\n\n\n<h2 class=\"wp-block-heading\">Rutas que usamos seg\u00fan destino (y por qu\u00e9)<\/h2>\n\n\n\n<p>Hacia la estaci\u00f3n Mar\u00eda Zambrano solemos tirar de Alameda, Puente de Tetu\u00e1n y Av. Andaluc\u00eda; si esa arteria no respira, cogemos paralelas y rematamos por H\u00e9roe de Sostoa. A Teatinos o el Cl\u00ednico, lo habitual es salir por Av. Andaluc\u00eda y buscar el Bulevar Louis Pasteur; cuando hay atasco de manual, nos abrimos a las rondas para recortar minutos. Para el aeropuerto de M\u00e1laga, la salida natural es la MA-20; si la cosa est\u00e1 trabada por obras o choque, conocemos alternativas por Los Prados que, sin ser \u201catajos secretos\u201d, evitan quedarse parados. \u00bfTirada a El Palo o Pedregalejo? Si el Paseo Mar\u00edtimo va fluido, es c\u00f3modo y agradable; si las rotondas de la costa est\u00e1n pico a pico, nos metemos por interiores y gestionamos mejor los sem\u00e1foros.<\/p>\n\n\n\n<p>Ojo con los tiempos: en hora punta, centro-Vialia suele moverse en 8\u201318 minutos; centro-Aeropuerto, entre 20\u201335; centro-Teatinos, 15\u201330; centro-El Palo, 15\u201330. No vendemos humo: te damos un rango honesto, te explicamos la jugada y, si cambia el panorama, reajustamos la ruta sobre la marcha.<\/p>\n\n\n\n<h2 class=\"wp-block-heading\">Consejos pr\u00e1cticos que marcan diferencia<\/h2>\n\n\n\n<p>Pide el taxi con diez minutos de margen si sales de \u00e1rea peatonal; nosotros nos acercamos a la boca de acceso m\u00e1s l\u00f3gica y t\u00fa no esperas de pie mirando el reloj. Al reservar, di destino y urgencia: saber que tienes un AVE a las 18:05 o un vuelo a las 20:30 nos hace elegir itinerario desde que arrancamos. Viajas con peques: tenemos silla infantil si la solicitas. \u00bfSois cinco o seis con maletas? Mejor un monovolumen 7 plazas que dos coches persigui\u00e9ndose por el centro. \u00bfNecesitas taxi adaptado? Con un poco de antelaci\u00f3n lo coordinamos sin problema. En pagos no hay misterio: tarjeta, Bizum o efectivo; si eres empresa o aut\u00f3nomo, emitimos factura y, si lo deseas, gestionamos cuenta corporativa para recogidas programadas y cierre mensual.<\/p>\n\n\n\n<figure class=\"wp-block-image size-large\"><img decoding=\"async\" width=\"1024\" height=\"732\" src=\"https:\/\/eltaxi033.com\/malaga\/wp-content\/uploads\/sites\/7\/2025\/10\/persona-social-integrada-en-el-espacio-de-trabajo-1024x732.webp\" alt=\"persona social integrada en el espacio de trabajo\" class=\"wp-image-625\" srcset=\"https:\/\/eltaxi033.com\/malaga\/wp-content\/uploads\/sites\/7\/2025\/10\/persona-social-integrada-en-el-espacio-de-trabajo-1024x732.webp 1024w, https:\/\/eltaxi033.com\/malaga\/wp-content\/uploads\/sites\/7\/2025\/10\/persona-social-integrada-en-el-espacio-de-trabajo-300x214.webp 300w, https:\/\/eltaxi033.com\/malaga\/wp-content\/uploads\/sites\/7\/2025\/10\/persona-social-integrada-en-el-espacio-de-trabajo-768x549.webp 768w, https:\/\/eltaxi033.com\/malaga\/wp-content\/uploads\/sites\/7\/2025\/10\/persona-social-integrada-en-el-espacio-de-trabajo-1536x1097.webp 1536w, https:\/\/eltaxi033.com\/malaga\/wp-content\/uploads\/sites\/7\/2025\/10\/persona-social-integrada-en-el-espacio-de-trabajo-2048x1463.webp 2048w\" sizes=\"(max-width: 1024px) 100vw, 1024px\" \/><\/figure>\n\n\n\n<p>Cuando el cielo se abre y M\u00e1laga decide regalar una tormenta, el tr\u00e1fico cambia de guion. A\u00f1adimos m\u00e1s unidades en la franja cr\u00edtica y movemos puntos de encuentro a esquinas con mejor desag\u00fce de coches y personas. Si hay concierto, partido o feria, te avisamos si tu calle queda cortada y te proponemos una alternativa a uno o dos minutos andando. En hora punta, aceptar esa sugerencia es ahorrar tiempo real. Y si vas a <a href=\"https:\/\/eltaxi033.com\/malaga\/blog\/guia-expres-reserva-taxi-malaga-noches\/\">reservar taxi M\u00e1laga de noche, en nuestro blog te dejamos una gu\u00eda expr\u00e9s para que sea m\u00e1s r\u00e1pido.<\/a><\/p>\n\n\n\n<h2 class=\"wp-block-heading\">Casos que vemos todos los d\u00edas (y c\u00f3mo los resolvemos)<\/h2>\n\n\n\n<p>Sales de una reuni\u00f3n en Larios, tienes el AVE en 22 minutos y vas con port\u00e1til a la espalda. Te citamos en Plaza de la Marina, te subes en menos de lo que tarda un sem\u00e1foro y bajamos por Tetu\u00e1n sin \u201cinventos\u201d. Si el cruce de Av. Andaluc\u00eda est\u00e1 denso, buscamos la paralela: preferimos avanzar a 25 que quedarnos clavados a 0. Llegas a Vialia con margen para bocata.<\/p>\n\n\n\n<p>Otra: pareja con carro de beb\u00e9 y lluvia a c\u00e1ntaros. Proponemos recogida techada, enviamos una unidad con maletero amplio y, si lo pides, colocamos la silla infantil. Ajustamos la ruta para evitar charcos traicioneros y pasos de peatones en cuesta. Resultado: coche seco, beb\u00e9 tranquilo, padres sin sudadera empapada.<\/p>\n\n\n\n<p>Y el cl\u00e1sico de aeropuerto: grupo de cinco con dos maletas grandes y salida a las 19:10 en plena hora punta. Mandamos monovolumen, verificamos que el vuelo sea con facturaci\u00f3n y salimos con margen realista. Si la MA-20 va marr\u00f3n, nos abrimos por el corredor que en ese tramo del d\u00eda suele respirar mejor. Lo importante no es correr: es no quedarse parado donde todos se paran.<\/p>\n\n\n\n<h2 class=\"wp-block-heading\">Lo que hace diferente a ElTaxi 033<\/h2>\n\n\n\n<p>Conocemos la ciudad al detalle, pero no nos casamos con una \u00fanica ruta \u201cde manual\u201d. Combinamos experiencia de calle con datos en tiempo real: esas dos cosas juntas explican por qu\u00e9 a veces damos un peque\u00f1o rodeo para ganar minutos m\u00e1s adelante. Hablamos claro: si el centro est\u00e1 imposible, lo decimos y proponemos un punto de recogida alternativo; si necesitas s\u00ed o s\u00ed estar a una hora, construimos la salida contando con lo peor y celebramos si toca lo mejor. Cuidamos el viaje: limpieza, climatizaci\u00f3n que de verdad enfr\u00eda en agosto, mampara si la prefieres, conversaci\u00f3n amable o silencio para que atiendas una llamada; t\u00fa marcas el tono.<\/p>\n\n\n\n<p>Y, sobre todo, entendemos la intenci\u00f3n detr\u00e1s de cada servicio. No es solo pedir un taxi en M\u00e1laga: es llegar a tiempo, reducir estr\u00e9s y no sentir que la ciudad te gana la partida. Para eso estamos. Para elegir la esquina que conviene, la rotonda que hoy va, el desv\u00edo que ma\u00f1ana ahorra cinco minutos y ese atajo que no es secreto, pero s\u00ed oportuno.<\/p>\n\n\n\n<figure class=\"wp-block-image size-full\"><img decoding=\"async\" width=\"736\" height=\"414\" src=\"https:\/\/eltaxi033.com\/malaga\/wp-content\/uploads\/sites\/7\/2025\/10\/https___cloudfront-eu-central-1.images.arcpublishing.com_prisaradio_EKM7RFFFL5BADEYWMZB3CV7VMQ.webp\" alt=\"https cloudfront eu central 1.images.arcpublishing.com prisaradio EKM7RFFFL5BADEYWMZB3CV7VMQ\" class=\"wp-image-619\" srcset=\"https:\/\/eltaxi033.com\/malaga\/wp-content\/uploads\/sites\/7\/2025\/10\/https___cloudfront-eu-central-1.images.arcpublishing.com_prisaradio_EKM7RFFFL5BADEYWMZB3CV7VMQ.webp 736w, https:\/\/eltaxi033.com\/malaga\/wp-content\/uploads\/sites\/7\/2025\/10\/https___cloudfront-eu-central-1.images.arcpublishing.com_prisaradio_EKM7RFFFL5BADEYWMZB3CV7VMQ-300x169.webp 300w\" sizes=\"(max-width: 736px) 100vw, 736px\" \/><\/figure>\n\n\n\n<p>\u00bfListo para salir del centro sin guerra? Escr\u00edbenos o ll\u00e1manos, dinos d\u00f3nde est\u00e1s y a d\u00f3nde vas, y te decimos en un segundo el punto de recogida m\u00e1s r\u00e1pido. S\u00fabete, respira, mira el mar si toca Paseo, y deja que nos peleemos nosotros con el tr\u00e1fico. Con <a href=\"https:\/\/eltaxi033.com\/\">ElTaxi 033<\/a>, la hora punta ser\u00e1 solo una an\u00e9cdota entre donde est\u00e1s y donde quieres llegar.<\/p>\n\n\n\n<h2 class=\"wp-block-heading\"><strong>Preguntas frecuentes para salir del centro con taxi M\u00e1laga <\/strong><\/h2>\n\n\n\n<h3 class=\"wp-block-heading\">\u00bfDesde qu\u00e9 punto me recog\u00e9is m\u00e1s r\u00e1pido en el centro?<\/h3>\n\n\n\n<p>Plaza de la Marina o laterales de Alameda; proponemos el punto exacto seg\u00fan cortes y afluencia.<\/p>\n\n\n\n<h3 class=\"wp-block-heading\">\u00bfCu\u00e1nto tardo al aeropuerto en hora punta?<\/h3>\n\n\n\n<p>Entre 20 y 35 minutos; si facturas maletas, a\u00f1ade margen extra.<\/p>\n\n\n\n<h3 class=\"wp-block-heading\">\u00bfPuedo pagar con tarjeta o Bizum?<\/h3>\n\n\n\n<p>S\u00ed, adem\u00e1s de efectivo. Emitimos recibo y factura para empresas\/aut\u00f3nomos.<\/p>\n\n\n\n<h3 class=\"wp-block-heading\">\u00bfAcept\u00e1is reservas y taxis adaptados\/7 plazas?<\/h3>\n\n\n\n<p>S\u00ed. Recomendada la reserva en picos, y coordinamos adaptado o 7 plazas con antelaci\u00f3n.<\/p>\n\n\n\n<h3 class=\"wp-block-heading\">\u00bfQu\u00e9 hago si estoy en calle peatonal?<\/h3>\n\n\n\n<p>Te sugerimos la esquina accesible m\u00e1s cercana (Marina\/Alameda\/Carreter\u00eda) para minimizar esperas.<\/p>\n\n\n\n<script type=\"application\/ld+json\">\n{\n  \"@context\": \"https:\/\/schema.org\",\n  \"@type\": \"FAQPage\",\n  \"mainEntity\": [\n    {\n      \"@type\": \"Question\",\n      \"name\": \"\u00bfDesde qu\u00e9 punto me recog\u00e9is m\u00e1s r\u00e1pido en el centro?\",\n      \"acceptedAnswer\": {\n        \"@type\": \"Answer\",\n        \"text\": \"Plaza de la Marina o los laterales de la Alameda. Elegimos el punto exacto seg\u00fan cortes y afluencia para que subas antes.\"\n      }\n    },\n    {\n      \"@type\": \"Question\",\n      \"name\": \"\u00bfCu\u00e1nto tardo al aeropuerto en hora punta?\",\n      \"acceptedAnswer\": {\n        \"@type\": \"Answer\",\n        \"text\": \"Entre 20 y 35 minutos desde el centro. Si debes facturar maletas, a\u00f1ade margen extra para ir tranquilo.\"\n      }\n    },\n    {\n      \"@type\": \"Question\",\n      \"name\": \"\u00bfPuedo pagar con tarjeta o Bizum?\",\n      \"acceptedAnswer\": {\n        \"@type\": \"Answer\",\n        \"text\": \"S\u00ed, aceptamos tarjeta, Bizum y efectivo. Emitimos recibo y factura para empresas y aut\u00f3nomos.\"\n      }\n    },\n    {\n      \"@type\": \"Question\",\n      \"name\": \"\u00bfAcept\u00e1is reservas y taxis adaptados o 7 plazas?\",\n      \"acceptedAnswer\": {\n        \"@type\": \"Answer\",\n        \"text\": \"S\u00ed. Recomendamos reservar en horas pico. Coordinamos taxi adaptado y monovolumen de 7 plazas con antelaci\u00f3n.\"\n      }\n    },\n    {\n      \"@type\": \"Question\",\n      \"name\": \"\u00bfQu\u00e9 hago si estoy en una calle peatonal?\",\n      \"acceptedAnswer\": {\n        \"@type\": \"Answer\",\n        \"text\": \"Te propondremos la esquina accesible m\u00e1s cercana (Marina, Alameda o Carreter\u00eda) para minimizar esperas y evitar rodeos.\"\n      }\n    }\n  ]\n}\n<\/script>\n\n","protected":false,"gt_translate_keys":[{"key":"rendered","format":"html"}]},"excerpt":{"rendered":"<p>Salir del Centro Hist\u00f3rico cuando la ciudad aprieta no tiene por qu\u00e9 ser un drama. En ElTaxi 033 vivimos cada d\u00eda los picos de tr\u00e1fico de M\u00e1laga y sabemos por d\u00f3nde \u201crespira\u201d la ciudad cuando Larios, Alameda y la Marina se ponen densas. Esta gu\u00eda est\u00e1 pensada para que pidas tu taxi M\u00e1laga, elijas bien [&hellip;]<\/p>\n","protected":false,"gt_translate_keys":[{"key":"rendered","format":"html"}]},"author":3,"featured_media":624,"comment_status":"closed","ping_status":"open","sticky":false,"template":"","format":"standard","meta":{"_joinchat":[],"footnotes":""},"categories":[1],"tags":[],"class_list":["post-623","post","type-post","status-publish","format-standard","has-post-thumbnail","hentry","category-sin-categoria"],"gt_translate_keys":[{"key":"link","format":"url"}],"_links":{"self":[{"href":"https:\/\/eltaxi033.com\/malaga\/wp-json\/wp\/v2\/posts\/623","targetHints":{"allow":["GET"]}}],"collection":[{"href":"https:\/\/eltaxi033.com\/malaga\/wp-json\/wp\/v2\/posts"}],"about":[{"href":"https:\/\/eltaxi033.com\/malaga\/wp-json\/wp\/v2\/types\/post"}],"author":[{"embeddable":true,"href":"https:\/\/eltaxi033.com\/malaga\/wp-json\/wp\/v2\/users\/3"}],"replies":[{"embeddable":true,"href":"https:\/\/eltaxi033.com\/malaga\/wp-json\/wp\/v2\/comments?post=623"}],"version-history":[{"count":1,"href":"https:\/\/eltaxi033.com\/malaga\/wp-json\/wp\/v2\/posts\/623\/revisions"}],"predecessor-version":[{"id":626,"href":"https:\/\/eltaxi033.com\/malaga\/wp-json\/wp\/v2\/posts\/623\/revisions\/626"}],"wp:featuredmedia":[{"embeddable":true,"href":"https:\/\/eltaxi033.com\/malaga\/wp-json\/wp\/v2\/media\/624"}],"wp:attachment":[{"href":"https:\/\/eltaxi033.com\/malaga\/wp-json\/wp\/v2\/media?parent=623"}],"wp:term":[{"taxonomy":"category","embeddable":true,"href":"https:\/\/eltaxi033.com\/malaga\/wp-json\/wp\/v2\/categories?post=623"},{"taxonomy":"post_tag","embeddable":true,"href":"https:\/\/eltaxi033.com\/malaga\/wp-json\/wp\/v2\/tags?post=623"}],"curies":[{"name":"wp","href":"https:\/\/api.w.org\/{rel}","templated":true}]}}