{"id":546,"date":"2025-09-23T00:22:22","date_gmt":"2025-09-22T22:22:22","guid":{"rendered":"https:\/\/eltaxi033.com\/malaga\/?p=546"},"modified":"2026-02-23T09:49:48","modified_gmt":"2026-02-23T08:49:48","slug":"evita-transbordo-con-nerja-malaga-taxi","status":"publish","type":"post","link":"https:\/\/eltaxi033.com\/malaga\/blog\/evita-transbordo-con-nerja-malaga-taxi\/","title":{"rendered":"Evita transbordos: mejores horarios para Nerja M\u00e1laga taxi","gt_translate_keys":[{"key":"rendered","format":"text"}]},"content":{"rendered":"\n<p>\u00bfTe suena ese viajecito que se complica por un transbordo absurdo, maletas por aqu\u00ed y ni\u00f1os por all\u00e1? A todos nos ha pasado. Por eso, en <strong>ElTaxi 033<\/strong> somos muy fans de lo simple: <strong>trayecto directo Nerja \u2192 M\u00e1laga<\/strong> (o viceversa) sin paradas raras ni carreras por estaciones. Puerta a puerta, c\u00f3modo y con horarios pensados para no comerte atascos. En esta gu\u00eda te contamos <strong>cu\u00e1ndo<\/strong> conviene moverse y <strong>c\u00f3mo<\/strong> organizar tu <strong><a href=\"https:\/\/eltaxi033.com\/malaga\/\">Nerja M\u00e1laga taxi<\/a><\/strong> para que el viaje sea un paseo.<\/p>\n\n\n\n<figure class=\"wp-block-image size-large\"><img fetchpriority=\"high\" decoding=\"async\" width=\"1024\" height=\"768\" src=\"https:\/\/eltaxi033.com\/malaga\/wp-content\/uploads\/sites\/7\/2025\/09\/pexels-mrimon182048-33969568-1024x768.webp\" alt=\"pexels mrimon182048 33969568\" class=\"wp-image-547\" srcset=\"https:\/\/eltaxi033.com\/malaga\/wp-content\/uploads\/sites\/7\/2025\/09\/pexels-mrimon182048-33969568-1024x768.webp 1024w, https:\/\/eltaxi033.com\/malaga\/wp-content\/uploads\/sites\/7\/2025\/09\/pexels-mrimon182048-33969568-300x225.webp 300w, https:\/\/eltaxi033.com\/malaga\/wp-content\/uploads\/sites\/7\/2025\/09\/pexels-mrimon182048-33969568-768x576.webp 768w, https:\/\/eltaxi033.com\/malaga\/wp-content\/uploads\/sites\/7\/2025\/09\/pexels-mrimon182048-33969568-1536x1152.webp 1536w, https:\/\/eltaxi033.com\/malaga\/wp-content\/uploads\/sites\/7\/2025\/09\/pexels-mrimon182048-33969568-2048x1536.webp 2048w\" sizes=\"(max-width: 1024px) 100vw, 1024px\" \/><\/figure>\n\n\n\n<h2 class=\"wp-block-heading\">Por qu\u00e9 elegir un taxi directo (y olvidarte de los transbordos)<\/h2>\n\n\n\n<ul class=\"wp-block-list\">\n<li><strong>Puerta a puerta real:<\/strong> te recogemos en tu alojamiento de Nerja (hotel, villa, apartamento en Burriana, Capistrano, Parador\u2026) y te dejamos donde toca en M\u00e1laga: centro, Vialia, puerto o <strong>aeropuerto (AGP)<\/strong>.<\/li>\n\n\n\n<li><strong>Sin arrastrar equipaje:<\/strong> olv\u00eddate de subir y bajar bultos entre buses o trenes. Si llevas tablas, cochecito o tu \u201cmalet\u00f3n XL\u201d, vamos preparados.<\/li>\n\n\n\n<li><strong>Tiempo previsible:<\/strong> con un <strong>transfer privado Nerja\u2013M\u00e1laga<\/strong> controlas horarios. Nada de esperar conexiones.<\/li>\n\n\n\n<li><strong>Precio cerrado:<\/strong> en <strong>ElTaxi 033<\/strong> te damos tarifa final antes de confirmar. Cero sorpresas.<\/li>\n\n\n\n<li><strong>Confort y seguridad:<\/strong> flota cuidada, aire acondicionado (\u00a1bendito en verano!), y conductores con experiencia en la A-7.<\/li>\n<\/ul>\n\n\n\n<h2 class=\"wp-block-heading\">Mejores horarios para ir de Nerja a M\u00e1laga (o M\u00e1laga a Nerja)<\/h2>\n\n\n\n<p>No todos los d\u00edas ni todas las horas se conducen igual por la Costa del Sol. Estas son <strong>franjas horarias recomendadas<\/strong> para que tu <strong><a href=\"https:\/\/eltaxi033.com\/malaga\/\">Nerja M\u00e1laga taxi<\/a><\/strong> sea fluido:<\/p>\n\n\n\n<h3 class=\"wp-block-heading\">Si vas al <strong>Aeropuerto de M\u00e1laga (AGP)<\/strong><\/h3>\n\n\n\n<ul class=\"wp-block-list\">\n<li><strong>Madrug\u00f3n ganador (05:00\u201307:30):<\/strong> suele haber menos tr\u00e1fico. Si tu vuelo sale pronto, es la franja m\u00e1s tranquila para llegar con margen, pasar seguridad y desayunar sin prisa.<\/li>\n\n\n\n<li><strong>Mediod\u00eda amable (11:00\u201315:00):<\/strong> buena ventana para quienes vuelan por la tarde. Suele haber circulaci\u00f3n estable en la A-7.<\/li>\n\n\n\n<li><strong>Tarde-noche con ojo (17:00\u201321:00):<\/strong> en temporada alta y v\u00edsperas de festivo, puede haber m\u00e1s densidad. \u00bfSoluci\u00f3n? Reservar con tiempo y salir con un colch\u00f3n extra.<\/li>\n<\/ul>\n\n\n\n<p><strong>Tip 033:<\/strong> cu\u00e9ntanos tu n\u00famero de vuelo y <strong>ajustamos la hora de recogida<\/strong>. Monitorizamos posibles adelantos\/retardos y movemos la salida si hace falta.<\/p>\n\n\n\n<h3 class=\"wp-block-heading\">Si vas a <strong>M\u00e1laga centro o Vialia<\/strong><\/h3>\n\n\n\n<ul class=\"wp-block-list\">\n<li><strong>Evita la punta de entrada (07:30\u201309:30):<\/strong> coincide con desplazamientos laborales hacia M\u00e1laga. Mejor salir un poco antes o despu\u00e9s.<\/li>\n\n\n\n<li><strong>Franja dulce (10:00\u201313:30):<\/strong> ideal para turismo, recados o reuniones a media ma\u00f1ana.<\/li>\n\n\n\n<li><strong>Ventana \u201csiesta log\u00edstica\u201d (14:00\u201316:30):<\/strong> movimiento suave; perfect para check-ins, compras o citas m\u00e9dicas.<\/li>\n\n\n\n<li><strong>Regreso a Nerja:<\/strong> a partir de <strong>19:30\u201320:00<\/strong> la vuelta suele ir m\u00e1s relajada, sobre todo fuera de verano.<\/li>\n<\/ul>\n\n\n\n<h3 class=\"wp-block-heading\">Temporada alta, puentes y Semana Santa<\/h3>\n\n\n\n<ul class=\"wp-block-list\">\n<li><strong>Ma\u00f1anas tempranas<\/strong> y <strong>noches<\/strong> funcionan mejor para trayectos largos.<\/li>\n\n\n\n<li>Los <strong>domingos por la tarde<\/strong> hacia zonas de playa pueden ir cargaditos; planifica con antelaci\u00f3n.<\/li>\n\n\n\n<li>Reserva <strong>ida y vuelta<\/strong> con nosotros y fijamos horarios que esquivan lo peor. Si reservas con anticipaci\u00f3n, te dar\u00e1s cuenta que es <a href=\"https:\/\/eltaxi033.com\/malaga\/blog\/reservar-taxi-malaga-antes-llegues\/\" data-type=\"link\" data-id=\"https:\/\/eltaxi033.com\/malaga\/blog\/reservar-taxi-malaga-antes-llegues\/\">la opci\u00f3n m\u00e1s r\u00e1pida para empezar tu viaje.<\/a> <\/li>\n<\/ul>\n\n\n\n<h2 class=\"wp-block-heading\">Ruta y tiempos orientativos (sin humo)<\/h2>\n\n\n\n<p>La ruta habitual es la <strong>A-7 (Autov\u00eda del Mediterr\u00e1neo)<\/strong>, con vistas al mar que son un regalazo si no conduces. En condiciones normales, el <strong>traslado Nerja\u2013M\u00e1laga<\/strong> ronda <strong>45\u201360 minutos<\/strong>, seg\u00fan punto exacto de recogida\/entrega, obras puntuales o meteorolog\u00eda. Si hay eventos grandes en M\u00e1laga (cruceros, conciertos, f\u00fatbol, ferias), a\u00f1adimos un colchoncito de cortes\u00eda al horario.<\/p>\n\n\n\n<blockquote class=\"wp-block-quote is-layout-flow wp-block-quote-is-layout-flow\">\n<p><strong>Transparencia 033:<\/strong> si vemos retenciones en tiempo real, te proponemos <strong>salir antes<\/strong> o una <strong>variaci\u00f3n de ruta<\/strong>. Nuestro objetivo es que llegues a tiempo y tranquilo.<\/p>\n\n\n\n<figure class=\"wp-block-image size-large\"><img decoding=\"async\" width=\"1024\" height=\"683\" src=\"https:\/\/eltaxi033.com\/malaga\/wp-content\/uploads\/sites\/7\/2025\/09\/pexels-cottonbro-4606338-1024x683.webp\" alt=\"pexels cottonbro 4606338\" class=\"wp-image-549\" srcset=\"https:\/\/eltaxi033.com\/malaga\/wp-content\/uploads\/sites\/7\/2025\/09\/pexels-cottonbro-4606338-1024x683.webp 1024w, https:\/\/eltaxi033.com\/malaga\/wp-content\/uploads\/sites\/7\/2025\/09\/pexels-cottonbro-4606338-300x200.webp 300w, https:\/\/eltaxi033.com\/malaga\/wp-content\/uploads\/sites\/7\/2025\/09\/pexels-cottonbro-4606338-768x512.webp 768w, https:\/\/eltaxi033.com\/malaga\/wp-content\/uploads\/sites\/7\/2025\/09\/pexels-cottonbro-4606338-1536x1024.webp 1536w, https:\/\/eltaxi033.com\/malaga\/wp-content\/uploads\/sites\/7\/2025\/09\/pexels-cottonbro-4606338-2048x1365.webp 2048w\" sizes=\"(max-width: 1024px) 100vw, 1024px\" \/><\/figure>\n<\/blockquote>\n\n\n\n<h2 class=\"wp-block-heading\">Consejos pr\u00e1cticos para que todo fluya<\/h2>\n\n\n\n<ol class=\"wp-block-list\">\n<li><strong>Comparte tu ubicaci\u00f3n exacta:<\/strong> si es una urbanizaci\u00f3n con varias entradas, un pin de WhatsApp nos ahorra vueltas.<\/li>\n\n\n\n<li><strong>Di cu\u00e1ntos sois y el equipaje:<\/strong> \u00bfsilla infantil? \u00bfmaletas grandes? Llevamos el coche adecuado (sed\u00e1n, monovolumen, <strong>minivan 6\u20138 plazas<\/strong>).<\/li>\n\n\n\n<li><strong>Aeroportuarios:<\/strong> p\u00e1sanos <strong>n\u00ba de vuelo<\/strong>. Si aterrizas, hacemos <strong>meet &amp; greet<\/strong> con cartel en llegadas o recogida expr\u00e9s en el punto que te convenga.<\/li>\n\n\n\n<li><strong>Pagos y factura:<\/strong> tarjeta, Bizum o efectivo; <strong>enviamos factura<\/strong> para empresa si la necesitas.<\/li>\n\n\n\n<li><strong>M\u00e1rgenes inteligentes:<\/strong> para vuelos, a\u00f1ade margen para seguridad y control de pasaportes. Nosotros te proponemos hora \u00f3ptima de salida.<\/li>\n\n\n\n<li><strong>Plan B sin drama:<\/strong> si llueve a c\u00e1ntaros o hay accidente en la A-7, reoptimizamos ruta y te mantenemos al tanto por WhatsApp.<\/li>\n<\/ol>\n\n\n\n<h2 class=\"wp-block-heading\">Tarifas, extras y c\u00f3mo ahorrar sin perder comodidad<\/h2>\n\n\n\n<p>En <strong>ElTaxi 033<\/strong> trabajamos con <strong>precio cerrado<\/strong>: lo sabes antes de subirte. Algunas ideas para ajustar tu presupuesto:<\/p>\n\n\n\n<ul class=\"wp-block-list\">\n<li><strong>Comparte el transfer<\/strong> si viaj\u00e1is varios. Dividir una <strong>minivan<\/strong> entre 5\u20137 personas suele salir mejor que varios coches o que mezclar transporte p\u00fablico + transbordos.<\/li>\n\n\n\n<li><strong>Reserva ida y vuelta:<\/strong> adem\u00e1s de asegurar horarios top, suele tener mejor ajuste de tarifa.<\/li>\n\n\n\n<li><strong>Horarios inteligentes:<\/strong> moverte fuera de las puntas reduce tiempo en carretera (y eso, al final, es dinero y paz mental).<\/li>\n\n\n\n<li><strong>Extras claros:<\/strong> sillas infantiles, equipaje especial o paradas adicionales se cotizan por adelantado. Sin sorpresas.<\/li>\n<\/ul>\n\n\n\n<h2 class=\"wp-block-heading\">Ejemplos reales del d\u00eda a d\u00eda (s\u00ed, de los que vemos cada semana)<\/h2>\n\n\n\n<ul class=\"wp-block-list\">\n<li><strong>Familia con peques y vuelo temprano:<\/strong> recogida antes del amanecer en Capistrano, parada breve a por un caf\u00e9 take-away y directo al <strong>AGP<\/strong>. Llegan con tiempo, embarcan sin estr\u00e9s.<\/li>\n\n\n\n<li><strong>Pareja con equipaje voluminoso para crucero:<\/strong> puerta a puerta Nerja \u2192 <strong>Puerto de M\u00e1laga<\/strong>. Sin pelearse con maletas por estaciones.<\/li>\n\n\n\n<li><strong>Equipo de trabajo que llega en vuelos escalonados:<\/strong> coordinamos <strong>recogidas escalonadas<\/strong> y centralizamos la facturaci\u00f3n a una sola empresa. F\u00e1cil para todos.<\/li>\n<\/ul>\n\n\n\n<h2 class=\"wp-block-heading\">\u00bfTaxi o bus + transbordo? La comparaci\u00f3n honesta<\/h2>\n\n\n\n<ul class=\"wp-block-list\">\n<li><strong>Tiempo total:<\/strong> el taxi gana por goleada cuando cuentas esperas y conexiones.<\/li>\n\n\n\n<li><strong>Comodidad:<\/strong> si viajas con familia, equipaje o llegas de noche, <strong>transfer privado<\/strong> = cero complicaciones.<\/li>\n\n\n\n<li><strong>Coste real:<\/strong> dos o tres billetes + transbordos + tiempo perdido compiten de cerca con una <strong>tarifa cerrada<\/strong> compartida entre varios.<\/li>\n\n\n\n<li><strong>Flexibilidad:<\/strong> cambi\u00f3 el plan, el vuelo se adelant\u00f3 o te apetece parar a por algo r\u00e1pido\u2026 con taxi es viable.<\/li>\n<\/ul>\n\n\n\n<h2 class=\"wp-block-heading\">C\u00f3mo reservar tu <strong>Nerja M\u00e1laga taxi<\/strong> con ElTaxi 033<\/h2>\n\n\n\n<ol class=\"wp-block-list\">\n<li><strong>Escr\u00edbenos por WhatsApp o llamada<\/strong> con: fecha, hora deseada, punto de recogida\/entrega y n\u00ba de pasajeros.<\/li>\n\n\n\n<li>Te enviamos <strong>precio cerrado<\/strong> y asignamos veh\u00edculo (sed\u00e1n, premium, minivan).<\/li>\n\n\n\n<li><strong>Confirmaci\u00f3n inmediata<\/strong> con todos los detalles.<\/li>\n\n\n\n<li>El d\u00eda del viaje, te avisamos <strong>cuando vamos de camino<\/strong> y te compartimos ubicaci\u00f3n si lo pides.<\/li>\n\n\n\n<li><strong>Pago a tu gusto<\/strong> y <strong>factura<\/strong> al terminar. F\u00e1cil, r\u00e1pido y sin transbordos.<\/li>\n<\/ol>\n\n\n\n<h2 class=\"wp-block-heading\">Micro-gu\u00eda de horarios recomendados (para tener a mano)<\/h2>\n\n\n\n<ul class=\"wp-block-list\">\n<li><strong>Nerja \u2192 AGP:<\/strong> primeras horas de la ma\u00f1ana o mediod\u00eda. Tardes con margen extra.<\/li>\n\n\n\n<li><strong>Nerja \u2192 M\u00e1laga centro\/Vialia:<\/strong> despu\u00e9s de las 10:00 y hasta media tarde es ideal.<\/li>\n\n\n\n<li><strong>M\u00e1laga \u2192 Nerja (regreso):<\/strong> a partir de las 19:30 suele ser m\u00e1s relajado.<\/li>\n\n\n\n<li><strong>Verano y festivos:<\/strong> madruga o viaja de noche si encaja con tu plan; reserva con antelaci\u00f3n.<\/li>\n<\/ul>\n\n\n\n<h2 class=\"wp-block-heading\">Peque\u00f1o checklist antes de darle a \u201cconfirmar\u201d<\/h2>\n\n\n\n<ul class=\"wp-block-list\">\n<li>Direcci\u00f3n exacta (y referencia del alojamiento)<\/li>\n\n\n\n<li>Pasajeros + necesidades especiales (silla beb\u00e9, mascota, equipaje extra)<\/li>\n\n\n\n<li>Hora objetivo de llegada (vuelo, check-in, reuni\u00f3n)<\/li>\n\n\n\n<li>M\u00e9todo de pago y si necesitas <strong>factura<\/strong><\/li>\n\n\n\n<li>Tel\u00e9fono de contacto con <strong>WhatsApp<\/strong> operativo el d\u00eda del viaje<\/li>\n<\/ul>\n\n\n\n<h2 class=\"wp-block-heading\">Cierra el c\u00edrculo: viajar sin transbordos es viajar mejor<\/h2>\n\n\n\n<p>En vacaciones (o en trabajo) cada minuto cuenta. Un <strong><a href=\"https:\/\/eltaxi033.com\/malaga\/\">Nerja M\u00e1laga taxi<\/a><\/strong> directo te quita de encima esperas, conexiones y ese estr\u00e9s de \u201c\u00bfllego o no llego?\u201d. En <strong>ElTaxi 033<\/strong> vivimos de ajustar horarios, prever tr\u00e1fico y pon\u00e9rtelo f\u00e1cil. T\u00fa solo dinos <strong>a qu\u00e9 hora quieres estar<\/strong> y <strong>d\u00f3nde<\/strong>, y nosotros armamos el plan para que todo encaje.<\/p>\n\n\n\n<figure class=\"wp-block-image size-large\"><img decoding=\"async\" width=\"1024\" height=\"683\" src=\"https:\/\/eltaxi033.com\/malaga\/wp-content\/uploads\/sites\/7\/2025\/09\/pexels-rdne-6415388-1024x683.webp\" alt=\"pexels rdne 6415388\" class=\"wp-image-548\" srcset=\"https:\/\/eltaxi033.com\/malaga\/wp-content\/uploads\/sites\/7\/2025\/09\/pexels-rdne-6415388-1024x683.webp 1024w, https:\/\/eltaxi033.com\/malaga\/wp-content\/uploads\/sites\/7\/2025\/09\/pexels-rdne-6415388-300x200.webp 300w, https:\/\/eltaxi033.com\/malaga\/wp-content\/uploads\/sites\/7\/2025\/09\/pexels-rdne-6415388-768x512.webp 768w, https:\/\/eltaxi033.com\/malaga\/wp-content\/uploads\/sites\/7\/2025\/09\/pexels-rdne-6415388-1536x1024.webp 1536w, https:\/\/eltaxi033.com\/malaga\/wp-content\/uploads\/sites\/7\/2025\/09\/pexels-rdne-6415388-2048x1365.webp 2048w\" sizes=\"(max-width: 1024px) 100vw, 1024px\" \/><\/figure>\n\n\n\n<p>\u00bfListo para moverte <strong>sin transbordos<\/strong> y con <strong>horario redondo<\/strong>? <strong>Reserva con ElTaxi 033<\/strong> y deja que el viaje empiece bien desde la puerta de casa.<\/p>\n\n\n\n<h2 class=\"wp-block-heading\">Preguntas frecuentes sobre Nerja M\u00e1laga taxi<\/h2>\n\n\n\n<h3 class=\"wp-block-heading\"><strong>1) \u00bfCu\u00e1nto tarda el taxi Nerja\u2013M\u00e1laga?<\/strong><\/h3>\n\n\n\n<p>Entre <strong>45 y 60 minutos<\/strong>, seg\u00fan tr\u00e1fico y destino (centro, Vialia, puerto o aeropuerto).<\/p>\n\n\n\n<h3 class=\"wp-block-heading\"><strong>2) \u00bfCu\u00e1les son las mejores horas para ir al aeropuerto (AGP)?<\/strong><\/h3>\n\n\n\n<p><strong>05:00\u201307:30<\/strong> y <strong>11:00\u201315:00<\/strong>. En tardes de verano a\u00f1ade margen extra.<\/p>\n\n\n\n<h3 class=\"wp-block-heading\"><strong>3) \u00bfTrabaj\u00e1is con precio cerrado?<\/strong><\/h3>\n\n\n\n<p>S\u00ed, te lo confirmamos antes de reservar. Extras (sillas, paradas) se cotizan por adelantado.<\/p>\n\n\n\n<h3 class=\"wp-block-heading\"><strong>4) \u00bfPod\u00e9is llevar sillas infantiles y equipaje voluminoso?<\/strong><\/h3>\n\n\n\n<p>Claro. Av\u00edsanos y asignamos veh\u00edculo adecuado (sed\u00e1n, monovolumen o <strong>minivan 6\u20138<\/strong>).<\/p>\n\n\n\n<h3 class=\"wp-block-heading\"><strong>5) \u00bfC\u00f3mo reservo con ElTaxi 033?<\/strong><\/h3>\n\n\n\n<p>Por WhatsApp o llamada: fecha, hora, direcciones, pasajeros y vuelo si aplica. Enviamos confirmaci\u00f3n inmediata.<\/p>\n\n\n\n<script type=\"application\/ld+json\">\n{\n  \"@context\": \"https:\/\/schema.org\",\n  \"@type\": \"FAQPage\",\n  \"mainEntity\": [\n    {\n      \"@type\": \"Question\",\n      \"name\": \"\u00bfCu\u00e1nto tarda el taxi Nerja\u2013M\u00e1laga?\",\n      \"acceptedAnswer\": {\n        \"@type\": \"Answer\",\n        \"text\": \"El trayecto directo suele durar entre 45 y 60 minutos por la A-7, variando seg\u00fan el tr\u00e1fico y el punto exacto de recogida y destino.\"\n      }\n    },\n    {\n      \"@type\": \"Question\",\n      \"name\": \"\u00bfCu\u00e1les son las mejores horas para ir al aeropuerto (AGP)?\",\n      \"acceptedAnswer\": {\n        \"@type\": \"Answer\",\n        \"text\": \"Las franjas m\u00e1s fluidas suelen ser 05:00\u201307:30 y 11:00\u201315:00. En tardes de verano o festivos conviene salir con margen adicional.\"\n      }\n    },\n    {\n      \"@type\": \"Question\",\n      \"name\": \"\u00bfTrabaj\u00e1is con precio cerrado?\",\n      \"acceptedAnswer\": {\n        \"@type\": \"Answer\",\n        \"text\": \"S\u00ed. En ElTaxi 033 confirmamos precio cerrado antes de reservar. Cualquier extra (silla infantil, parada adicional) se indica previamente.\"\n      }\n    },\n    {\n      \"@type\": \"Question\",\n      \"name\": \"\u00bfPod\u00e9is llevar sillas infantiles y equipaje voluminoso?\",\n      \"acceptedAnswer\": {\n        \"@type\": \"Answer\",\n        \"text\": \"S\u00ed. Contamos con sed\u00e1n, monovolumen y minivan 6\u20138 plazas. Ind\u00edcanos n\u00famero de pasajeros, equipaje y si necesitas silla infantil.\"\n      }\n    },\n    {\n      \"@type\": \"Question\",\n      \"name\": \"\u00bfC\u00f3mo reservo con ElTaxi 033?\",\n      \"acceptedAnswer\": {\n        \"@type\": \"Answer\",\n        \"text\": \"Reserva por WhatsApp o llamada indicando fecha, hora, direcciones, n\u00famero de pasajeros y n\u00famero de vuelo si aplica. Enviamos confirmaci\u00f3n inmediata.\"\n      }\n    }\n  ]\n}\n<\/script>\n","protected":false,"gt_translate_keys":[{"key":"rendered","format":"html"}]},"excerpt":{"rendered":"<p>\u00bfTe suena ese viajecito que se complica por un transbordo absurdo, maletas por aqu\u00ed y ni\u00f1os por all\u00e1? A todos nos ha pasado. Por eso, en ElTaxi 033 somos muy fans de lo simple: trayecto directo Nerja \u2192 M\u00e1laga (o viceversa) sin paradas raras ni carreras por estaciones. Puerta a puerta, c\u00f3modo y con horarios [&hellip;]<\/p>\n","protected":false,"gt_translate_keys":[{"key":"rendered","format":"html"}]},"author":3,"featured_media":547,"comment_status":"closed","ping_status":"open","sticky":false,"template":"","format":"standard","meta":{"_joinchat":[],"footnotes":""},"categories":[1],"tags":[],"class_list":["post-546","post","type-post","status-publish","format-standard","has-post-thumbnail","hentry","category-sin-categoria"],"gt_translate_keys":[{"key":"link","format":"url"}],"_links":{"self":[{"href":"https:\/\/eltaxi033.com\/malaga\/wp-json\/wp\/v2\/posts\/546","targetHints":{"allow":["GET"]}}],"collection":[{"href":"https:\/\/eltaxi033.com\/malaga\/wp-json\/wp\/v2\/posts"}],"about":[{"href":"https:\/\/eltaxi033.com\/malaga\/wp-json\/wp\/v2\/types\/post"}],"author":[{"embeddable":true,"href":"https:\/\/eltaxi033.com\/malaga\/wp-json\/wp\/v2\/users\/3"}],"replies":[{"embeddable":true,"href":"https:\/\/eltaxi033.com\/malaga\/wp-json\/wp\/v2\/comments?post=546"}],"version-history":[{"count":2,"href":"https:\/\/eltaxi033.com\/malaga\/wp-json\/wp\/v2\/posts\/546\/revisions"}],"predecessor-version":[{"id":552,"href":"https:\/\/eltaxi033.com\/malaga\/wp-json\/wp\/v2\/posts\/546\/revisions\/552"}],"wp:featuredmedia":[{"embeddable":true,"href":"https:\/\/eltaxi033.com\/malaga\/wp-json\/wp\/v2\/media\/547"}],"wp:attachment":[{"href":"https:\/\/eltaxi033.com\/malaga\/wp-json\/wp\/v2\/media?parent=546"}],"wp:term":[{"taxonomy":"category","embeddable":true,"href":"https:\/\/eltaxi033.com\/malaga\/wp-json\/wp\/v2\/categories?post=546"},{"taxonomy":"post_tag","embeddable":true,"href":"https:\/\/eltaxi033.com\/malaga\/wp-json\/wp\/v2\/tags?post=546"}],"curies":[{"name":"wp","href":"https:\/\/api.w.org\/{rel}","templated":true}]}}