{"id":521,"date":"2025-09-03T01:21:42","date_gmt":"2025-09-02T23:21:42","guid":{"rendered":"https:\/\/eltaxi033.com\/malaga\/?p=521"},"modified":"2026-02-23T09:49:51","modified_gmt":"2026-02-23T08:49:51","slug":"numeros-telefono-taxi-malaga-torremolinos","status":"publish","type":"post","link":"https:\/\/eltaxi033.com\/malaga\/blog\/numeros-telefono-taxi-malaga-torremolinos\/","title":{"rendered":"N\u00fameros de tel\u00e9fono de taxi en M\u00e1laga y Torremolinos (2025)","gt_translate_keys":[{"key":"rendered","format":"text"}]},"content":{"rendered":"\n<p>Si has buscado \u201c<strong><a href=\"https:\/\/eltaxi033.com\/malaga\/\">tel\u00e9fono taxi M\u00e1laga<\/a><\/strong>\u201d o \u201c<strong><a href=\"https:\/\/eltaxi033.com\/malaga\/taxi-torremolinos\/\">taxi Torremolinos n\u00famero<\/a><\/strong>\u201d, est\u00e1s en el sitio correcto. En\u00a0<strong>ElTaxi 033<\/strong>\u00a0vivimos en la calle y sabemos que cuando necesitas moverte lo importante es\u00a0<strong>marcar, decir d\u00f3nde est\u00e1s y salir disparado<\/strong>. Aqu\u00ed tienes\u00a0<strong>nuestros n\u00fameros oficiales<\/strong>, consejos reales de operativa y una gu\u00eda pr\u00e1ctica para que tu taxi llegue\u00a0<strong>a la primera<\/strong>.<\/p>\n\n\n\n<figure class=\"wp-block-image size-large\"><img fetchpriority=\"high\" decoding=\"async\" width=\"1024\" height=\"768\" src=\"https:\/\/eltaxi033.com\/malaga\/wp-content\/uploads\/sites\/7\/2025\/09\/telefono-1024x768.webp\" alt=\"telefono\" class=\"wp-image-522\" srcset=\"https:\/\/eltaxi033.com\/malaga\/wp-content\/uploads\/sites\/7\/2025\/09\/telefono-1024x768.webp 1024w, https:\/\/eltaxi033.com\/malaga\/wp-content\/uploads\/sites\/7\/2025\/09\/telefono-300x225.webp 300w, https:\/\/eltaxi033.com\/malaga\/wp-content\/uploads\/sites\/7\/2025\/09\/telefono-768x576.webp 768w, https:\/\/eltaxi033.com\/malaga\/wp-content\/uploads\/sites\/7\/2025\/09\/telefono.webp 1200w\" sizes=\"(max-width: 1024px) 100vw, 1024px\" \/><\/figure>\n\n\n\n<h2 class=\"wp-block-heading\">\ud83d\udcde Nuestros tel\u00e9fonos oficiales (gu\u00e1rdalos ya)<\/h2>\n\n\n\n<ul class=\"wp-block-list\">\n<li><strong>ElTaxi 033 M\u00e1laga\u2013Torremolinos (l\u00ednea local): 951 559 033<\/strong><\/li>\n\n\n\n<li><strong>ElTaxi 033 (central unificada): 919 185 033<\/strong><\/li>\n<\/ul>\n\n\n\n<blockquote class=\"wp-block-quote is-layout-flow wp-block-quote-is-layout-flow\">\n<p><strong>Actualizado.<\/strong>\u00a0Atendemos 24\/7, con cobertura en\u00a0<strong>M\u00e1laga capital, Torremolinos y costa<\/strong>. Si llamas desde fuera o no sabes qu\u00e9 base te corresponde, usa la\u00a0<strong>central unificada<\/strong>\u00a0y te conectamos al equipo local al momento.<\/p>\n<\/blockquote>\n\n\n\n<h2 class=\"wp-block-heading\">C\u00f3mo pedir el taxi para que llegue antes (gu\u00eda expr\u00e9s)<\/h2>\n\n\n\n<h3 class=\"wp-block-heading\">1) Ubicaci\u00f3n \u201ccomo la dir\u00eda un taxista\u201d<\/h3>\n\n\n\n<p>Olv\u00eddate del \u201cpor aqu\u00ed cerca del bar tal\u201d. Dinos:&nbsp;<strong>calle, n\u00famero y referencia<\/strong>.<\/p>\n\n\n\n<ul class=\"wp-block-list\">\n<li>M\u00e1laga centro: \u201c<strong>Calle Larios 10, esquina Strachan<\/strong>\u201d.<\/li>\n\n\n\n<li>Torremolinos: \u201c<strong>Plaza Costa del Sol, junto a la escultura<\/strong>\u201d.<br>Si est\u00e1s en un hotel o edificio grande, a\u00f1ade\u00a0<strong>entrada exacta<\/strong>\u00a0(\u201cpuerta principal\u201d, \u201cparking -2\u201d, \u201cacceso lateral\u201d).<\/li>\n<\/ul>\n\n\n\n<h3 class=\"wp-block-heading\">2) A\u00f1ade destino + hora<\/h3>\n\n\n\n<ul class=\"wp-block-list\">\n<li>\u201cAhora a\u00a0<strong>Puerto Marina<\/strong>; 2 adultos + 2 maletas.\u201d<\/li>\n\n\n\n<li>\u201c<strong>Ma\u00f1ana 05:10<\/strong>\u00a0desde\u00a0<strong>Playamar<\/strong>\u00a0al\u00a0<strong>aeropuerto<\/strong>; vuelo 06:50.\u201d<\/li>\n<\/ul>\n\n\n\n<h3 class=\"wp-block-heading\">3) Extras que aceleran la asignaci\u00f3n<\/h3>\n\n\n\n<p><strong>Sillita infantil<\/strong>,&nbsp;<strong>eurotaxi (PMR)<\/strong>,&nbsp;<strong>7\/8 plazas<\/strong>,&nbsp;<strong>pago con tarjeta<\/strong>,&nbsp;<strong>maletero grande<\/strong>. Si lo dices al operador, te enviamos&nbsp;<strong>el coche adecuado a la primera<\/strong>.<\/p>\n\n\n\n<h2 class=\"wp-block-heading\">D\u00f3nde conviene&nbsp;<strong>reservar<\/strong>&nbsp;y d\u00f3nde&nbsp;<strong>ir a parada<\/strong><\/h2>\n\n\n\n<ul class=\"wp-block-list\">\n<li><strong>Aeropuerto de M\u00e1laga (AGP)<\/strong>: con ni\u00f1os, muchas maletas o vuelo temprano,\u00a0<strong>reserva<\/strong>. Te esperamos a la hora que digas en\u00a0<strong>Llegadas T3<\/strong>\u00a0y sales sin colas.<\/li>\n\n\n\n<li><strong>Estaci\u00f3n Mar\u00eda Zambrano (AVE)<\/strong>: los viernes 19\u201321 h hay picos. Haz\u00a0<strong>llamada 10\u201315 min antes<\/strong>\u00a0de llegar.<\/li>\n\n\n\n<li><strong>Zonas de ocio (Centro, Muelle Uno, La Malagueta, La Carihuela, Playamar)<\/strong>: en verano o fines de semana por la noche,\u00a0<strong>llamada a central<\/strong>\u00a0suele ser m\u00e1s r\u00e1pida que esperar.<\/li>\n<\/ul>\n\n\n\n<blockquote class=\"wp-block-quote is-layout-flow wp-block-quote-is-layout-flow\">\n<p>Regla de oro:&nbsp;<strong>reserva<\/strong>&nbsp;cuando tengas&nbsp;<strong>hora fija<\/strong>&nbsp;(AVE, check-in, concierto, bodas) o necesites&nbsp;<strong>veh\u00edculo especial<\/strong>&nbsp;(PMR, 7\/8 plazas). Para trayectos cortos y zonas con rotaci\u00f3n alta, la&nbsp;<strong>parada<\/strong>&nbsp;puede ser suficiente.<\/p>\n<\/blockquote>\n\n\n\n<h2 class=\"wp-block-heading\">Barrios y \u00e1reas: c\u00f3mo nos movemos (y c\u00f3mo te llega antes)<\/h2>\n\n\n\n<h3 class=\"wp-block-heading\">M\u00e1laga capital<\/h3>\n\n\n\n<ul class=\"wp-block-list\">\n<li><strong>Centro \/ Soho \/ Muelle Uno<\/strong>: mucha rotaci\u00f3n. Dando\u00a0<strong>calle y esquina<\/strong>\u00a0te ubicamos en segundos.<\/li>\n\n\n\n<li><strong>La Malagueta y Pedregalejo\/El Palo<\/strong>: fines de semana de playa, mejor\u00a0<strong>llamar con 10 min<\/strong>.<\/li>\n\n\n\n<li><strong>Teatinos \/ Huelin \/ Carretera de C\u00e1diz<\/strong>: zonas amplias; la\u00a0<strong>referencia visual<\/strong>\u00a0(farmacia 24h, gasolinera, rotonda) acelera la llegada.<\/li>\n\n\n\n<li><strong>Hospitales y cl\u00ednicas<\/strong>: indica\u00a0<strong>puerta de urgencias<\/strong>\u00a0o\u00a0<strong>entrada principal<\/strong>.<\/li>\n<\/ul>\n\n\n\n<h3 class=\"wp-block-heading\">Torremolinos<\/h3>\n\n\n\n<ul class=\"wp-block-list\">\n<li><strong>Playamar \/ Bajondillo \/ La Carihuela<\/strong>: en julio\u2013agosto hay picos entre\u00a0<strong>21:00 y 00:30<\/strong>;\u00a0<strong>reserva<\/strong>\u00a0si vas con hora.<\/li>\n\n\n\n<li><strong>Montemar \/ Pinillo<\/strong>: urbanizaciones con accesos similares; si nos dices\u00a0<strong>portal y garita<\/strong>\u00a0ahorras vueltas.<\/li>\n\n\n\n<li><strong>Hoteles y apartahoteles<\/strong>: muchos tienen varias entradas. \u201c<strong>Entrada de autobuses<\/strong>\u201d o \u201c<strong>recepci\u00f3n<\/strong>\u201d marcan la diferencia.<\/li>\n<\/ul>\n\n\n\n<h2 class=\"wp-block-heading\">Tiempos reales y expectativas (para que llegues sin estr\u00e9s)<\/h2>\n\n\n\n<ul class=\"wp-block-list\">\n<li><strong>AGP \u2194 Torremolinos<\/strong>: 10\u201315 min aprox. fuera de horas punta.<\/li>\n\n\n\n<li><strong>Centro M\u00e1laga \u2194 AGP<\/strong>: 15\u201325 min habituales seg\u00fan tr\u00e1fico.<\/li>\n\n\n\n<li><strong>La Carihuela \u2194 Puerto Marina<\/strong>: 5\u201310 min si no hay atascos nocturnos.<\/li>\n<\/ul>\n\n\n\n<p>Los tiempos dependen de&nbsp;<strong>tr\u00e1fico, obras, eventos<\/strong>&nbsp;y meteorolog\u00eda. Si tienes&nbsp;<strong>hora comprometida<\/strong>,&nbsp;<strong>reserva o llama con margen<\/strong>&nbsp;y te asignamos un coche en cuanto est\u00e9 cerca.<\/p>\n\n\n\n<h2 class=\"wp-block-heading\">Tarifas del taxi: lo importante sin marearte<\/h2>\n\n\n\n<p>Las tarifas est\u00e1n&nbsp;<strong>reguladas<\/strong>. Cambian por:<\/p>\n\n\n\n<ul class=\"wp-block-list\">\n<li><strong>Franja horaria<\/strong>\u00a0(d\u00eda\/noche\/festivo)<\/li>\n\n\n\n<li><strong>Distancia y tiempo<\/strong>\u00a0(km + minutos)<\/li>\n\n\n\n<li><strong>Suplementos<\/strong>\u00a0(aeropuerto, maletas muy voluminosas, etc.)<\/li>\n<\/ul>\n\n\n\n<p>Lo que te interesa:<\/p>\n\n\n\n<ul class=\"wp-block-list\">\n<li>El taxi\u00a0<strong>no tiene \u201ctarifa din\u00e1mica\u201d<\/strong>: en picos de demanda\u00a0<strong>no sube por subasta<\/strong>.<\/li>\n\n\n\n<li>Para empresas: emitimos\u00a0<strong>recibo\/factura<\/strong>; si la necesitas,\u00a0<strong>dilo al reservar<\/strong>\u00a0y te la enviamos por email.<\/li>\n\n\n\n<li>Si quieres estimaci\u00f3n, al\u00a0<strong>llamar<\/strong>\u00a0podemos darte una\u00a0<strong>orientaci\u00f3n<\/strong>\u00a0seg\u00fan ruta y franja. En nuestro blog te contamos <a href=\"https:\/\/eltaxi033.com\/malaga\/blog\/confirmar-tarifa-telefono-taxi-malaga\/\">c\u00f3mo confirmar tarifa al llamar al tel\u00e9fono taxi M\u00e1laga<\/a>.<\/li>\n<\/ul>\n\n\n\n<h2 class=\"wp-block-heading\">Viajes con ni\u00f1os, personas con movilidad reducida y grupos<\/h2>\n\n\n\n<ul class=\"wp-block-list\">\n<li><strong>Sillitas infantiles<\/strong>: ind\u00edcanos\u00a0<strong>edad\/peso<\/strong>\u00a0y llevamos la adecuada (grupo 0\/1\/2\/3).<\/li>\n\n\n\n<li><strong>Eurotaxi (PMR)<\/strong>: rampa y anclajes homologados; dinos si necesitas\u00a0<strong>anclaje para silla<\/strong>\u00a0o acompa\u00f1ante.<\/li>\n\n\n\n<li><strong>7\/8 plazas<\/strong>: para familias y grupos. Si vas con\u00a0<strong>maletas grandes o tablas<\/strong>, com\u00e9ntalo para enviar\u00a0<strong>monovolumen<\/strong>.<\/li>\n\n\n\n<li><strong>Mascotas<\/strong>: s\u00ed, previo aviso; nos dices\u00a0<strong>tama\u00f1o<\/strong>\u00a0y llevamos funda de asiento si hace falta.<\/li>\n<\/ul>\n\n\n\n<h2 class=\"wp-block-heading\">M\u00e9todos de pago y facturaci\u00f3n<\/h2>\n\n\n\n<ul class=\"wp-block-list\">\n<li><strong>Tarjeta y efectivo<\/strong>: sin problema. Si usas\u00a0<strong>tarjeta extranjera<\/strong>, avisa y te asignamos TPV compatible.<\/li>\n\n\n\n<li><strong>Factura<\/strong>: env\u00edanos\u00a0<strong>email y datos de empresa<\/strong>\u00a0al reservar; te la mandamos al finalizar el servicio.<\/li>\n\n\n\n<li><strong>Reembolsos de empresa\/seguro<\/strong>: solicita\u00a0<strong>recibo con ruta y hora<\/strong>.<\/li>\n<\/ul>\n\n\n\n<h2 class=\"wp-block-heading\">Objetos perdidos: protocolo para recuperarlos r\u00e1pido<\/h2>\n\n\n\n<ol class=\"wp-block-list\">\n<li>Llama a\u00a0<strong>951 559 033<\/strong>\u00a0<strong>lo antes posible<\/strong>.<\/li>\n\n\n\n<li>Indica\u00a0<strong>hora aproximada, trayecto y punto de bajada<\/strong>\u00a0(si recuerdas\u00a0<strong>n\u00ba de licencia<\/strong>, a\u00fan mejor).<\/li>\n\n\n\n<li>Si el coche sigue en radio,\u00a0<strong>paramos y comprobamos<\/strong>; si ya cambi\u00f3 de servicio, avisamos al conductor y te devolvemos el objeto.<\/li>\n<\/ol>\n\n\n\n<h2 class=\"wp-block-heading\">Temporada alta y eventos: nuestros&nbsp;<strong>trucos de flota<\/strong><\/h2>\n\n\n\n<ul class=\"wp-block-list\">\n<li><strong>Verano (julio\u2013agosto)<\/strong>: playas y ocio nocturno suben esperas.\u00a0<strong>Reserva<\/strong>\u00a0para aeropuerto y cenas.<\/li>\n\n\n\n<li><strong>Semana Santa y Feria de M\u00e1laga<\/strong>: el centro se peatonaliza a ratos;\u00a0<strong>puntos acordados<\/strong>\u00a0(plaza o esquina) funcionan mejor que \u201crec\u00f3geme en tal bar\u201d.<\/li>\n\n\n\n<li><strong>Conciertos y congresos<\/strong>: si sales con todo el mundo, llama\u00a0<strong>15 min antes<\/strong>\u00a0de que acabe el evento y marca\u00a0<strong>punto de encuentro<\/strong>.<\/li>\n<\/ul>\n\n\n\n<h2 class=\"wp-block-heading\">Errores t\u00edpicos que retrasan tu taxi (y c\u00f3mo evitarlos)<\/h2>\n\n\n\n<ul class=\"wp-block-list\">\n<li><strong>\u201cEstoy en el bar tal\u201d<\/strong>: muchos bares se repiten; usa\u00a0<strong>calle y n\u00famero<\/strong>.<\/li>\n\n\n\n<li><strong>Cambiar de ubicaci\u00f3n sin avisar<\/strong>: si te mueves,\u00a0<strong>ll\u00e1manos<\/strong>\u00a0para actualizar al conductor.<\/li>\n\n\n\n<li><strong>No pedir extras<\/strong>: si te hace falta\u00a0<strong>TPV, sillita o 7\/8 plazas<\/strong>, dilo desde el principio.<\/li>\n\n\n\n<li><strong>Punto dif\u00edcil sin referencia<\/strong>: a\u00f1ade \u201c<strong>entrada parking -2<\/strong>\u201d, \u201c<strong>rotonda del ancla<\/strong>\u201d, \u201c<strong>puerta trasera del hotel<\/strong>\u201d.<\/li>\n<\/ul>\n\n\n\n<h2 class=\"wp-block-heading\">Plantillas de llamada (copia y pega mentalmente)<\/h2>\n\n\n\n<ul class=\"wp-block-list\">\n<li><strong>Aeropuerto temprano<\/strong>: \u201cPara ma\u00f1ana\u00a0<strong>05:10<\/strong>,\u00a0<strong>Playamar<\/strong>\u00a0a\u00a0<strong>AGP<\/strong>. Somos 2 + 2 maletas,\u00a0<strong>sillita grupo 1<\/strong>\u00a0y\u00a0<strong>pago con tarjeta<\/strong>.\u201d<\/li>\n\n\n\n<li><strong>Centro ocio<\/strong>: \u201cAhora en\u00a0<strong>C\/ Granada 62, esquina \u00c1ngel<\/strong>, a\u00a0<strong>Muelle Uno<\/strong>. 3 personas, sin maletas.\u201d<\/li>\n\n\n\n<li><strong>PMR<\/strong>: \u201cPara las\u00a0<strong>18:30<\/strong>\u00a0en\u00a0<strong>Cl\u00ednica X (entrada principal)<\/strong>,\u00a0<strong>eurotaxi<\/strong>\u00a0con rampa y anclaje para silla.\u201d<\/li>\n<\/ul>\n\n\n\n<figure class=\"wp-block-image size-large\"><img decoding=\"async\" width=\"1024\" height=\"546\" src=\"https:\/\/eltaxi033.com\/malaga\/wp-content\/uploads\/sites\/7\/2025\/06\/expanded_chatgpt_image-1024x546.webp\" alt=\"expanded chatgpt image\" class=\"wp-image-346\" srcset=\"https:\/\/eltaxi033.com\/malaga\/wp-content\/uploads\/sites\/7\/2025\/06\/expanded_chatgpt_image-1024x546.webp 1024w, https:\/\/eltaxi033.com\/malaga\/wp-content\/uploads\/sites\/7\/2025\/06\/expanded_chatgpt_image-300x160.webp 300w, https:\/\/eltaxi033.com\/malaga\/wp-content\/uploads\/sites\/7\/2025\/06\/expanded_chatgpt_image-768x410.webp 768w, https:\/\/eltaxi033.com\/malaga\/wp-content\/uploads\/sites\/7\/2025\/06\/expanded_chatgpt_image-1536x819.webp 1536w, https:\/\/eltaxi033.com\/malaga\/wp-content\/uploads\/sites\/7\/2025\/06\/expanded_chatgpt_image.webp 1920w\" sizes=\"(max-width: 1024px) 100vw, 1024px\" \/><\/figure>\n\n\n\n<h2 class=\"wp-block-heading\">Preguntas frecuentes sobre M\u00e1laga y Torremolinos<\/h2>\n\n\n\n<h3 class=\"wp-block-heading\">\u00bfCu\u00e1l es el mejor n\u00famero para pedir taxi en M\u00e1laga y Torremolinos?<\/h3>\n\n\n\n<p>Los&nbsp;<strong>oficiales de ElTaxi 033<\/strong>:&nbsp;<strong>951 559 033<\/strong>&nbsp;(l\u00ednea local) y&nbsp;<strong>919 185 033<\/strong>&nbsp;(central unificada). Con cualquiera te atendemos 24\/7.<\/p>\n\n\n\n<h3 class=\"wp-block-heading\">\u00bfAcept\u00e1is pago con tarjeta y hac\u00e9is factura?<\/h3>\n\n\n\n<p>S\u00ed. La mayor\u00eda de coches llevan&nbsp;<strong>TPV<\/strong>. Si necesitas&nbsp;<strong>factura<\/strong>, d\u00ednoslo al reservar y te la enviamos por email.<\/p>\n\n\n\n<h3 class=\"wp-block-heading\">\u00bfTen\u00e9is eurotaxi y monovol\u00famenes de 7\/8 plazas?<\/h3>\n\n\n\n<p>S\u00ed. Trabajamos con&nbsp;<strong>PMR<\/strong>&nbsp;y&nbsp;<strong>minivan<\/strong>. Ind\u00edcalo en la llamada para asignarte el veh\u00edculo correcto.<\/p>\n\n\n\n<h3 class=\"wp-block-heading\">\u00bfCu\u00e1nto se tarda del Aeropuerto (AGP) a Torremolinos?<\/h3>\n\n\n\n<p>En condiciones normales,&nbsp;<strong>10\u201315 minutos<\/strong>. Con picos de tr\u00e1fico puede alargarse; si llevas hora,&nbsp;<strong>reserva<\/strong>.<\/p>\n\n\n\n<h3 class=\"wp-block-heading\">\u00bfPuedo reservar para que me esper\u00e9is con cartel?<\/h3>\n\n\n\n<p>Claro. Dinos&nbsp;<strong>vuelo, hora y nombre<\/strong>&nbsp;y el conductor te espera en el punto acordado.<\/p>\n\n\n\n<h3 class=\"wp-block-heading\">\u00bfQu\u00e9 hago si he perdido algo en el taxi?<\/h3>\n\n\n\n<p>Llama a&nbsp;<strong>951 559 033<\/strong>&nbsp;indicando&nbsp;<strong>trayecto y hora<\/strong>. Activamos el protocolo de&nbsp;<strong>objetos perdidos<\/strong>.<\/p>\n\n\n\n<script type=\"application\/ld+json\">\n{\n  \"@context\": \"https:\/\/schema.org\",\n  \"@type\": \"FAQPage\",\n  \"mainEntity\": [\n    {\n      \"@type\": \"Question\",\n      \"name\": \"\u00bfCu\u00e1l es el n\\u00famero de tel\\u00e9fono de taxi en M\\u00e1laga y Torremolinos?\",\n      \"acceptedAnswer\": {\n        \"@type\": \"Answer\",\n        \"text\": \"Los n\\u00fameros oficiales de ElTaxi 033 son 951 559 033 (l\\u00ednea local 24\/7) y 919 185 033 (central unificada).\"\n      }\n    },\n    {\n      \"@type\": \"Question\",\n      \"name\": \"\u00bfPuedo reservar taxi para el Aeropuerto de M\\u00e1laga (AGP)?\",\n      \"acceptedAnswer\": {\n        \"@type\": \"Answer\",\n        \"text\": \"S\\u00ed. Reserva con antelaci\\u00f3n llamando al 951 559 033 o al 919 185 033 y te esperamos a tu hora en Llegadas T3.\"\n      }\n    },\n    {\n      \"@type\": \"Question\",\n      \"name\": \"\u00bfTen\\u00e9is eurotaxi (PMR) y 7\/8 plazas?\",\n      \"acceptedAnswer\": {\n        \"@type\": \"Answer\",\n        \"text\": \"S\\u00ed. Ind\\u00edcalo al llamar y te asignamos un veh\\u00edculo adaptado o monovolumen seg\\u00fan tus necesidades.\"\n      }\n    },\n    {\n      \"@type\": \"Question\",\n      \"name\": \"\u00bfAcept\\u00e1is pago con tarjeta y emit\\u00eds factura?\",\n      \"acceptedAnswer\": {\n        \"@type\": \"Answer\",\n        \"text\": \"S\\u00ed, la mayor\\u00eda de coches cuentan con TPV. Si necesitas factura, ind\\u00edcalo al reservar y la enviamos por email al finalizar el servicio.\"\n      }\n    },\n    {\n      \"@type\": \"Question\",\n      \"name\": \"\u00bfCu\\u00e1nto tarda un taxi de AGP a Torremolinos?\",\n      \"acceptedAnswer\": {\n        \"@type\": \"Answer\",\n        \"text\": \"En condiciones normales, 10\\u201315 minutos. En picos de tr\\u00e1fico puede alargarse; si tienes hora, reserva con margen.\"\n      }\n    },\n    {\n      \"@type\": \"Question\",\n      \"name\": \"He perdido algo en el taxi, \\u00bfqu\\u00e9 hago?\",\n      \"acceptedAnswer\": {\n        \"@type\": \"Answer\",\n        \"text\": \"Llama cuanto antes al 951 559 033 indicando trayecto y hora. Activamos el protocolo de objetos perdidos para localizarlo con el conductor.\"\n      }\n    }\n  ]\n}\n<\/script>\n\n\n\n\n<h2 class=\"wp-block-heading\">Checklist final (y nos vamos)<\/h2>\n\n\n\n<ol class=\"wp-block-list\">\n<li><strong>Guarda ya<\/strong>:\u00a0<strong>951 559 033<\/strong>\u00a0(local) y\u00a0<strong>919 185 033<\/strong>\u00a0(central).<\/li>\n\n\n\n<li>Al llamar:\u00a0<strong>ubicaci\u00f3n exacta + destino + hora + extras<\/strong>.<\/li>\n\n\n\n<li><strong>Reserva<\/strong>\u00a0para aeropuerto, PMR y 7\/8 plazas o si tienes\u00a0<strong>hora cerrada<\/strong>.<\/li>\n\n\n\n<li>Pide\u00a0<strong>recibo\/factura<\/strong>\u00a0si lo necesitas.<\/li>\n\n\n\n<li>Si cambias de punto,\u00a0<strong>av\u00edsanos<\/strong>\u00a0para redirigir al conductor.<\/li>\n<\/ol>\n\n\n\n<h2 class=\"wp-block-heading\">Nos ocupamos de que llegues bien<\/h2>\n\n\n\n<p>En\u00a0<strong>ElTaxi 033<\/strong>\u00a0nos obsesiona que llegues\u00a0<strong>a tiempo y sin estr\u00e9s<\/strong>. Con nuestros <a href=\"https:\/\/eltaxi033.com\/malaga\/\">n\u00fameros taxi M\u00e1laga<\/a> guardados y estos trucos, moverte por\u00a0<strong>M\u00e1laga y Torremolinos<\/strong>\u00a0ser\u00e1 tan sencillo como un \u201c<strong>\u00bfD\u00f3nde te recojo?<\/strong>\u201d.<br><strong>Ll\u00e1manos cuando lo necesites<\/strong>:\u00a0<strong>951 559 033<\/strong>\u00a0(local) \u00b7\u00a0<strong>919 185 033<\/strong>\u00a0(central).<\/p>\n","protected":false,"gt_translate_keys":[{"key":"rendered","format":"html"}]},"excerpt":{"rendered":"<p>Si has buscado \u201ctel\u00e9fono taxi M\u00e1laga\u201d o \u201ctaxi Torremolinos n\u00famero\u201d, est\u00e1s en el sitio correcto. En\u00a0ElTaxi 033\u00a0vivimos en la calle y sabemos que cuando necesitas moverte lo importante es\u00a0marcar, decir d\u00f3nde est\u00e1s y salir disparado. Aqu\u00ed tienes\u00a0nuestros n\u00fameros oficiales, consejos reales de operativa y una gu\u00eda pr\u00e1ctica para que tu taxi llegue\u00a0a la primera. \ud83d\udcde [&hellip;]<\/p>\n","protected":false,"gt_translate_keys":[{"key":"rendered","format":"html"}]},"author":3,"featured_media":522,"comment_status":"closed","ping_status":"open","sticky":false,"template":"","format":"standard","meta":{"_joinchat":[],"footnotes":""},"categories":[1],"tags":[],"class_list":["post-521","post","type-post","status-publish","format-standard","has-post-thumbnail","hentry","category-sin-categoria"],"gt_translate_keys":[{"key":"link","format":"url"}],"_links":{"self":[{"href":"https:\/\/eltaxi033.com\/malaga\/wp-json\/wp\/v2\/posts\/521","targetHints":{"allow":["GET"]}}],"collection":[{"href":"https:\/\/eltaxi033.com\/malaga\/wp-json\/wp\/v2\/posts"}],"about":[{"href":"https:\/\/eltaxi033.com\/malaga\/wp-json\/wp\/v2\/types\/post"}],"author":[{"embeddable":true,"href":"https:\/\/eltaxi033.com\/malaga\/wp-json\/wp\/v2\/users\/3"}],"replies":[{"embeddable":true,"href":"https:\/\/eltaxi033.com\/malaga\/wp-json\/wp\/v2\/comments?post=521"}],"version-history":[{"count":1,"href":"https:\/\/eltaxi033.com\/malaga\/wp-json\/wp\/v2\/posts\/521\/revisions"}],"predecessor-version":[{"id":523,"href":"https:\/\/eltaxi033.com\/malaga\/wp-json\/wp\/v2\/posts\/521\/revisions\/523"}],"wp:featuredmedia":[{"embeddable":true,"href":"https:\/\/eltaxi033.com\/malaga\/wp-json\/wp\/v2\/media\/522"}],"wp:attachment":[{"href":"https:\/\/eltaxi033.com\/malaga\/wp-json\/wp\/v2\/media?parent=521"}],"wp:term":[{"taxonomy":"category","embeddable":true,"href":"https:\/\/eltaxi033.com\/malaga\/wp-json\/wp\/v2\/categories?post=521"},{"taxonomy":"post_tag","embeddable":true,"href":"https:\/\/eltaxi033.com\/malaga\/wp-json\/wp\/v2\/tags?post=521"}],"curies":[{"name":"wp","href":"https:\/\/api.w.org\/{rel}","templated":true}]}}