{"id":507,"date":"2025-08-24T23:37:10","date_gmt":"2025-08-24T21:37:10","guid":{"rendered":"https:\/\/eltaxi033.com\/malaga\/?p=507"},"modified":"2026-02-23T09:49:53","modified_gmt":"2026-02-23T08:49:53","slug":"cuevas-balcon-calas-nerja-malaga-taxi","status":"publish","type":"post","link":"https:\/\/eltaxi033.com\/malaga\/blog\/cuevas-balcon-calas-nerja-malaga-taxi\/","title":{"rendered":"Cuevas, balc\u00f3n y calas: plan redondo con\u00a0nerja malaga taxi","gt_translate_keys":[{"key":"rendered","format":"text"}]},"content":{"rendered":"\n<p>\u00bfTienes ganas de un d\u00eda perfecto entre cuevas ancestrales, miradores de postal y playas de agua turquesa? En\u00a0<strong>ElTaxi 033<\/strong> te lo ponemos en bandeja con nuestro servicio\u00a0<strong><a href=\"https:\/\/eltaxi033.com\/malaga\/\">nerja malaga taxi<\/a><\/strong>: te recogemos donde est\u00e9s (aeropuerto, centro o tu hotel), te llevamos directo a Nerja sin transbordos y te esperamos el tiempo que necesites para que solo te preocupes de disfrutar. Cero estr\u00e9s, cero parking, cero calor en paradas. As\u00ed s\u00ed apetece Costa del Sol \ud83d\ude09<\/p>\n\n\n\n<figure class=\"wp-block-image size-large\"><img fetchpriority=\"high\" decoding=\"async\" width=\"1024\" height=\"678\" src=\"https:\/\/eltaxi033.com\/malaga\/wp-content\/uploads\/sites\/7\/2025\/08\/Cueva-de-Nerja-2-1024x678.webp\" alt=\"Cueva de Nerja 2\" class=\"wp-image-508\" srcset=\"https:\/\/eltaxi033.com\/malaga\/wp-content\/uploads\/sites\/7\/2025\/08\/Cueva-de-Nerja-2-1024x678.webp 1024w, https:\/\/eltaxi033.com\/malaga\/wp-content\/uploads\/sites\/7\/2025\/08\/Cueva-de-Nerja-2-300x199.webp 300w, https:\/\/eltaxi033.com\/malaga\/wp-content\/uploads\/sites\/7\/2025\/08\/Cueva-de-Nerja-2-768x509.webp 768w, https:\/\/eltaxi033.com\/malaga\/wp-content\/uploads\/sites\/7\/2025\/08\/Cueva-de-Nerja-2.webp 1200w\" sizes=\"(max-width: 1024px) 100vw, 1024px\" \/><\/figure>\n\n\n\n<h2 class=\"wp-block-heading\">Por qu\u00e9 elegir Nerja con taxi desde M\u00e1laga<\/h2>\n\n\n\n<p>Nerja es ese rinc\u00f3n donde todo fluye:&nbsp;<strong>Cuevas de Nerja<\/strong>,&nbsp;<strong>Balc\u00f3n de Europa<\/strong>&nbsp;y las&nbsp;<strong>calas de Maro<\/strong>&nbsp;forman el tri\u00e1ngulo perfecto. Desde M\u00e1laga capital o&nbsp;<strong>M\u00e1laga Aeropuerto (AGP)<\/strong>&nbsp;son unos 50\u201360 minutos puerta a puerta por la A-7, sin complicaciones. Con&nbsp;<strong>ElTaxi 033<\/strong>&nbsp;puedes reservar&nbsp;<strong>transfer M\u00e1laga\u2013Nerja<\/strong>&nbsp;a la hora exacta que te conviene, con&nbsp;<strong>precio cerrado<\/strong>,&nbsp;<strong>pago con tarjeta<\/strong>,&nbsp;<strong>factura<\/strong>&nbsp;y conductores locales que se saben cada atajo.<\/p>\n\n\n\n<h3 class=\"wp-block-heading\">Ventajas del taxi frente a bus o alquiler<\/h3>\n\n\n\n<ul class=\"wp-block-list\">\n<li><strong>Directo y a tu ritmo<\/strong>: sin horarios r\u00edgidos ni paradas intermedias.<\/li>\n\n\n\n<li><strong>Puerta a puerta<\/strong>: te dejamos en la entrada de las Cuevas o a pie de playa.<\/li>\n\n\n\n<li><strong>Comodidad real<\/strong>:\u00a0<strong>climatizaci\u00f3n<\/strong>,\u00a0<strong>maletero amplio<\/strong>\u00a0para sombrillas, neverita o equipo de snorkel, y\u00a0<strong>sillas infantiles<\/strong> bajo petici\u00f3n.<\/li>\n\n\n\n<li><strong>Para grupos<\/strong>: opciones\u00a0<strong>minivan<\/strong>\u00a0(6\u20138 plazas) si ven\u00eds en familia o con amigos.<\/li>\n<\/ul>\n\n\n\n<h2 class=\"wp-block-heading\">Itinerario de 1 d\u00eda con ElTaxi 033: lo mejor de Nerja sin prisas<\/h2>\n\n\n\n<p>Te proponemos un plan redondo que hacemos a diario. Adaptamos horarios y paradas, pero esta ruta funciona de cine para una primera vez.<\/p>\n\n\n\n<h3 class=\"wp-block-heading\">1) Ma\u00f1ana: Cuevas de Nerja sin colas ni mareos de aparcamiento<\/h3>\n\n\n\n<p>Empezamos por las&nbsp;<strong>Cuevas de Nerja<\/strong>, una maravilla geol\u00f3gica con salas inmensas y estalactitas de pel\u00edcula. Te dejamos en la puerta, t\u00fa entras con calma y nosotros&nbsp;<strong>te esperamos<\/strong>&nbsp;en el punto acordado. Consejo de la casa: lleva calzado c\u00f3modo y una chaquetita fina; dentro refresca. Si viajas con peques, el taxi te deja a pocos pasos para evitar caminatas bajo el sol.<\/p>\n\n\n\n<p><strong>Extra opcional<\/strong>: junto a las Cuevas est\u00e1 el&nbsp;<strong>Acueducto del \u00c1guila<\/strong>, perfecto para una foto r\u00e1pida. A la vuelta hacemos una&nbsp;<strong>parada t\u00e9cnica de 10 minutos<\/strong>&nbsp;y continuamos.<\/p>\n\n\n\n<h3 class=\"wp-block-heading\">2) Mediod\u00eda: Playa Burriana y pesca\u00edto bien puesto<\/h3>\n\n\n\n<p>Tras las Cuevas, bajamos a&nbsp;<strong>Playa Burriana<\/strong>, amplia, con buenos&nbsp;<strong>chiringuitos<\/strong>&nbsp;y tumbonas. Si traes ganas de aventura, hay&nbsp;<strong>kayak<\/strong>&nbsp;y&nbsp;<strong>paddle surf<\/strong>&nbsp;hacia los acantilados de Maro. Nosotros te dejamos junto al acceso m\u00e1s c\u00f3modo y fijamos hora de recogida. \u00bfPlan de tapeo? Boquerones, paella y una sangr\u00eda \u00abpara compartir\u00bb (que luego toca subir al Balc\u00f3n, \u00a1ojito! \ud83d\ude05).<\/p>\n\n\n\n<h3 class=\"wp-block-heading\">3) Tarde: Balc\u00f3n de Europa al atardecer<\/h3>\n\n\n\n<p>Nada como el&nbsp;<strong>Balc\u00f3n de Europa<\/strong>&nbsp;cuando cae el sol. Paseo, helado y fotos con el Mediterr\u00e1neo en panor\u00e1mica. Te acercamos a un punto de bajada cercano para evitar las calles estrechas del centro hist\u00f3rico. Si te apetece, estiramos la tarde por&nbsp;<strong>Calle Pintada<\/strong>,&nbsp;<strong>Iglesia de El Salvador<\/strong>&nbsp;y&nbsp;<strong>Parque Verano Azul<\/strong>&nbsp;(s\u00ed, el del barco de Chanquete \ud83d\udcf8). Cierre perfecto.<\/p>\n\n\n\n<h3 class=\"wp-block-heading\">4) Calas de Maro: si lo tuyo es lo salvaje<\/h3>\n\n\n\n<p>\u00bfTe va lo de descubrir rincones menos masificados? Sugerimos&nbsp;<strong>Cala del Ca\u00f1uelo<\/strong>&nbsp;o&nbsp;<strong>Cala del Pino<\/strong>. Son accesos m\u00e1s \u00abaut\u00e9nticos\u00bb (tramos a pie), pero el premio es agua clara de anuncio. Nosotros te acercamos al&nbsp;<strong>punto de inicio<\/strong>&nbsp;y te vamos a buscar a la hora que marques. Lleva&nbsp;<strong>zapatillas de agua<\/strong>,&nbsp;<strong>gafas de snorkel<\/strong>&nbsp;y bolsa para residuos: calas limpias, corazones contentos.<\/p>\n\n\n\n<h2 class=\"wp-block-heading\">Consejos pr\u00e1cticos by ElTaxi 033<\/h2>\n\n\n\n<h3 class=\"wp-block-heading\">Reservas y precios<\/h3>\n\n\n\n<p>En\u00a0<strong>ElTaxi 033<\/strong>\u00a0trabajamos con\u00a0<strong>tarifa cerrada<\/strong>\u00a0para el servicio\u00a0<strong><a href=\"https:\/\/eltaxi033.com\/malaga\/\">nerja malaga taxi<\/a><\/strong>\u00a0y traslados\u00a0<strong>M\u00e1laga\u2013Nerja\u2013M\u00e1laga<\/strong>. As\u00ed controlas el coste desde el minuto uno. Puedes pedir\u00a0<strong>ida y vuelta<\/strong>\u00a0con el mismo conductor (espera incluida) o\u00a0<strong>solo ida<\/strong> y decidir la vuelta m\u00e1s tarde. Pagas con\u00a0<strong>tarjeta, Bizum o efectivo<\/strong>. Si necesitas\u00a0<strong>factura<\/strong>, te la enviamos al terminar.<\/p>\n\n\n\n<h3 class=\"wp-block-heading\">Familias, grupos y equipaje<\/h3>\n\n\n\n<p>Av\u00edsanos si viajas con\u00a0<strong>beb\u00e9<\/strong>\u00a0para montar\u00a0<strong>SRI<\/strong>\u00a0(silla infantil) acorde a la edad\/peso. Para grupos, asignamos\u00a0<strong>monovolumen<\/strong> con tres filas y maletero para\u00a0<strong>carritos, neveras suaves, tablas de paddle<\/strong>\u00a0o\u00a0<strong>equipos de snorkel<\/strong>. \u00bfBicis plegables o instrumentos? Cabe todo si lo sabemos antes. En nuestro blog te contamos m\u00e1s sobre la gesti\u00f3n del <a href=\"https:\/\/eltaxi033.com\/malaga\/blog\/gestion-taxi-malaga-aeropuerto-pro\/\">equipaje grande o tablas de surf<\/a>. \u00a1No te lo pierdas!<\/p>\n\n\n\n<h3 class=\"wp-block-heading\">Qu\u00e9 llevar sin ocupar media casa<\/h3>\n\n\n\n<ul class=\"wp-block-list\">\n<li><strong>Gorra y crema solar<\/strong>\u00a0incluso en d\u00edas nublados.<\/li>\n\n\n\n<li><strong>Toalla de secado r\u00e1pido<\/strong>\u00a0y\u00a0<strong>zapatillas de agua<\/strong>\u00a0para calas con roca.<\/li>\n\n\n\n<li><strong>Efectivo<\/strong>\u00a0para chiringuitos \u00abold school\u00bb.<\/li>\n\n\n\n<li><strong>Chaqueta fina<\/strong>\u00a0para la Cueva.<\/li>\n<\/ul>\n\n\n\n<h3 class=\"wp-block-heading\">\u00bfY si llueve o hace levante?<\/h3>\n\n\n\n<p>Plan B controlado: m\u00e1s tiempo en Cuevas, comida bajo techo y paseo por el casco antiguo. El mirador sigue siendo bonito con nubes bajas; nuestro conductor te deja&nbsp;<strong>muy cerca<\/strong>&nbsp;para no mojarte.<\/p>\n\n\n\n<h2 class=\"wp-block-heading\">Taxi vs. coche de alquiler y bus: la letra peque\u00f1a que nadie cuenta<\/h2>\n\n\n\n<ul class=\"wp-block-list\">\n<li><strong>Alquiler<\/strong>: buscar oficina, fianza, revisar da\u00f1os, gasolina, peajes, parking (en Nerja centro es deporte ol\u00edmpico) y luego conducir cansado de la playa\u2026<\/li>\n\n\n\n<li><strong>Bus<\/strong>: econ\u00f3mico, s\u00ed, pero con\u00a0<strong>horarios fijos<\/strong>, estaciones alejadas de las cuevas y traslados extra si llevas b\u00e1rtulos.<\/li>\n\n\n\n<li><strong>Taxi con ch\u00f3fer local<\/strong>: optimizas el d\u00eda,\u00a0<strong>ahorras energ\u00eda<\/strong>\u00a0y exprimes los puntos clave sin perder tiempo en log\u00edstica. El precio por persona, si vais 4\u20136, suele salir\u00a0<strong>mejor de lo que imaginas<\/strong>.<\/li>\n<\/ul>\n\n\n\n<h2 class=\"wp-block-heading\">Trayectos habituales que nos piden (y por qu\u00e9 funcionan)<\/h2>\n\n\n\n<ul class=\"wp-block-list\">\n<li><strong>Taxi M\u00e1laga Aeropuerto \u2192 Nerja (ida o ida y vuelta)<\/strong>: aterrizas, nos ves con cartel, maletas dentro y camino directo. Si el vuelo se retrasa,\u00a0<strong>ajustamos<\/strong>\u00a0sin coste sorpresa.<\/li>\n\n\n\n<li><strong>Nerja \u2192 Frigiliana<\/strong>\u00a0(escapada express): 15\u201320 minutos para uno de los pueblos m\u00e1s bonitos; callejear, foto en plazas blancas y vuelta.<\/li>\n\n\n\n<li><strong>Nerja \u2192 Granada<\/strong>\u00a0(opcional): para quienes quieren mezclar costa y Alhambra en un mismo viaje. Lo coordinamos como\u00a0<strong>transfer privado<\/strong>.<\/li>\n<\/ul>\n\n\n\n<figure class=\"wp-block-image size-large\"><img decoding=\"async\" width=\"1024\" height=\"546\" src=\"https:\/\/eltaxi033.com\/malaga\/wp-content\/uploads\/sites\/7\/2025\/06\/expanded_chatgpt_image-1024x546.webp\" alt=\"expanded chatgpt image\" class=\"wp-image-346\" srcset=\"https:\/\/eltaxi033.com\/malaga\/wp-content\/uploads\/sites\/7\/2025\/06\/expanded_chatgpt_image-1024x546.webp 1024w, https:\/\/eltaxi033.com\/malaga\/wp-content\/uploads\/sites\/7\/2025\/06\/expanded_chatgpt_image-300x160.webp 300w, https:\/\/eltaxi033.com\/malaga\/wp-content\/uploads\/sites\/7\/2025\/06\/expanded_chatgpt_image-768x410.webp 768w, https:\/\/eltaxi033.com\/malaga\/wp-content\/uploads\/sites\/7\/2025\/06\/expanded_chatgpt_image-1536x819.webp 1536w, https:\/\/eltaxi033.com\/malaga\/wp-content\/uploads\/sites\/7\/2025\/06\/expanded_chatgpt_image.webp 1920w\" sizes=\"(max-width: 1024px) 100vw, 1024px\" \/><\/figure>\n\n\n\n<h2 class=\"wp-block-heading\">C\u00f3mo trabajamos en ElTaxi 033 (lo que nos hace distintos)<\/h2>\n\n\n\n<ul class=\"wp-block-list\">\n<li><strong>Puntualidad obsesiva<\/strong>: preferimos llegar 10 minutos antes que 1 tarde.<\/li>\n\n\n\n<li><strong>Conductores locales<\/strong>\u00a0con trato cercano y consejos reales (no de folleto).<\/li>\n\n\n\n<li><strong>Veh\u00edculos con licencia<\/strong>, limpios y climatizados; parte de la flota es\u00a0<strong>eco\/h\u00edbrida<\/strong>.<\/li>\n\n\n\n<li><strong>Atenci\u00f3n 24\/7 por llamada<\/strong>: cambios de hora, una parada extra, una farmacia\u2026 lo resolvemos sobre la marcha.<\/li>\n\n\n\n<li><strong>Transparencia total<\/strong>: confirmaci\u00f3n de\u00a0<strong>precio cerrado<\/strong>\u00a0y\u00a0<strong>ruta prevista<\/strong>\u00a0antes de salir.<\/li>\n<\/ul>\n\n\n\n<h2 class=\"wp-block-heading\">Mini-gu\u00eda de tiempos para cuadrar tu d\u00eda<\/h2>\n\n\n\n<ul class=\"wp-block-list\">\n<li><strong>M\u00e1laga (centro) \u2192 Nerja<\/strong>: aprox. 55 min.<\/li>\n\n\n\n<li><strong>Aeropuerto AGP \u2192 Nerja<\/strong>: aprox. 60 min seg\u00fan tr\u00e1fico.<\/li>\n\n\n\n<li><strong>Cuevas de Nerja<\/strong>: calcula 60\u201390 min dentro.<\/li>\n\n\n\n<li><strong>Balc\u00f3n de Europa<\/strong>: paseo y fotos, 30\u201345 min.<\/li>\n\n\n\n<li><strong>Playa o calas<\/strong>: aqu\u00ed manda tu agenda (2\u20134 h suelen volar).<\/li>\n<\/ul>\n\n\n\n<p>Nosotros coordinamos los\u00a0<strong>tiempos de espera<\/strong>\u00a0para que todo encaje sin prisas y con margen para un helado extra (o dos).<\/p>\n\n\n\n<h2 class=\"wp-block-heading\">\u00bfListo para tu plan redondo? Nosotros conducimos, t\u00fa disfrutas<\/h2>\n\n\n\n<p>En resumen:\u00a0<strong>Cuevas de Nerja<\/strong>\u00a0por la ma\u00f1ana para flipar con la naturaleza,\u00a0<strong>Playa Burriana<\/strong>\u00a0o\u00a0<strong>calas de Maro<\/strong>\u00a0para remojarte a mediod\u00eda y\u00a0<strong>Balc\u00f3n de Europa<\/strong>\u00a0al atardecer para la foto que va directa a tu carrete favorito. Todo con un\u00a0<strong><a href=\"https:\/\/eltaxi033.com\/malaga\/\">nerja malaga taxi<\/a><\/strong>\u00a0c\u00f3modo, con\u00a0<strong>precio claro<\/strong>\u00a0y con un conductor que hace que el d\u00eda sea a\u00fan m\u00e1s f\u00e1cil.<\/p>\n\n\n\n<p><strong>Reserva con ElTaxi 033<\/strong>\u00a0por WhatsApp o llamada, dinos recogida, n\u00famero de pasajeros y si necesitas\u00a0<strong>silla infantil<\/strong>\u00a0o\u00a0<strong>minivan<\/strong>. Te confirmamos\u00a0<strong>hora, veh\u00edculo y tarifa cerrada<\/strong>\u00a0al momento. Nos vemos en la puerta de tu hotel, en el aeropuerto o donde mejor te venga. \u00a1Nerja te espera y nosotros te llevamos!<\/p>\n\n\n\n<h2 class=\"wp-block-heading\"><strong>Preguntas frecuentes sobre nerja malaga taxi<\/strong><\/h2>\n\n\n\n<h3 class=\"wp-block-heading\"><strong>1) \u00bfCu\u00e1l es el precio del traslado M\u00e1laga\u2013Nerja?<\/strong><\/h3>\n\n\n\n<p>Trabajamos con tax\u00edmetro o\u00a0<strong>precio cerrado<\/strong>\u00a0seg\u00fan fecha, hora y tama\u00f1o del veh\u00edculo. Te lo confirmamos antes de salir.<\/p>\n\n\n\n<h3 class=\"wp-block-heading\"><strong>2) \u00bfCu\u00e1nto tarda el recorrido?<\/strong><\/h3>\n\n\n\n<p>Entre\u00a0<strong>55 y 60 minutos<\/strong>\u00a0desde M\u00e1laga centro o aeropuerto, seg\u00fan tr\u00e1fico en la A-7.<\/p>\n\n\n\n<h3 class=\"wp-block-heading\"><strong>3) \u00bfPuedo reservar ida y vuelta con espera incluida?<\/strong><\/h3>\n\n\n\n<p>S\u00ed. Podemos\u00a0<strong>esperarte<\/strong>\u00a0el tiempo que necesites y hacer el regreso con el\u00a0<strong>mismo conductor<\/strong>.<\/p>\n\n\n\n<h3 class=\"wp-block-heading\"><strong>4) \u00bfTen\u00e9is sillas infantiles y espacio para equipaje?<\/strong><\/h3>\n\n\n\n<p>S\u00ed. Disponemos de\u00a0<strong>SRI<\/strong>\u00a0bajo petici\u00f3n y\u00a0<strong>minivan 6\u20138 plazas<\/strong>\u00a0con maletero amplio.<\/p>\n\n\n\n<h3 class=\"wp-block-heading\"><strong>5) \u00bfQu\u00e9 pasa si mi vuelo se retrasa o si llueve?<\/strong><\/h3>\n\n\n\n<p>Ajustamos la\u00a0<strong>recogida sin sobrecostes sorpresa<\/strong>\u00a0y te proponemos\u00a0<strong>plan B<\/strong>\u00a0(m\u00e1s cuevas\/casco antiguo).<\/p>\n\n\n\n<script type=\"application\/ld+json\">\n{\n  \"@context\": \"https:\/\/schema.org\",\n  \"@type\": \"FAQPage\",\n  \"mainEntity\": [\n    {\n      \"@type\": \"Question\",\n      \"name\": \"\u00bfCu\u00e1l es el precio del traslado M\u00e1laga\u2013Nerja?\",\n      \"acceptedAnswer\": {\n        \"@type\": \"Answer\",\n        \"text\": \"Trabajamos con tax\u00edmetro o precio cerrado para el servicio nerja malaga taxi. El importe depende de la fecha, hora y tipo de veh\u00edculo (sed\u00e1n o minivan). Confirmamos la tarifa antes de salir.\"\n      }\n    },\n    {\n      \"@type\": \"Question\",\n      \"name\": \"\u00bfCu\u00e1nto tarda el recorrido?\",\n      \"acceptedAnswer\": {\n        \"@type\": \"Answer\",\n        \"text\": \"El trayecto M\u00e1laga (centro o aeropuerto) \u2192 Nerja suele durar entre 55 y 60 minutos por la A-7, condicionado por el tr\u00e1fico.\"\n      }\n    },\n    {\n      \"@type\": \"Question\",\n      \"name\": \"\u00bfPuedo reservar ida y vuelta con espera incluida?\",\n      \"acceptedAnswer\": {\n        \"@type\": \"Answer\",\n        \"text\": \"S\u00ed. Podemos esperarte el tiempo necesario en Nerja y realizar la vuelta con el mismo conductor, dejando todo planificado desde el inicio.\"\n      }\n    },\n    {\n      \"@type\": \"Question\",\n      \"name\": \"\u00bfTen\u00e9is sillas infantiles y espacio para equipaje?\",\n      \"acceptedAnswer\": {\n        \"@type\": \"Answer\",\n        \"text\": \"S\u00ed. Disponemos de sillas infantiles (SRI) bajo petici\u00f3n y minivan 6\u20138 plazas con maletero amplio para carritos, neveras suaves o equipo de playa.\"\n      }\n    },\n    {\n      \"@type\": \"Question\",\n      \"name\": \"\u00bfQu\u00e9 pasa si mi vuelo se retrasa o si llueve?\",\n      \"acceptedAnswer\": {\n        \"@type\": \"Answer\",\n        \"text\": \"Ajustamos la recogida sin costes sorpresa por retraso y te proponemos alternativas si hay lluvia: m\u00e1s tiempo en Cuevas de Nerja y paseo por el casco antiguo.\"\n      }\n    }\n  ]\n}\n<\/script>\n\n","protected":false,"gt_translate_keys":[{"key":"rendered","format":"html"}]},"excerpt":{"rendered":"<p>\u00bfTienes ganas de un d\u00eda perfecto entre cuevas ancestrales, miradores de postal y playas de agua turquesa? En\u00a0ElTaxi 033 te lo ponemos en bandeja con nuestro servicio\u00a0nerja malaga taxi: te recogemos donde est\u00e9s (aeropuerto, centro o tu hotel), te llevamos directo a Nerja sin transbordos y te esperamos el tiempo que necesites para que solo [&hellip;]<\/p>\n","protected":false,"gt_translate_keys":[{"key":"rendered","format":"html"}]},"author":3,"featured_media":508,"comment_status":"closed","ping_status":"open","sticky":false,"template":"","format":"standard","meta":{"_joinchat":[],"footnotes":""},"categories":[1],"tags":[],"class_list":["post-507","post","type-post","status-publish","format-standard","has-post-thumbnail","hentry","category-sin-categoria"],"gt_translate_keys":[{"key":"link","format":"url"}],"_links":{"self":[{"href":"https:\/\/eltaxi033.com\/malaga\/wp-json\/wp\/v2\/posts\/507","targetHints":{"allow":["GET"]}}],"collection":[{"href":"https:\/\/eltaxi033.com\/malaga\/wp-json\/wp\/v2\/posts"}],"about":[{"href":"https:\/\/eltaxi033.com\/malaga\/wp-json\/wp\/v2\/types\/post"}],"author":[{"embeddable":true,"href":"https:\/\/eltaxi033.com\/malaga\/wp-json\/wp\/v2\/users\/3"}],"replies":[{"embeddable":true,"href":"https:\/\/eltaxi033.com\/malaga\/wp-json\/wp\/v2\/comments?post=507"}],"version-history":[{"count":2,"href":"https:\/\/eltaxi033.com\/malaga\/wp-json\/wp\/v2\/posts\/507\/revisions"}],"predecessor-version":[{"id":510,"href":"https:\/\/eltaxi033.com\/malaga\/wp-json\/wp\/v2\/posts\/507\/revisions\/510"}],"wp:featuredmedia":[{"embeddable":true,"href":"https:\/\/eltaxi033.com\/malaga\/wp-json\/wp\/v2\/media\/508"}],"wp:attachment":[{"href":"https:\/\/eltaxi033.com\/malaga\/wp-json\/wp\/v2\/media?parent=507"}],"wp:term":[{"taxonomy":"category","embeddable":true,"href":"https:\/\/eltaxi033.com\/malaga\/wp-json\/wp\/v2\/categories?post=507"},{"taxonomy":"post_tag","embeddable":true,"href":"https:\/\/eltaxi033.com\/malaga\/wp-json\/wp\/v2\/tags?post=507"}],"curies":[{"name":"wp","href":"https:\/\/api.w.org\/{rel}","templated":true}]}}