{"id":389,"date":"2025-07-29T15:39:39","date_gmt":"2025-07-29T13:39:39","guid":{"rendered":"https:\/\/eltaxi033.com\/malaga\/?p=389"},"modified":"2026-02-23T09:50:05","modified_gmt":"2026-02-23T08:50:05","slug":"como-asegurarte-un-viaje-puntual-por-la-costa-del-sol","status":"publish","type":"post","link":"https:\/\/eltaxi033.com\/malaga\/blog\/como-asegurarte-un-viaje-puntual-por-la-costa-del-sol\/","title":{"rendered":"C\u00f3mo asegurarte un viaje puntual por la Costa del Sol","gt_translate_keys":[{"key":"rendered","format":"text"}]},"content":{"rendered":"\t\t<div data-elementor-type=\"wp-post\" data-elementor-id=\"389\" class=\"elementor elementor-389\" data-elementor-post-type=\"post\">\n\t\t\t\t<div class=\"elementor-element elementor-element-a387df9 e-flex e-con-boxed e-con e-parent\" data-id=\"a387df9\" data-element_type=\"container\">\n\t\t\t\t\t<div class=\"e-con-inner\">\n\t\t\t\t<div class=\"elementor-element elementor-element-d3d90d2 elementor-widget elementor-widget-html\" data-id=\"d3d90d2\" data-element_type=\"widget\" data-widget_type=\"html.default\">\n\t\t\t\t<div class=\"elementor-widget-container\">\n\t\t\t\t\t<div class=\"elementor-widget-container\">\n\t\t\t\t\t<h1 class=\"elementor-heading-title elementor-size-default\">C\u00f3mo asegurarte un viaje puntual por la Costa del Sol<\/h1>\t\t\t\t<\/div>\n\t\t\t\t<\/div>\n\t\t\t\t\t<\/div>\n\t\t\t\t<\/div>\n\t\t<div class=\"elementor-element elementor-element-2a18fe1 e-flex e-con-boxed e-con e-parent e-lazyloaded\" data-id=\"2a18fe1\" data-element_type=\"container\">\n\t\t\t\t\t<div class=\"e-con-inner\">\n\t\t<div class=\"elementor-element elementor-element-b05ad3f e-con-full e-flex e-con e-child\" data-id=\"b05ad3f\" data-element_type=\"container\">\n\t\t\t\t<div class=\"elementor-element elementor-element-a0ca392 elementor-widget elementor-widget-theme-post-content\" data-id=\"a0ca392\" data-element_type=\"widget\" data-widget_type=\"theme-post-content.default\">\n\t\t\t\t<div class=\"elementor-widget-container\">\n\t\t\t\t\t\n<p>Imag\u00ednate esto: tu vuelo aterriza en M\u00e1laga a las 22:35, llevas todo el d\u00eda con la maleta a cuestas y lo \u00fanico que quieres es llegar al hotel, pedir un espeto y brindar mirando al Mediterr\u00e1neo. Pero, \u00a1pum!, la cola para coger taxi parece la fila de la monta\u00f1a rusa en pleno agosto. Aqu\u00ed es donde entra en juego la <strong><a href=\"https:\/\/eltaxi033.com\/malaga\/\">reserva de taxi en M\u00e1laga<\/a><\/strong> \u2014o, como muchos la llaman, \u201cpedir un taxi con antelaci\u00f3n\u201d. En <strong>ElTaxi 033<\/strong> llevamos m\u00e1s de 15 a\u00f1os rescatando a viajeros despistados y a locales con prisa, y hoy te contamos todos nuestros trucos para que tu trayecto por la Costa del Sol empiece \u2014y termine\u2014 puntual y con buena cara.<\/p>\n\n\n\n<figure class=\"wp-block-image size-large\"><img fetchpriority=\"high\" fetchpriority=\"high\" decoding=\"async\" width=\"1024\" height=\"576\" src=\"https:\/\/eltaxi033.com\/malaga\/wp-content\/uploads\/sites\/7\/2025\/06\/taxi-malaga.jpg-1024x576.webp\" alt=\"taxi malaga.jpg\" class=\"wp-image-666\" srcset=\"https:\/\/eltaxi033.com\/malaga\/wp-content\/uploads\/sites\/7\/2025\/06\/taxi-malaga.jpg-1024x576.webp 1024w, https:\/\/eltaxi033.com\/malaga\/wp-content\/uploads\/sites\/7\/2025\/06\/taxi-malaga.jpg-300x169.webp 300w, https:\/\/eltaxi033.com\/malaga\/wp-content\/uploads\/sites\/7\/2025\/06\/taxi-malaga.jpg-768x432.webp 768w, https:\/\/eltaxi033.com\/malaga\/wp-content\/uploads\/sites\/7\/2025\/06\/taxi-malaga.jpg-1536x864.webp 1536w, https:\/\/eltaxi033.com\/malaga\/wp-content\/uploads\/sites\/7\/2025\/06\/taxi-malaga.jpg.webp 1600w\" sizes=\"(max-width: 1024px) 100vw, 1024px\" \/><\/figure>\n\n\n\n<h2 class=\"wp-block-heading\">\u00bfPor qu\u00e9 anticiparse es la mejor idea?<\/h2>\n\n\n\n<h3 class=\"wp-block-heading\">Evitas los \u201cefectos embotellamiento\u201d<\/h3>\n\n\n\n<p>M\u00e1laga no duerme. Entre cruceros, congresos y fiestas populares, el tr\u00e1fico puede subir de cero a caos en lo que tardas en decir <strong>servicio de taxi 24 horas<\/strong>. Una reserva te pone en la pole position: tu conductor ya est\u00e1 asignado y recibe alertas sobre cortes o atascos para ajustar la ruta antes de recogerte.<\/p>\n\n\n\n<h3 class=\"wp-block-heading\">Tarifas cerradas = presupuesto sin sustos<\/h3>\n\n\n\n<p>Otra ventaja de reservar taxi M\u00e1laga es saber cu\u00e1nto gastar\u00e1s antes de subirte. En ElTaxi 033 usamos precio fijo para el <strong>taxi aeropuerto M\u00e1laga\u2013Torremolinos<\/strong>, por ejemplo. As\u00ed evitas el viejo \u201c\u00bfy si el tax\u00edmetro sube?\u201d mientras la carretera de la costa se pone roja en Google Maps.<\/p>\n\n\n\n<h3 class=\"wp-block-heading\">Tiempo extra para lo importante<\/h3>\n\n\n\n<p>El mayor beneficio, seamos honestos, es mental. Reservar te libera la cabeza para cosas mejores: comprobar que metiste el cargador, mandar un \u00faltimo meme al grupo o simplemente respirar el aire salado cuando salgas de la terminal.<\/p>\n\n\n\n<h2 class=\"wp-block-heading\">Paso a paso: c\u00f3mo reservar tu taxi en M\u00e1laga sin volverte loco<\/h2>\n\n\n\n<h3 class=\"wp-block-heading\">Elige plataforma (app, web o llamada \u201cde toda la vida\u201d)<\/h3>\n\n\n\n<ul class=\"wp-block-list\">\n<li><strong>App de ElTaxi.App<\/strong>: ideal si vienes con roaming y quieres ver la cara del conductor, la matr\u00edcula y el tiempo estimado; igual que pedir un VTC, pero legal y local.<\/li>\n\n\n\n<li><strong>Reserva online<\/strong>: si eres de los que planifican desde el port\u00e1til. Entras, seleccionas punto de recogida (\u201cAeropuerto AGP\u201d), destino (\u201cHotel Ficticio, Fuengirola\u201d), indicas hora, \u00a1y listo!<\/li>\n\n\n\n<li><strong>Tel\u00e9fono<\/strong>: nuestros cl\u00e1sicos nunca fallan. Marcando el 033 te atiende alguien del equipo que sabe d\u00f3nde est\u00e1n los atascos del centro y qu\u00e9 rotonda est\u00e1 en obras esta semana. En nuestro blog te ense\u00f1amos a <a href=\"https:\/\/eltaxi033.com\/malaga\/2025\/05\/11\/como-usar-numero-taxi-malaga\/\">usar el n\u00famero de taxi en M\u00e1laga<\/a>.<\/li>\n<\/ul>\n\n\n\n<h3 class=\"wp-block-heading\">Detalles que S\u00cd marcan la diferencia<\/h3>\n\n\n\n<p>Para clavar la puntualidad, incluye:<\/p>\n\n\n\n<ol class=\"wp-block-list\">\n<li><strong>N\u00famero de vuelo<\/strong>: as\u00ed monitorizamos retrasos.<\/li>\n\n\n\n<li><strong>Cantidad de maletas<\/strong>: enviamos un veh\u00edculo m\u00e1s grande si lo necesitas.<\/li>\n\n\n\n<li><strong>Sillita de ni\u00f1o<\/strong>: solo hay que pedirla.<\/li>\n\n\n\n<li><strong>Parada extra<\/strong> (por ejemplo, \u201cpasar por el s\u00faper a por agua\u201d): tiempo calculado de antemano.<\/li>\n<\/ol>\n\n\n\n<h3 class=\"wp-block-heading\">Confirmaci\u00f3n y recordatorio autom\u00e1tico<\/h3>\n\n\n\n<p>Una vez hecha la reserva, te llega un email con todos los datos y un enlace de seguimiento en tiempo real. Si cambia tu plan, puedes modificar con un par de taps.<\/p>\n\n\n\n<figure class=\"wp-block-image size-large\"><img decoding=\"async\" width=\"1024\" height=\"683\" src=\"https:\/\/eltaxi033.com\/malaga\/wp-content\/uploads\/sites\/7\/2024\/12\/Malaga-1024x683.webp\" alt=\"Malaga\" class=\"wp-image-610\" srcset=\"https:\/\/eltaxi033.com\/malaga\/wp-content\/uploads\/sites\/7\/2024\/12\/Malaga-1024x683.webp 1024w, https:\/\/eltaxi033.com\/malaga\/wp-content\/uploads\/sites\/7\/2024\/12\/Malaga-300x200.webp 300w, https:\/\/eltaxi033.com\/malaga\/wp-content\/uploads\/sites\/7\/2024\/12\/Malaga-768x512.webp 768w, https:\/\/eltaxi033.com\/malaga\/wp-content\/uploads\/sites\/7\/2024\/12\/Malaga.webp 1536w\" sizes=\"(max-width: 1024px) 100vw, 1024px\" \/><\/figure>\n\n\n\n<h2 class=\"wp-block-heading\">Trucos de la casa para afinar la puntualidad<\/h2>\n\n\n\n<h3 class=\"wp-block-heading\">El factor \u201ccinta de equipaje\u201d<\/h3>\n\n\n\n<p>Sabemos \u2014por experiencia y por haber contado maletas\u2014 que, de media, las maletas tardan 18-25 minutos en aparecer en las cintas del aeropuerto de M\u00e1laga. As\u00ed que programa la recogida 30 min tras el aterrizaje si viajas solo con equipaje de mano, y 45 min si facturaste.<\/p>\n\n\n\n<h3 class=\"wp-block-heading\">Horarios pico que pocos te cuentan<\/h3>\n\n\n\n<ul class=\"wp-block-list\">\n<li><strong>Viernes 15:00-18:00<\/strong>: check-in masivo de turistas que llegan para el finde.<\/li>\n\n\n\n<li><strong>Domingos 11:00-14:00<\/strong>: salidas al aeropuerto de viajeros de escapada corta.<\/li>\n\n\n\n<li><strong>Verano 20:30-22:30<\/strong>: atasco playero cuando todos vuelven del chiringuito.<br>Reservar fuera de estos tramos \u2014o al menos avisarnos de que viajas en ellos\u2014 hace magia.<\/li>\n<\/ul>\n\n\n\n<h3 class=\"wp-block-heading\">Usa el carril BUS-TAXI a tu favor<\/h3>\n\n\n\n<p>En M\u00e1laga capital y en la A-7 existen carriles exclusivos para taxis, que a veces salvan 15 minutos. Nuestros conductores llevan TAG homologado para usarlos; solo necesitamos que la reserva est\u00e9 hecha con matr\u00edcula asignada \u2014otro punto extra para anticiparte.<\/p>\n\n\n\n<h2 class=\"wp-block-heading\">Historias reales: cuando la reserva salv\u00f3 el d\u00eda<\/h2>\n\n\n\n<ul class=\"wp-block-list\">\n<li><strong>El novio despistado<\/strong>: Juan olvid\u00f3 que su boda era en Mijas a las 17:00. A las 15:45 a\u00fan estaba en la T3. Su madre nos llam\u00f3 con voz de culebr\u00f3n. Taxi reservado, conductor con GPS \u201cmodo boda\u201d, carril BUS-TAXI y llegada a las 16:28. Hubo \u201cs\u00ed, quiero\u201d.<\/li>\n\n\n\n<li><strong>La surfista holandesa<\/strong>: Lisa tra\u00eda una tabla de 2 m y miedo a que no cupiera. Reserv\u00f3 indicando dimensiones; enviamos una furgoneta y hasta cuerda extra. Lleg\u00f3 a El Palo a tiempo para la \u00faltima ola de la tarde. \u201cBest taxi ever\u201d, nos escribi\u00f3 luego.<\/li>\n\n\n\n<li><strong>La abuela tecnol\u00f3gica<\/strong>: Carmen, 72, baj\u00f3 nuestra app para su viaje mensual al hospital cl\u00ednico. Activa la opci\u00f3n \u201cconductor preferido\u201d y Antonio la recoge siempre. Dice que le da conversaci\u00f3n y que, desde que reserva, nunca pierde su cita.<\/li>\n<\/ul>\n\n\n\n<h2 class=\"wp-block-heading\">Checklist expr\u00e9s para un viaje puntual y sin dramas<\/h2>\n\n\n\n<ol class=\"wp-block-list\">\n<li><strong><a href=\"https:\/\/eltaxi033.com\/malaga\/\">Reserva tu taxi M\u00e1laga<\/a><\/strong> con 24-48 h de antelaci\u00f3n.<\/li>\n\n\n\n<li>Incluye vuelo, equipaje y extras (sillita, parada) en el formulario.<\/li>\n\n\n\n<li>Programa la hora de recogida pensando en la cinta de equipaje.<\/li>\n\n\n\n<li>Disfruta del carril BUS-TAXI mientras miras el mar por la ventanilla.<\/li>\n<\/ol>\n\n\n\n<h2 class=\"wp-block-heading\">Conclusi\u00f3n: llegar a tiempo es un placer \u2014y una cortes\u00eda<\/h2>\n\n\n\n<p>En ElTaxi 033 creemos que la puntualidad no deber\u00eda ser un \u201clujo premium\u201d, sino la base de cualquier buen servicio. Cuando reservas con nosotros, no solo garantizas un <strong>taxi puntual en M\u00e1laga<\/strong>, sino tambi\u00e9n un saludo a pie de terminal, un maletero espacioso y ese consejo local de d\u00f3nde comer el mejor campero de la zona. Recuerda: reservar tu taxi hoy significa tener ma\u00f1ana \u2014o dentro de una semana\u2014 un trayecto sin carreras, sin dudas y sin caras largas.<\/p>\n\n\n\n<p>As\u00ed que, si est\u00e1s planeando tu pr\u00f3xima visita a la Costa del Sol, d\u00e9janos ser tu copiloto desde el minuto 1. <strong>Haz tu <a href=\"https:\/\/eltaxi033.com\/malaga\/\">reserva de taxi en M\u00e1laga<\/a> ahora mismo<\/strong> y c\u00e9ntrate en lo que importa: vivir cada rayo de sol, cada tapa y cada kil\u00f3metro de esta costa que tanto nos enamora.<\/p>\n\n\n\n<p>\u00a1Nos vemos en el aeropuerto con el motor en marcha y la sonrisa puesta!<\/p>\n\n\n\n<figure class=\"wp-block-image size-large\"><img decoding=\"async\" width=\"1024\" height=\"547\" src=\"https:\/\/eltaxi033.com\/malaga\/wp-content\/uploads\/sites\/7\/2025\/04\/taxi-malaga-1024x547.webp\" alt=\"taxi malaga\" class=\"wp-image-327\" srcset=\"https:\/\/eltaxi033.com\/malaga\/wp-content\/uploads\/sites\/7\/2025\/04\/taxi-malaga-1024x547.webp 1024w, https:\/\/eltaxi033.com\/malaga\/wp-content\/uploads\/sites\/7\/2025\/04\/taxi-malaga-300x160.webp 300w, https:\/\/eltaxi033.com\/malaga\/wp-content\/uploads\/sites\/7\/2025\/04\/taxi-malaga-768x410.webp 768w, https:\/\/eltaxi033.com\/malaga\/wp-content\/uploads\/sites\/7\/2025\/04\/taxi-malaga.webp 1031w\" sizes=\"(max-width: 1024px) 100vw, 1024px\" \/><\/figure>\n\n\n\n<h2 class=\"wp-block-heading\">Preguntas frecuentes sobre reservar taxi en M\u00e1laga<\/h2>\n\n\n\n<h3 class=\"wp-block-heading\"><strong>\u00bfC\u00f3mo sigo el taxi en tiempo real?<\/strong><\/h3>\n\n\n\n<p>Tras confirmar la reserva recibir\u00e1s un enlace con seguimiento GPS y datos del conductor.<\/p>\n\n\n\n<h3 class=\"wp-block-heading\"><strong>\u00bfCon cu\u00e1nta antelaci\u00f3n debo reservar mi taxi en M\u00e1laga?<\/strong><\/h3>\n\n\n\n<p>Lo ideal es 24-48 h, pero puedes hacerlo hasta 1 h antes si hay disponibilidad.<\/p>\n\n\n\n<h3 class=\"wp-block-heading\"><strong>\u00bfQu\u00e9 pasa si mi vuelo se retrasa despu\u00e9s de haber reservado?<\/strong><\/h3>\n\n\n\n<p>ElTaxi 033 monitoriza tu vuelo y ajusta la hora de recogida sin coste adicional.<\/p>\n\n\n\n<h3 class=\"wp-block-heading\"><strong>\u00bfEl precio es cerrado al reservar o puede variar?<\/strong><\/h3>\n\n\n\n<p>Es cerrado; conocer\u00e1s el importe final antes de subirte, sin sorpresas por tr\u00e1fico.<\/p>\n\n\n\n<h3 class=\"wp-block-heading\"><strong>\u00bfPuedo pedir sillitas infantiles o espacio extra para equipaje grande?<\/strong><\/h3>\n\n\n\n<p>S\u00ed, ind\u00edcalo al reservar y asignaremos el veh\u00edculo adecuado.<\/p>\n\n\n\n<script type=\"application\/ld+json\">\n{\n  \"@context\": \"https:\/\/schema.org\",\n  \"@type\": \"FAQPage\",\n  \"mainEntity\": [\n    {\n      \"@type\": \"Question\",\n      \"name\": \"\u00bfCon cu\u00e1nta antelaci\u00f3n debo reservar mi taxi en M\u00e1laga?\",\n      \"acceptedAnswer\": {\n        \"@type\": \"Answer\",\n        \"text\": \"Lo ideal es reservar con 24-48 horas de antelaci\u00f3n, aunque es posible hacerlo hasta una hora antes si hay disponibilidad.\"\n      }\n    },\n    {\n      \"@type\": \"Question\",\n      \"name\": \"\u00bfQu\u00e9 pasa si mi vuelo se retrasa despu\u00e9s de haber reservado?\",\n      \"acceptedAnswer\": {\n        \"@type\": \"Answer\",\n        \"text\": \"ElTaxi 033 monitoriza tu vuelo en tiempo real y ajusta autom\u00e1ticamente la hora de recogida sin coste adicional.\"\n      }\n    },\n    {\n      \"@type\": \"Question\",\n      \"name\": \"\u00bfEl precio es cerrado al reservar o puede variar?\",\n      \"acceptedAnswer\": {\n        \"@type\": \"Answer\",\n        \"text\": \"El precio es completamente cerrado al momento de la reserva; no cambia aunque haya tr\u00e1fico o desv\u00edos inesperados.\"\n      }\n    },\n    {\n      \"@type\": \"Question\",\n      \"name\": \"\u00bfPuedo pedir sillitas infantiles o espacio extra para equipaje grande?\",\n      \"acceptedAnswer\": {\n        \"@type\": \"Answer\",\n        \"text\": \"S\u00ed. Solo ind\u00edcalo al hacer la reserva y asignaremos el veh\u00edculo adecuado sin recargo.\"\n      }\n    },\n    {\n      \"@type\": \"Question\",\n      \"name\": \"\u00bfC\u00f3mo sigo el taxi en tiempo real?\",\n      \"acceptedAnswer\": {\n        \"@type\": \"Answer\",\n        \"text\": \"Despu\u00e9s de confirmar la reserva, recibir\u00e1s un enlace con seguimiento GPS para ver la ubicaci\u00f3n y datos del conductor en tiempo real.\"\n      }\n    }\n  ]\n}\n<\/script>\n\n\t\t\t\t<\/div>\n\t\t\t\t<\/div>\n\t\t\t\t\n\n\t\t\t\t<\/div>\n\t\t\t\t<\/div>\n\t\t\t\t\t<\/div>\n\t\t\t\t<\/div>\n\t\t\t\t<\/div>\n\t\t","protected":false,"gt_translate_keys":[{"key":"rendered","format":"html"}]},"excerpt":{"rendered":"<p>C\u00f3mo asegurarte un viaje puntual por la Costa del Sol Imag\u00ednate esto: tu vuelo aterriza en M\u00e1laga a las 22:35, llevas todo el d\u00eda con la maleta a cuestas y lo \u00fanico que quieres es llegar al hotel, pedir un espeto y brindar mirando al Mediterr\u00e1neo. Pero, \u00a1pum!, la cola para coger taxi parece la [&hellip;]<\/p>\n","protected":false,"gt_translate_keys":[{"key":"rendered","format":"html"}]},"author":1,"featured_media":0,"comment_status":"closed","ping_status":"closed","sticky":false,"template":"","format":"standard","meta":{"_joinchat":[],"footnotes":""},"categories":[1],"tags":[],"class_list":["post-389","post","type-post","status-publish","format-standard","hentry","category-sin-categoria"],"gt_translate_keys":[{"key":"link","format":"url"}],"_links":{"self":[{"href":"https:\/\/eltaxi033.com\/malaga\/wp-json\/wp\/v2\/posts\/389","targetHints":{"allow":["GET"]}}],"collection":[{"href":"https:\/\/eltaxi033.com\/malaga\/wp-json\/wp\/v2\/posts"}],"about":[{"href":"https:\/\/eltaxi033.com\/malaga\/wp-json\/wp\/v2\/types\/post"}],"author":[{"embeddable":true,"href":"https:\/\/eltaxi033.com\/malaga\/wp-json\/wp\/v2\/users\/1"}],"replies":[{"embeddable":true,"href":"https:\/\/eltaxi033.com\/malaga\/wp-json\/wp\/v2\/comments?post=389"}],"version-history":[{"count":4,"href":"https:\/\/eltaxi033.com\/malaga\/wp-json\/wp\/v2\/posts\/389\/revisions"}],"predecessor-version":[{"id":460,"href":"https:\/\/eltaxi033.com\/malaga\/wp-json\/wp\/v2\/posts\/389\/revisions\/460"}],"wp:attachment":[{"href":"https:\/\/eltaxi033.com\/malaga\/wp-json\/wp\/v2\/media?parent=389"}],"wp:term":[{"taxonomy":"category","embeddable":true,"href":"https:\/\/eltaxi033.com\/malaga\/wp-json\/wp\/v2\/categories?post=389"},{"taxonomy":"post_tag","embeddable":true,"href":"https:\/\/eltaxi033.com\/malaga\/wp-json\/wp\/v2\/tags?post=389"}],"curies":[{"name":"wp","href":"https:\/\/api.w.org\/{rel}","templated":true}]}}