{"id":369,"date":"2025-07-29T15:47:12","date_gmt":"2025-07-29T13:47:12","guid":{"rendered":"https:\/\/eltaxi033.com\/malaga\/?p=369"},"modified":"2026-02-23T09:50:02","modified_gmt":"2026-02-23T08:50:02","slug":"soluciones-movilidad-planes","status":"publish","type":"post","link":"https:\/\/eltaxi033.com\/malaga\/blog\/soluciones-movilidad-planes\/","title":{"rendered":"Soluciones de movilidad que se adaptan a tus planes vacacionales","gt_translate_keys":[{"key":"rendered","format":"text"}]},"content":{"rendered":"\t\t<div data-elementor-type=\"wp-post\" data-elementor-id=\"369\" class=\"elementor elementor-369\" data-elementor-post-type=\"post\">\n\t\t\t\t<div class=\"elementor-element elementor-element-5b2f911 e-flex e-con-boxed e-con e-parent\" data-id=\"5b2f911\" data-element_type=\"container\">\n\t\t\t\t\t<div class=\"e-con-inner\">\n\t\t\t\t<div class=\"elementor-element elementor-element-6cfdad0 elementor-widget elementor-widget-html\" data-id=\"6cfdad0\" data-element_type=\"widget\" data-widget_type=\"html.default\">\n\t\t\t\t<div class=\"elementor-widget-container\">\n\t\t\t\t\t<div class=\"elementor-widget-container\">\n\t\t\t\t\t<h1 class=\"elementor-heading-title elementor-size-default\">Soluciones de movilidad que se adaptan a tus planes vacacionales<\/h1>\t\t\t\t<\/div>\n\t\t\t\t<\/div>\n\t\t\t\t\t<\/div>\n\t\t\t\t<\/div>\n\t\t<div class=\"elementor-element elementor-element-2a18fe1 e-flex e-con-boxed e-con e-parent e-lazyloaded\" data-id=\"2a18fe1\" data-element_type=\"container\">\n\t\t\t\t\t<div class=\"e-con-inner\">\n\t\t<div class=\"elementor-element elementor-element-b05ad3f e-con-full e-flex e-con e-child\" data-id=\"b05ad3f\" data-element_type=\"container\">\n\t\t\t\t<div class=\"elementor-element elementor-element-a0ca392 elementor-widget elementor-widget-theme-post-content\" data-id=\"a0ca392\" data-element_type=\"widget\" data-widget_type=\"theme-post-content.default\">\n\t\t\t\t<div class=\"elementor-widget-container\">\n\t\t\t\t\t\n<h2 class=\"wp-block-heading\">\u00bfPlaneando tu escapada a la Costa del Sol?<\/h2>\n\n\n\n<p>M\u00e1laga huele a espetos y a azahar. Entre planeo de gaviotas y atardeceres que incendian la Alcazaba, lo \u00fanico que <strong>no<\/strong>quieres es pelearte con el bus lleno o con ese GPS que decide perder la cobertura justo cuando m\u00e1s lo necesitas. Aqu\u00ed es donde entramos nosotros, ElTaxi 033, armados con una flota impecable de <strong><a href=\"https:\/\/eltaxi033.com\/malaga\/\">taxis en M\u00e1laga<\/a><\/strong> y un pu\u00f1ado de an\u00e9cdotas playeras que contarte.<\/p>\n\n\n\n<p>Imag\u00ednate: aterrizas en el aeropuerto de M\u00e1laga\u2013Costa del Sol, sales con la mochila medio abierta y la tabla de surf bajo el brazo. En lugar de entrar en modo \u201cgincana\u201d para encontrar transporte, un conductor con tu nombre en la tablet te saluda; cinco minutos despu\u00e9s ya est\u00e1s cruzando el puente sobre el Guadalhorce camino al hotel, m\u00fasica de verano a volumen bajito y la brisa del aire acondicionado nivel \u201cgloria\u201d. Suena bien, \u00bfno? Pues vamos al l\u00edo.<\/p>\n\n\n\n<figure class=\"wp-block-image size-full\"><img fetchpriority=\"high\" fetchpriority=\"high\" decoding=\"async\" width=\"1024\" height=\"652\" src=\"https:\/\/eltaxi033.com\/malaga\/wp-content\/uploads\/sites\/7\/2025\/07\/malaga.webp\" alt=\"malaga\" class=\"wp-image-698\" srcset=\"https:\/\/eltaxi033.com\/malaga\/wp-content\/uploads\/sites\/7\/2025\/07\/malaga.webp 1024w, https:\/\/eltaxi033.com\/malaga\/wp-content\/uploads\/sites\/7\/2025\/07\/malaga-300x191.webp 300w, https:\/\/eltaxi033.com\/malaga\/wp-content\/uploads\/sites\/7\/2025\/07\/malaga-768x489.webp 768w\" sizes=\"(max-width: 1024px) 100vw, 1024px\" \/><\/figure>\n\n\n\n<h2 class=\"wp-block-heading\">\u00bfPor qu\u00e9 elegir un taxi M\u00e1laga para moverte durante las vacaciones?<\/h2>\n\n\n\n<ol class=\"wp-block-list\">\n<li><strong>Rapidez sin compromisos<\/strong> \u2013 Sin horarios, sin paradas intermedias. Subes, cierras la puerta y \u00a1gas!<\/li>\n\n\n\n<li><strong>Flexibilidad total<\/strong> \u2013 De madrugada despu\u00e9s de un concierto en el Soho, o a las seis de la ma\u00f1ana para pillar el primer tren a Ronda: siempre habr\u00e1 un <strong>taxi M\u00e1laga aeropuerto<\/strong> o en la ciudad listo para ti.<\/li>\n\n\n\n<li><strong>Comodidad clim\u00e1tica<\/strong> \u2013 Julio puede rozar los 35 \u00b0C y agosto ni hablemos. Nuestros climatizadores te salvan la vida (o al menos el peinado).<\/li>\n\n\n\n<li><strong>Seguridad garantizada<\/strong> \u2013 Tarifas oficiales, conductores acreditados y veh\u00edculos inspeccionados. Tu abuela dormir\u00eda tranquila.<\/li>\n<\/ol>\n\n\n\n<h3 class=\"wp-block-heading\">Caso real expr\u00e9s<\/h3>\n\n\n\n<p>Luc\u00eda y Dani llegaron un agosto cualquiera con dos bicis plegables y una perrita. Al ver el equipaje, desplegamos una de nuestras furgos adaptadas. Sobraron risas y espacio. Spoiler: la perrita se durmi\u00f3 antes de llegar al paseo mar\u00edtimo.<\/p>\n\n\n\n<h2 class=\"wp-block-heading\">Ventajas exclusivas de viajar con ElTaxi 033<\/h2>\n\n\n\n<h3 class=\"wp-block-heading\">Sin sorpresas en la tarifa<\/h3>\n\n\n\n<p>Tarifa oficial aprobada por el Ayuntamiento + suplemento aeropuerto cerrado =&nbsp;<strong>precio transparent\u00edsimo<\/strong>. Cuando te damos un estimado, ese n\u00famero no baila ni con sevillanas.<\/p>\n\n\n\n<h3 class=\"wp-block-heading\">Conductores locales, consejeros de confianza<\/h3>\n\n\n\n<p>\u00bfQuieres un chiringuito con la mejor sardina espetada? \u00bfLa cala menos petada de Torremolinos? Preg\u00fantale al conductor: llevan a\u00f1os pateando la Costa y siempre tienen un plan B para el \u201ccierre por reformas\u201d.<\/p>\n\n\n\n<h3 class=\"wp-block-heading\">Flota variada y adaptada<\/h3>\n\n\n\n<ul class=\"wp-block-list\">\n<li><strong>Sedanes silenciosos<\/strong> para parejas que llegan buscando relax.<\/li>\n\n\n\n<li><strong>Monovol\u00famenes de 7 plazas<\/strong> para pandillas festivaleras.<\/li>\n\n\n\n<li><strong>Furgos XL<\/strong> con rampas para sillas de ruedas o tablas de surf.<\/li>\n<\/ul>\n\n\n\n<p>Siempre limpitos y con puertos USB que no sueltan el cable a la primera (te entendemos, Apple).<\/p>\n\n\n\n<h2 class=\"wp-block-heading\">Escenarios vacacionales y c\u00f3mo te cubrimos la espalda<\/h2>\n\n\n\n<h3 class=\"wp-block-heading\">1. Fin de semana rom\u00e1ntico<\/h3>\n\n\n\n<p>Reservas un boutique-hotel en el centro hist\u00f3rico. Te recogemos en el aeropuerto, te dejamos en la puerta peatonal, guardamos el n\u00famero de vuelo de vuelta y programamos tu recogida. Bonus: ruta nocturna por miradores si lo pides con ojitos. En nuestro blog te contamos <a href=\"https:\/\/eltaxi033.com\/malaga\/2025\/06\/29\/planes-disfrutar-miradores\/\">planes para disfrutar de los miradores m\u00e1s espectaculares<\/a>.<\/p>\n\n\n\n<h3 class=\"wp-block-heading\">2. Escapada festivalera con colegas<\/h3>\n\n\n\n<p>Maleta blanda, glitter en la cara y pulseras anticipadas. Movemos a tu grupo al recinto y, cuando suene el \u00faltimo beat, all\u00ed estaremos con agua fresquita y paciencia infinita para escuchar vuestras batallitas.<\/p>\n\n\n\n<h3 class=\"wp-block-heading\">3. Vacaciones familiares con peques<\/h3>\n\n\n\n<p>Sillas infantiles homologadas, espacio para el carrito, playlist \u201cCantajuegos\u201d on demand. Y si hacen falta paradas t\u00e9cnicas en los <a href=\"https:\/\/eltaxi033.com\/malaga\/\">taxis en M\u00e1laga<\/a> camino a Nerja, se hacen.<\/p>\n\n\n\n<h3 class=\"wp-block-heading\">4. Ruta de golf o wine-tour<\/h3>\n\n\n\n<p>Guardamos tus palos de golf (o las cajas de vino) como si fueran nuestras. Adem\u00e1s, el maletero acepta hasta el ego de un handicap 5.<\/p>\n\n\n\n<h2 class=\"wp-block-heading\">Reservar con ElTaxi 033: tan r\u00e1pido como un pit stop<\/h2>\n\n\n\n<h3 class=\"wp-block-heading\">App, web o llamada: elige tu canal<\/h3>\n\n\n\n<ul class=\"wp-block-list\">\n<li><strong>App oficial o WhatsApp<\/strong>: geolocalizaci\u00f3n, precio estimado al segundo y conductor asignado en menos de 15 seg.<\/li>\n\n\n\n<li><strong>Web<\/strong>: formulario simple, confirmaci\u00f3n por correo.<\/li>\n\n\n\n<li><strong>Tel\u00e9fono de la vieja escuela<\/strong> (s\u00ed, todav\u00eda mola hablar con humanos).<\/li>\n<\/ul>\n\n\n\n<h3 class=\"wp-block-heading\">Pagos sin fricciones<\/h3>\n\n\n\n<p>Tarjeta contactless, Bizum, Apple Pay, efectivo\u2026 incluso vales de empresa si vienes a un congreso. La \u00fanica sorpresa ser\u00e1 lo suave que gira el dat\u00e1fono.<\/p>\n\n\n\n<figure class=\"wp-block-image size-full\"><img decoding=\"async\" width=\"1024\" height=\"847\" src=\"https:\/\/eltaxi033.com\/malaga\/wp-content\/uploads\/sites\/7\/2025\/06\/ChatGPT-Image-5-de-maig-del-2025-12_31_35-e1749028926418.webp\" alt=\"ChatGPT Image 5 de maig del 2025, 12 31 35\" class=\"wp-image-644\" srcset=\"https:\/\/eltaxi033.com\/malaga\/wp-content\/uploads\/sites\/7\/2025\/06\/ChatGPT-Image-5-de-maig-del-2025-12_31_35-e1749028926418.webp 1024w, https:\/\/eltaxi033.com\/malaga\/wp-content\/uploads\/sites\/7\/2025\/06\/ChatGPT-Image-5-de-maig-del-2025-12_31_35-e1749028926418-300x248.webp 300w, https:\/\/eltaxi033.com\/malaga\/wp-content\/uploads\/sites\/7\/2025\/06\/ChatGPT-Image-5-de-maig-del-2025-12_31_35-e1749028926418-768x635.webp 768w\" sizes=\"(max-width: 1024px) 100vw, 1024px\" \/><\/figure>\n\n\n\n<h2 class=\"wp-block-heading\">Consejos insider para exprimir M\u00e1laga sobre ruedas<\/h2>\n\n\n\n<h3 class=\"wp-block-heading\">Horas punta y truquitos de ruta<\/h3>\n\n\n\n<ul class=\"wp-block-list\">\n<li><strong>Domingos 13:00-15:00<\/strong>: radares calientes en la MA-20; toma la circunvalaci\u00f3n norte si vas hacia Torremolinos.<\/li>\n\n\n\n<li><strong>Viernes de feria<\/strong>: Plaza de la Marina cortada; acuerda un punto de recogida en Calle Larios antes del desfile.<\/li>\n<\/ul>\n\n\n\n<h3 class=\"wp-block-heading\">Playas y chiringuitos accesibles<\/h3>\n\n\n\n<p>Ponemos rumbo a Guadalmar si buscas arena fina y poca gente; El Palo para espetos top; y Pedregalejo para cervecitas al atardecer.<\/p>\n\n\n\n<h3 class=\"wp-block-heading\">Excursiones de d\u00eda fuera de la ciudad<\/h3>\n\n\n\n<ul class=\"wp-block-list\">\n<li><strong>Caminito del Rey<\/strong>: salida 08:00 h, vuelta 16:00 h; coche fresquito esper\u00e1ndote en la entrada norte.<\/li>\n\n\n\n<li><strong>Frigiliana<\/strong>: la villa blanca m\u00e1s instagrameable; ojo a las cuestas, nosotros subimos hasta la puerta del casco hist\u00f3rico.<\/li>\n<\/ul>\n\n\n\n<h2 class=\"wp-block-heading\">Conclusi\u00f3n: mu\u00e9vete a tu ritmo con ElTaxi 033<\/h2>\n\n\n\n<p>Vacaciones significa libertad, no sudar la gota gorda esperando un bus que nunca llega. Con <strong>ElTaxi 033<\/strong> y nuestros <strong><a href=\"https:\/\/eltaxi033.com\/malaga\/\">taxis M\u00e1laga<\/a><\/strong>, eliges la banda sonora, la temperatura del aire y la ruta que m\u00e1s te apetezca. Tanto si vienes con el ba\u00f1ador puesto como si tu plan es desayunar churros y darte un homenaje cultural en el Museo Picasso, tenemos un asiento reservado para ti.<\/p>\n\n\n\n<p>La Costa del Sol es alegr\u00eda, luz y kil\u00f3metro 0. S\u00fabete con nosotros, abre la ventana, suelta un \u201c\u00a1a la aventura!\u201d y deja que las ruedas rueden. Nos vemos en el retrovisor.<\/p>\n\n\n\n<p><em>\u00bfListo para reservar?<\/em><br>Haz clic en el bot\u00f3n de la app, ll\u00e1manos o m\u00e1ndanos un WhatsApp.&nbsp;<strong>ElTaxi 033<\/strong>&nbsp;est\u00e1 a un giro de llave de distancia. \u00a1Nos vemos en M\u00e1laga!<\/p>\n\n\n\n<h2 class=\"wp-block-heading\">Preguntas frecuentes sobre taxis M\u00e1laga<\/h2>\n\n\n\n<h3 class=\"wp-block-heading\"><strong>1. \u00bfCu\u00e1nto cuesta el taxi del aeropuerto al centro de M\u00e1laga?<\/strong><\/h3>\n\n\n\n<p>La tarifa fija oficial ronda los 25-30 \u20ac seg\u00fan horario y festivos.<\/p>\n\n\n\n<h3 class=\"wp-block-heading\"><strong>2. \u00bfPuedo reservar con antelaci\u00f3n?<\/strong><\/h3>\n\n\n\n<p>S\u00ed, mediante app, WhatsApp, web o llamada; recibir\u00e1s confirmaci\u00f3n inmediata.<\/p>\n\n\n\n<h3 class=\"wp-block-heading\"><strong>3. \u00bfAceptan mascotas en los taxis?<\/strong><\/h3>\n\n\n\n<p>Claro. Av\u00edsanos y llevaremos taxi pet-friendly.<\/p>\n\n\n\n<h3 class=\"wp-block-heading\"><strong>4. \u00bfDisponen de veh\u00edculos adaptados para sillas de ruedas?<\/strong><\/h3>\n\n\n\n<p>S\u00ed, contamos con furgonetas XL con rampas y anclajes homologados.<\/p>\n\n\n\n<h3 class=\"wp-block-heading\"><strong>5. \u00bfExiste suplemento nocturno en la tarifa?<\/strong><\/h3>\n\n\n\n<p>Solo de 22:00 a 06:00, tal como marca la normativa municipal.<\/p>\n\n\n\n<script type=\"application\/ld+json\">\n{\n  \"@context\": \"https:\/\/schema.org\",\n  \"@type\": \"FAQPage\",\n  \"mainEntity\": [\n    {\n      \"@type\": \"Question\",\n      \"name\": \"\u00bfCu\u00e1nto cuesta el taxi del aeropuerto al centro de M\u00e1laga?\",\n      \"acceptedAnswer\": {\n        \"@type\": \"Answer\",\n        \"text\": \"La tarifa fija oficial ronda los 25-30 \u20ac seg\u00fan horario y festivos.\"\n      }\n    },\n    {\n      \"@type\": \"Question\",\n      \"name\": \"\u00bfPuedo reservar con antelaci\u00f3n?\",\n      \"acceptedAnswer\": {\n        \"@type\": \"Answer\",\n        \"text\": \"S\u00ed, mediante app, WhatsApp, web o llamada; recibir\u00e1s confirmaci\u00f3n inmediata.\"\n      }\n    },\n    {\n      \"@type\": \"Question\",\n      \"name\": \"\u00bfAceptan mascotas en los taxis?\",\n      \"acceptedAnswer\": {\n        \"@type\": \"Answer\",\n        \"text\": \"Claro. Av\u00edsanos y llevaremos taxi pet-friendly.\"\n      }\n    },\n    {\n      \"@type\": \"Question\",\n      \"name\": \"\u00bfDisponen de veh\u00edculos adaptados para sillas de ruedas?\",\n      \"acceptedAnswer\": {\n        \"@type\": \"Answer\",\n        \"text\": \"S\u00ed, contamos con furgonetas XL con rampas y anclajes homologados.\"\n      }\n    },\n    {\n      \"@type\": \"Question\",\n      \"name\": \"\u00bfExiste suplemento nocturno en la tarifa?\",\n      \"acceptedAnswer\": {\n        \"@type\": \"Answer\",\n        \"text\": \"Solo de 22:00 a 06:00, tal como marca la normativa municipal.\"\n      }\n    }\n  ]\n}\n<\/script>\n\n\t\t\t\t<\/div>\n\t\t\t\t<\/div>\n\t\t\t\t\n\n\t\t\t\t<\/div>\n\t\t\t\t<\/div>\n\t\t\t\t\t<\/div>\n\t\t\t\t<\/div>\n\t\t\t\t<\/div>\n\t\t","protected":false,"gt_translate_keys":[{"key":"rendered","format":"html"}]},"excerpt":{"rendered":"<p>Soluciones de movilidad que se adaptan a tus planes vacacionales \u00bfPlaneando tu escapada a la Costa del Sol? M\u00e1laga huele a espetos y a azahar. Entre planeo de gaviotas y atardeceres que incendian la Alcazaba, lo \u00fanico que noquieres es pelearte con el bus lleno o con ese GPS que decide perder la cobertura justo [&hellip;]<\/p>\n","protected":false,"gt_translate_keys":[{"key":"rendered","format":"html"}]},"author":1,"featured_media":0,"comment_status":"closed","ping_status":"closed","sticky":false,"template":"","format":"standard","meta":{"_joinchat":[],"footnotes":""},"categories":[1],"tags":[],"class_list":["post-369","post","type-post","status-publish","format-standard","hentry","category-sin-categoria"],"gt_translate_keys":[{"key":"link","format":"url"}],"_links":{"self":[{"href":"https:\/\/eltaxi033.com\/malaga\/wp-json\/wp\/v2\/posts\/369","targetHints":{"allow":["GET"]}}],"collection":[{"href":"https:\/\/eltaxi033.com\/malaga\/wp-json\/wp\/v2\/posts"}],"about":[{"href":"https:\/\/eltaxi033.com\/malaga\/wp-json\/wp\/v2\/types\/post"}],"author":[{"embeddable":true,"href":"https:\/\/eltaxi033.com\/malaga\/wp-json\/wp\/v2\/users\/1"}],"replies":[{"embeddable":true,"href":"https:\/\/eltaxi033.com\/malaga\/wp-json\/wp\/v2\/comments?post=369"}],"version-history":[{"count":5,"href":"https:\/\/eltaxi033.com\/malaga\/wp-json\/wp\/v2\/posts\/369\/revisions"}],"predecessor-version":[{"id":466,"href":"https:\/\/eltaxi033.com\/malaga\/wp-json\/wp\/v2\/posts\/369\/revisions\/466"}],"wp:attachment":[{"href":"https:\/\/eltaxi033.com\/malaga\/wp-json\/wp\/v2\/media?parent=369"}],"wp:term":[{"taxonomy":"category","embeddable":true,"href":"https:\/\/eltaxi033.com\/malaga\/wp-json\/wp\/v2\/categories?post=369"},{"taxonomy":"post_tag","embeddable":true,"href":"https:\/\/eltaxi033.com\/malaga\/wp-json\/wp\/v2\/tags?post=369"}],"curies":[{"name":"wp","href":"https:\/\/api.w.org\/{rel}","templated":true}]}}