{"id":2216,"date":"2025-10-15T16:56:33","date_gmt":"2025-10-15T14:56:33","guid":{"rendered":"https:\/\/eltaxi033.com\/madrid\/?p=2216"},"modified":"2025-10-15T16:56:37","modified_gmt":"2025-10-15T14:56:37","slug":"transfer-aeropuerto-madrid-comparacion","status":"publish","type":"post","link":"https:\/\/eltaxi033.com\/madrid\/blog\/transfer-aeropuerto-madrid-comparacion\/","title":{"rendered":"Transfer privado vs compartido: ventajas y precios aproximados en Madrid","gt_translate_keys":[{"key":"rendered","format":"text"}]},"content":{"rendered":"\n<p>Si has buscado \u201c<a href=\"https:\/\/eltaxi033.com\/madrid\/taxi-aeropuerto-madrid\/\">transfer aeropuerto Madrid<\/a>\u201d es porque tienes un vuelo en Barajas y quieres un traslado sin l\u00edos, ni regateos de \u00faltima hora. En <strong>ElTaxi 033<\/strong> llevamos a\u00f1os recogiendo a viajeros en T1, T2, T3 y T4 \u2014con cartel, seguimiento de vuelo y precio cerrado\u2014 y hemos escuchado la misma duda mil veces: \u00bfme compensa un <strong>transfer privado<\/strong> o me vale un <strong>transfer compartido<\/strong> (shuttle)? Vamos a cont\u00e1rtelo sin tecnicismos, como se lo explicamos a nuestros clientes por WhatsApp: cu\u00e1ndo conviene cada opci\u00f3n, cu\u00e1nto cuesta de media y qu\u00e9 detalles importan para no perder tiempo ni dinero.<\/p>\n\n\n\n<figure class=\"wp-block-image size-large\"><img wpfc-lazyload-disable=\"true\" fetchpriority=\"high\" decoding=\"async\" width=\"1024\" height=\"683\" src=\"https:\/\/eltaxi033.com\/madrid\/wp-content\/uploads\/sites\/3\/2025\/10\/BARAJAS-01-ok-e1512400207444-1024x683.webp\" alt=\"BARAJAS ok e\" class=\"wp-image-2217\" srcset=\"https:\/\/eltaxi033.com\/madrid\/wp-content\/uploads\/sites\/3\/2025\/10\/BARAJAS-01-ok-e1512400207444-1024x683.webp 1024w, https:\/\/eltaxi033.com\/madrid\/wp-content\/uploads\/sites\/3\/2025\/10\/BARAJAS-01-ok-e1512400207444-300x200.webp 300w, https:\/\/eltaxi033.com\/madrid\/wp-content\/uploads\/sites\/3\/2025\/10\/BARAJAS-01-ok-e1512400207444-768x512.webp 768w, https:\/\/eltaxi033.com\/madrid\/wp-content\/uploads\/sites\/3\/2025\/10\/BARAJAS-01-ok-e1512400207444.webp 1200w\" sizes=\"(max-width: 1024px) 100vw, 1024px\" \/><\/figure>\n\n\n\n<h2 class=\"wp-block-heading\">Qu\u00e9 entendemos por transfer privado (y por qu\u00e9 tanta gente lo elige)<\/h2>\n\n\n\n<p>El privado es un coche solo para ti y tu grupo. Bajas del avi\u00f3n, pasas control, recoges maletas y tu conductor te espera en llegadas con tu nombre. Si tu vuelo se adelanta o retrasa, no hay drama: lo vemos en tiempo real. Lo mejor es la <strong>previsibilidad<\/strong>: precio acordado por anticipado, ruta directa y cero paradas. Si viajas con ni\u00f1os, pedimos <strong>sillas infantiles<\/strong>; si sois 5 o 6 y llev\u00e1is maletones, enviamos <strong>minivan 7\u20138 plazas<\/strong>; si prefieres discreci\u00f3n, <strong>veh\u00edculo premium<\/strong>. Nosotros lo vivimos a diario: familias reci\u00e9n aterrizadas a las 23:40 que agradecen no tener que arrastrar maletas por medio aeropuerto, equipos que van directos a IFEMA con muestras o port\u00e1tiles, parejas que llegan justas a un musical en Gran V\u00eda y nos piden ir \u201ca tiro hecho\u201d. El privado es eso: <strong>tiempo ganado<\/strong> y cabeza despejada.<\/p>\n\n\n\n<h2 class=\"wp-block-heading\">\u00bfY el transfer compartido? \u00datil, s\u00ed, pero con otra din\u00e1mica<\/h2>\n\n\n\n<p>El compartido agrupa pasajeros con destinos cercanos y horarios parecidos. Normalmente hay un punto de encuentro, se espera a que llegue todo el grupo y el veh\u00edculo recorre varias paradas hasta completar el itinerario. Es pr\u00e1ctico si viajas solo o en pareja, si tu equipaje es manejable y si <strong>no te corre la prisa<\/strong>. Muchos mochileros que llevamos a Lavapi\u00e9s o Malasa\u00f1a nos dicen: \u201csi tardo un poco m\u00e1s, me da igual, me ahorro un pico\u201d. Perfecto. Solo conviene saber que el tiempo total no depende de ti: si un compa\u00f1ero de ruta tarda en salir, o si su hotel va antes que el tuyo, tendr\u00e1s que <strong>encajar el orden<\/strong>. No es peor ni mejor: es distinto.<\/p>\n\n\n\n<h2 class=\"wp-block-heading\">Precios orientativos en Madrid: para que te hagas una idea realista<\/h2>\n\n\n\n<p>Los importes var\u00edan por <strong>hora, demanda, distancia y tipo de veh\u00edculo<\/strong> (y s\u00ed, los d\u00edas de gran evento en IFEMA o partido gordo en el Bernab\u00e9u se nota). Como referencia honesta, la que usamos cuando nos preguntan por DM:<\/p>\n\n\n\n<ul class=\"wp-block-list\">\n<li>Un <strong>privado est\u00e1ndar<\/strong> (sed\u00e1n o familiar) del aeropuerto al <strong>centro<\/strong> (Sol, Gran V\u00eda, Retiro, La Latina) suele quedar <strong>entre 30 y 45 \u20ac<\/strong> por trayecto.<\/li>\n\n\n\n<li>Hacia <strong>Nuevos Ministerios, AZCA, Chamart\u00edn<\/strong> es habitual moverse <strong>entre 32 y 48 \u20ac<\/strong>.<\/li>\n\n\n\n<li>A barrios m\u00e1s perif\u00e9ricos (Valdebebas, Vic\u00e1lvaro, Carabanchel, Montecarmelo) la horquilla suele estar <strong>entre 35 y 55 \u20ac<\/strong>, seg\u00fan kil\u00f3metros.<\/li>\n\n\n\n<li>En <strong>minivan 6\u20138 plazas<\/strong>, aeropuerto \u2192 centro ronda <strong>45\u201370 \u20ac<\/strong>. A poco que se\u00e1is 4 o m\u00e1s, el <strong>coste por persona<\/strong> se iguala o mejora el compartido.<\/li>\n\n\n\n<li>En <strong>compartido (por persona)<\/strong>, aeropuerto \u2192 centro\/zonas tur\u00edsticas suele caer <strong>entre 12 y 20 \u20ac<\/strong>, con la letra peque\u00f1a de la espera y las paradas.<\/li>\n<\/ul>\n\n\n\n<p>Esto es lo que vemos cada semana. Te decimos los <a href=\"https:\/\/eltaxi033.com\/madrid\/blog\/taxi-madrid-aeropuerto-precio\/\">factores que encarecen los precios desde el inicio<\/a>. No hay trampa: <strong>si sois 3, el privado empieza a salir a cuenta<\/strong>; si vas solo y no te importa tardar un poco m\u00e1s, el compartido es un buen apa\u00f1o. <\/p>\n\n\n\n<h2 class=\"wp-block-heading\">\u00bfCu\u00e1ndo conviene de verdad cada opci\u00f3n?<\/h2>\n\n\n\n<p>Lo hemos comprobado una y otra vez. <strong>Privado<\/strong> cuando aterrizas de madrugada, cuando llevas equipo voluminoso, cuando hay ni\u00f1os y sue\u00f1o, cuando tienes reuni\u00f3n o check-in ajustado, o cuando valoras viajar en silencio y sin desv\u00edos. <strong>Compartido<\/strong> cuando viajas ligero, te apetece ahorrar y tu agenda est\u00e1 abierta: si tardas 20\u201330 minutos extra, no pasa nada. Te contamos un par de escenas reales: una familia que llega a T4 a las 00:10 y va a La Latina nos lo dice clar\u00edsimo: \u201csolo queremos llegar\u201d. Ese d\u00eda el privado no es un lujo, es <strong>sentido com\u00fan<\/strong>. En cambio, una pareja que aterriza a las 10:05 para un hostel en Lavapi\u00e9s y quiere estirar presupuesto para comer de tapas\u2026 el compartido les encaja perfecto.<\/p>\n\n\n\n<h2 class=\"wp-block-heading\">Cosas que marcan la diferencia y casi nadie pregunta<\/h2>\n\n\n\n<p>Tres detalles separan un traslado redondo de un cabreo innecesario. Primero, <strong>pol\u00edtica de esperas<\/strong>: en privado solemos incluir un margen razonable desde \u201cvuelo en tierra\u201d para que salgas tranquilo; en compartido, confirma cu\u00e1nto esperan al \u00faltimo pasajero y qu\u00e9 pasa si se retrasa la maleta. Segundo, <strong>punto de encuentro<\/strong>: T1 no es T4; si te dicen \u201cen la columna X\u201d y t\u00fa est\u00e1s en otra planta, pierdes veinte minutos. Nosotros siempre mandamos un mensaje con la ubicaci\u00f3n exacta y foto de referencia. Tercero, <strong>equipaje especial<\/strong>: carritos dobles, instrumentos, muestrarios\u2026 mejor avisarlo para enviar el veh\u00edculo adecuado y que no toque improvisar.<\/p>\n\n\n\n<h2 class=\"wp-block-heading\">\u00bfY el tr\u00e1fico, la lluvia, las obras, la M-30 en hora punta?<\/h2>\n\n\n\n<p>Madrid es Madrid: a veces toca rodeo. La diferencia es c\u00f3mo te afecta. Con <strong>precio cerrado<\/strong> en privado, el importe no cambia aunque haya atascos o desv\u00edos; inviertes m\u00e1s tiempo, pero no m\u00e1s dinero. En compartido, esos minutos se sienten doble: por el tr\u00e1fico y por las <strong>paradas acumuladas<\/strong>. Lo bueno es que los conductores de ElTaxi 033 conocen accesos alternativos, zonas de carga en cada terminal y rutas para esquivar cortes. Se nota cuando el coche se mueve por instinto y no con el GPS \u201ca pelo\u201d.<\/p>\n\n\n\n<figure class=\"wp-block-image size-large\"><img wpfc-lazyload-disable=\"true\" decoding=\"async\" width=\"1024\" height=\"683\" src=\"https:\/\/eltaxi033.com\/madrid\/wp-content\/uploads\/sites\/3\/2025\/10\/hombre-al-telefono-bajo-la-lluvia-1024x683.webp\" alt=\"hombre al telefono bajo la lluvia\" class=\"wp-image-2218\" srcset=\"https:\/\/eltaxi033.com\/madrid\/wp-content\/uploads\/sites\/3\/2025\/10\/hombre-al-telefono-bajo-la-lluvia-1024x683.webp 1024w, https:\/\/eltaxi033.com\/madrid\/wp-content\/uploads\/sites\/3\/2025\/10\/hombre-al-telefono-bajo-la-lluvia-300x200.webp 300w, https:\/\/eltaxi033.com\/madrid\/wp-content\/uploads\/sites\/3\/2025\/10\/hombre-al-telefono-bajo-la-lluvia-768x512.webp 768w, https:\/\/eltaxi033.com\/madrid\/wp-content\/uploads\/sites\/3\/2025\/10\/hombre-al-telefono-bajo-la-lluvia-1536x1024.webp 1536w, https:\/\/eltaxi033.com\/madrid\/wp-content\/uploads\/sites\/3\/2025\/10\/hombre-al-telefono-bajo-la-lluvia-2048x1365.webp 2048w\" sizes=\"(max-width: 1024px) 100vw, 1024px\" \/><\/figure>\n\n\n\n<h2 class=\"wp-block-heading\">Consejos para ahorrar sin sacrificar comodidad<\/h2>\n\n\n\n<p>No hay magia, pero s\u00ed <strong>trucos simples<\/strong>. Reservar con antelaci\u00f3n te asegura mejores tarifas y <strong>disponibilidad<\/strong> en horas muy demandadas. Si viajas en grupo, pide <strong>minivan<\/strong>: repartes coste y ganas espacio. Evita (si puedes) las franjas de entrada o salida de oficina. Y, sobre todo, pide <strong>todo incluido<\/strong> por escrito: sillas infantiles, bultos grandes, paradas intermedias\u2026 Cuanto m\u00e1s claro quede, menos sorpresas al llegar.<\/p>\n\n\n\n<h2 class=\"wp-block-heading\">C\u00f3mo lo hacemos en ElTaxi 033 (y por qu\u00e9 la gente repite)<\/h2>\n\n\n\n<p>Nuestro proceso es directo: nos pasas <strong>n\u00famero de vuelo<\/strong>, <strong>terminal<\/strong>, <strong>personas<\/strong> y <strong>equipaje<\/strong>; te proponemos el veh\u00edculo que encaja (sed\u00e1n, familiar, minivan, <strong>adaptado<\/strong>, <strong>premium<\/strong>), te damos <strong>precio cerrado<\/strong> y te enviamos la <strong>ubicaci\u00f3n exacta<\/strong> del punto de encuentro. El d\u00eda del viaje, monitorizamos tu vuelo y ajustamos la hora de recogida si se adelanta o retrasa. Si viajas con peques, llevamos <strong>sillas homologadas<\/strong>; si vienes por trabajo, podemos <strong>facturar con IVA<\/strong> y gestionar <strong>cuenta empresa<\/strong> con liquidaci\u00f3n mensual. Tambi\u00e9n contamos con servicios espec\u00edficos como <strong>Taxi Mujer<\/strong>, <strong>Taxi Amigo<\/strong> y opciones <strong>7\u20138 plazas<\/strong> para grupos que no quieren dividirse. No inventamos nada raro: simplemente <strong>cumplimos<\/strong> lo que prometemos y eso, en traslados, vale oro.<\/p>\n\n\n\n<h2 class=\"wp-block-heading\">Un \u00faltimo vistazo a la balanza (con los pies en la tierra)<\/h2>\n\n\n\n<p>Pi\u00e9nsalo as\u00ed: el <strong>privado<\/strong> es la opci\u00f3n de quien no quiere negociar con el reloj; el <strong>compartido<\/strong> es para quien quiere ajustar costes y no tiene prisa. Si sales del avi\u00f3n reventado, si vas con ni\u00f1os o si te esperan en una reuni\u00f3n, el privado te ahorra energ\u00eda y disgustos por un diferencial que, muchas veces, <strong>se diluye al dividir entre los que viaj\u00e1is<\/strong>. Si aterrizas a una hora c\u00f3moda, llevas mochila y vas de buen humor, el compartido te deja en la puerta por poco dinero y tan amigos. En ambos casos, lo importante es <strong>elegir con la foto completa<\/strong>: hora de llegada, equipaje, tama\u00f1o del grupo, destino y flexibilidad.<\/p>\n\n\n\n<h2 class=\"wp-block-heading\">\u00bfReservamos?<\/h2>\n\n\n\n<p>Si ya has decidido, escr\u00edbenos con tu <strong>\u201ctransfer aeropuerto Madrid\u201d<\/strong> y te confirmamos <strong>en un momento<\/strong>: precio cerrado, punto de encuentro y veh\u00edculo asignado. Si sigues dudando, cu\u00e9ntanos tu vuelo y tu plan y te decimos qu\u00e9 te conviene <strong>de verdad<\/strong> sin venderte humo. Al final, de eso va nuestro trabajo en <a href=\"https:\/\/eltaxi033.com\/madrid\/\">ElTaxi 033<\/a>: de que llegues a casa, al hotel o a IFEMA <strong>sin perder tiempo ni paciencia<\/strong>. Y si encima te ahorras algo, mejor todav\u00eda.<\/p>\n\n\n\n<figure class=\"wp-block-image size-large\"><img wpfc-lazyload-disable=\"true\" decoding=\"async\" width=\"1024\" height=\"576\" src=\"https:\/\/eltaxi033.com\/madrid\/wp-content\/uploads\/sites\/3\/2025\/10\/Paradas-de-Taxi-en-Madrid-1024x576.webp\" alt=\"Paradas de Taxi en Madrid\" class=\"wp-image-2189\" srcset=\"https:\/\/eltaxi033.com\/madrid\/wp-content\/uploads\/sites\/3\/2025\/10\/Paradas-de-Taxi-en-Madrid-1024x576.webp 1024w, https:\/\/eltaxi033.com\/madrid\/wp-content\/uploads\/sites\/3\/2025\/10\/Paradas-de-Taxi-en-Madrid-300x169.webp 300w, https:\/\/eltaxi033.com\/madrid\/wp-content\/uploads\/sites\/3\/2025\/10\/Paradas-de-Taxi-en-Madrid-768x432.webp 768w, https:\/\/eltaxi033.com\/madrid\/wp-content\/uploads\/sites\/3\/2025\/10\/Paradas-de-Taxi-en-Madrid.webp 1280w\" sizes=\"(max-width: 1024px) 100vw, 1024px\" \/><\/figure>\n\n\n\n<h2 class=\"wp-block-heading\">Preguntas frecuentes sobre transfer en Madrid<\/h2>\n\n\n\n<h3 class=\"wp-block-heading\">\u00bfCu\u00e1nto tarda un transfer privado al centro?<\/h3>\n\n\n\n<p>Normalmente 25\u201340 min seg\u00fan tr\u00e1fico y terminal.<\/p>\n\n\n\n<h3 class=\"wp-block-heading\">\u00bfCu\u00e1ndo compensa el compartido?<\/h3>\n\n\n\n<p>Si viajas solo o en pareja y no tienes prisa; cuesta 12\u201320 \u20ac por persona.<\/p>\n\n\n\n<h3 class=\"wp-block-heading\">\u00bfEl precio cerrado cambia con el tr\u00e1fico?<\/h3>\n\n\n\n<p>No en nuestros traslados privados: el importe pactado se mantiene.<\/p>\n\n\n\n<h3 class=\"wp-block-heading\">\u00bfPuedo pedir silla infantil o minivan?<\/h3>\n\n\n\n<p>S\u00ed. Disponemos de sillas homologadas y veh\u00edculos 7\u20138 plazas bajo reserva.<\/p>\n\n\n\n<h3 class=\"wp-block-heading\">\u00bfQu\u00e9 datos necesito para reservar?<\/h3>\n\n\n\n<p>N\u00famero de vuelo, terminal, personas, equipaje y destino. Enviamos punto de encuentro y confirmaci\u00f3n.<\/p>\n\n\n\n<script type=\"application\/ld+json\">\n{\n  \"@context\": \"https:\/\/schema.org\",\n  \"@type\": \"FAQPage\",\n  \"mainEntity\": [\n    {\n      \"@type\": \"Question\",\n      \"name\": \"\u00bfCu\u00e1nto tarda un transfer privado al centro?\",\n      \"acceptedAnswer\": {\n        \"@type\": \"Answer\",\n        \"text\": \"Suele tardar entre 25 y 40 minutos seg\u00fan tr\u00e1fico y terminal.\"\n      }\n    },\n    {\n      \"@type\": \"Question\",\n      \"name\": \"\u00bfCu\u00e1ndo compensa el transfer compartido?\",\n      \"acceptedAnswer\": {\n        \"@type\": \"Answer\",\n        \"text\": \"Si viajas solo o en pareja y no tienes prisa; suele costar 12\u201320 \u20ac por persona.\"\n      }\n    },\n    {\n      \"@type\": \"Question\",\n      \"name\": \"\u00bfEl precio cerrado cambia con el tr\u00e1fico?\",\n      \"acceptedAnswer\": {\n        \"@type\": \"Answer\",\n        \"text\": \"No en los traslados privados de ElTaxi 033: el importe pactado se mantiene.\"\n      }\n    },\n    {\n      \"@type\": \"Question\",\n      \"name\": \"\u00bfPuedo pedir silla infantil o minivan?\",\n      \"acceptedAnswer\": {\n        \"@type\": \"Answer\",\n        \"text\": \"S\u00ed. Disponemos de sillas infantiles homologadas y minivan 7\u20138 plazas bajo reserva.\"\n      }\n    },\n    {\n      \"@type\": \"Question\",\n      \"name\": \"\u00bfQu\u00e9 datos necesito para reservar?\",\n      \"acceptedAnswer\": {\n        \"@type\": \"Answer\",\n        \"text\": \"N\u00famero de vuelo, terminal, personas, equipaje y destino. Enviamos punto de encuentro y confirmaci\u00f3n.\"\n      }\n    }\n  ]\n}\n<\/script>\n\n","protected":false,"gt_translate_keys":[{"key":"rendered","format":"html"}]},"excerpt":{"rendered":"<p>Si has buscado \u201ctransfer aeropuerto Madrid\u201d es porque tienes un vuelo en Barajas y quieres un traslado sin l\u00edos, ni regateos de \u00faltima hora. En ElTaxi 033 llevamos a\u00f1os recogiendo a viajeros en T1, T2, T3 y T4 \u2014con cartel, seguimiento de vuelo y precio cerrado\u2014 y hemos escuchado la misma duda mil veces: \u00bfme [&hellip;]<\/p>\n","protected":false,"gt_translate_keys":[{"key":"rendered","format":"html"}]},"author":3,"featured_media":2217,"comment_status":"closed","ping_status":"open","sticky":false,"template":"","format":"standard","meta":{"_joinchat":[],"footnotes":""},"categories":[1],"tags":[],"class_list":["post-2216","post","type-post","status-publish","format-standard","has-post-thumbnail","hentry","category-sin-categoria"],"gt_translate_keys":[{"key":"link","format":"url"}],"_links":{"self":[{"href":"https:\/\/eltaxi033.com\/madrid\/wp-json\/wp\/v2\/posts\/2216","targetHints":{"allow":["GET"]}}],"collection":[{"href":"https:\/\/eltaxi033.com\/madrid\/wp-json\/wp\/v2\/posts"}],"about":[{"href":"https:\/\/eltaxi033.com\/madrid\/wp-json\/wp\/v2\/types\/post"}],"author":[{"embeddable":true,"href":"https:\/\/eltaxi033.com\/madrid\/wp-json\/wp\/v2\/users\/3"}],"replies":[{"embeddable":true,"href":"https:\/\/eltaxi033.com\/madrid\/wp-json\/wp\/v2\/comments?post=2216"}],"version-history":[{"count":1,"href":"https:\/\/eltaxi033.com\/madrid\/wp-json\/wp\/v2\/posts\/2216\/revisions"}],"predecessor-version":[{"id":2219,"href":"https:\/\/eltaxi033.com\/madrid\/wp-json\/wp\/v2\/posts\/2216\/revisions\/2219"}],"wp:featuredmedia":[{"embeddable":true,"href":"https:\/\/eltaxi033.com\/madrid\/wp-json\/wp\/v2\/media\/2217"}],"wp:attachment":[{"href":"https:\/\/eltaxi033.com\/madrid\/wp-json\/wp\/v2\/media?parent=2216"}],"wp:term":[{"taxonomy":"category","embeddable":true,"href":"https:\/\/eltaxi033.com\/madrid\/wp-json\/wp\/v2\/categories?post=2216"},{"taxonomy":"post_tag","embeddable":true,"href":"https:\/\/eltaxi033.com\/madrid\/wp-json\/wp\/v2\/tags?post=2216"}],"curies":[{"name":"wp","href":"https:\/\/api.w.org\/{rel}","templated":true}]}}