{"id":2176,"date":"2025-09-29T19:03:45","date_gmt":"2025-09-29T17:03:45","guid":{"rendered":"https:\/\/eltaxi033.com\/madrid\/?p=2176"},"modified":"2025-09-29T19:06:23","modified_gmt":"2025-09-29T17:06:23","slug":"alta-demanda-pide-taxi-madrid-telefono","status":"publish","type":"post","link":"https:\/\/eltaxi033.com\/madrid\/blog\/alta-demanda-pide-taxi-madrid-telefono\/","title":{"rendered":"Zonas de alta demanda y el mejor taxi Madrid tel\u00e9fono","gt_translate_keys":[{"key":"rendered","format":"text"}]},"content":{"rendered":"\n<p>Si alguna vez has intentado pedir un taxi a la salida de un concierto en el WiZink, a medianoche en Gran V\u00eda o un lunes a las 8:00 cerca de Atocha, sabr\u00e1s que no todas las zonas ni todas las horas son iguales. En <strong>ElTaxi 033<\/strong> vivimos Madrid a pie de calle y queremos contarte, con palabras de taxista y cliente real, <strong>d\u00f3nde y cu\u00e1ndo hay m\u00e1s demanda<\/strong> y <strong>cu\u00e1l es el mejor \u201ctaxi Madrid tel\u00e9fono\u201d<\/strong> para que no te quedes tirado: el <strong>919 185 033<\/strong>. S\u00ed, directo, sin vueltas, y 24\/7.<\/p>\n\n\n\n<figure class=\"wp-block-image size-large\"><img wpfc-lazyload-disable=\"true\" fetchpriority=\"high\" decoding=\"async\" width=\"1024\" height=\"576\" src=\"https:\/\/eltaxi033.com\/madrid\/wp-content\/uploads\/sites\/3\/2025\/09\/98-1-1024x576.webp\" alt=\"()\" class=\"wp-image-2177\" srcset=\"https:\/\/eltaxi033.com\/madrid\/wp-content\/uploads\/sites\/3\/2025\/09\/98-1-1024x576.webp 1024w, https:\/\/eltaxi033.com\/madrid\/wp-content\/uploads\/sites\/3\/2025\/09\/98-1-300x169.webp 300w, https:\/\/eltaxi033.com\/madrid\/wp-content\/uploads\/sites\/3\/2025\/09\/98-1-768x432.webp 768w, https:\/\/eltaxi033.com\/madrid\/wp-content\/uploads\/sites\/3\/2025\/09\/98-1-1536x864.webp 1536w, https:\/\/eltaxi033.com\/madrid\/wp-content\/uploads\/sites\/3\/2025\/09\/98-1.webp 1900w\" sizes=\"(max-width: 1024px) 100vw, 1024px\" \/><\/figure>\n\n\n\n<h2 class=\"wp-block-heading\">\u00bfQu\u00e9 son las \u201czonas de alta demanda\u201d en Madrid?<\/h2>\n\n\n\n<p>Son puntos de la ciudad donde, por afluencia de gente y picos horarios, se concentran m\u00e1s solicitudes de taxi. Normalmente coinciden con <strong>nodos de transporte<\/strong>, <strong>zonas de ocio<\/strong>, <strong>\u00e1reas comerciales<\/strong>, <strong>estadios<\/strong> y <strong>polos empresariales<\/strong>. En estas zonas, si llamas con antelaci\u00f3n o usas el <strong>tel\u00e9fono de taxi en Madrid<\/strong> correcto, te ahorras esperas.<\/p>\n\n\n\n<h3 class=\"wp-block-heading\">Barrios y ejes donde el taxi vuela\u2026 o se satura<\/h3>\n\n\n\n<ul class=\"wp-block-list\">\n<li><strong>Centro hist\u00f3rico<\/strong>: Sol, Gran V\u00eda, Callao, \u00d3pera y Plaza Mayor. Fines de semana y noches, demanda \u201con fire\u201d.<\/li>\n\n\n\n<li><strong>Ejes de ocio<\/strong>: Malasa\u00f1a, Chueca, La Latina, Ponzano (R\u00edos Rosas) y Huertas. Picos viernes\/s\u00e1bado 22:00\u201303:00.<\/li>\n\n\n\n<li><strong>Compras y negocios<\/strong>: Salamanca (Serrano, Vel\u00e1zquez), AZCA (Nuevos Ministerios), Castellana. Ma\u00f1anas laborables y afterwork.<\/li>\n\n\n\n<li><strong>Transporte clave<\/strong>: <strong>Atocha<\/strong>, <strong>Chamart\u00edn<\/strong>, <strong>Plaza Castilla<\/strong>, <strong>Moncloa<\/strong>, <strong>Pr\u00edncipe P\u00edo<\/strong>, <strong>M\u00e9ndez \u00c1lvaro<\/strong>. Subidas cada media hora seg\u00fan llegadas\/salidas.<\/li>\n\n\n\n<li><strong>Eventos<\/strong>: <strong>IFEMA<\/strong>, <strong>WiZink Center<\/strong>, <strong>Santiago Bernab\u00e9u<\/strong>, <strong>Metropolitano<\/strong>. Antes y despu\u00e9s de partidos\/conciertos, pide con margen.<\/li>\n\n\n\n<li><strong>Aeropuerto<\/strong>: <strong>Barajas T1, T2, T3 y T4<\/strong>. Llegadas de mediod\u00eda, medianoche y primeras horas, picos fuertes.<\/li>\n\n\n\n<li><strong>Hospitales<\/strong>: La Paz, Gregorio Mara\u00f1\u00f3n, 12 de Octubre, Cl\u00ednico. Cambios de turno = m\u00e1s movimiento.<\/li>\n<\/ul>\n\n\n\n<h2 class=\"wp-block-heading\">Horarios pico reales (para organizarte mejor)<\/h2>\n\n\n\n<ul class=\"wp-block-list\">\n<li><strong>Ma\u00f1ana laboral<\/strong>: 07:00\u201309:30 (traslados a oficinas\/colegios).<\/li>\n\n\n\n<li><strong>Mediod\u00eda<\/strong>: 13:30\u201315:30 (comidas y recados).<\/li>\n\n\n\n<li><strong>Tarde-noche<\/strong>: 18:00\u201321:00 (salida de trabajo + planes).<\/li>\n\n\n\n<li><strong>Finde nocturno<\/strong>: 23:00\u201303:00 (ocio).<\/li>\n\n\n\n<li><strong>D\u00edas de lluvia<\/strong> y <strong>huelgas de metro\/cercan\u00edas<\/strong>: demanda se dispara en toda la ciudad.<\/li>\n<\/ul>\n\n\n\n<p><strong>Consejo 033:<\/strong> si te mueves en estas franjas, <strong>llama al 919 185 033<\/strong> y pide recogida en un <strong>punto identificable<\/strong> (esquina, n\u00famero, puerta espec\u00edfica). Ganamos minutos y evitas \u201c\u00bfd\u00f3nde est\u00e1s exactamente?\u201d.<\/p>\n\n\n\n<h2 class=\"wp-block-heading\">El mejor <strong>taxi Madrid tel\u00e9fono<\/strong>: por qu\u00e9 marcar <strong>919 185 033<\/strong> (ElTaxi 033)<\/h2>\n\n\n\n<figure class=\"wp-block-image size-large\"><img wpfc-lazyload-disable=\"true\" decoding=\"async\" width=\"1024\" height=\"576\" src=\"https:\/\/eltaxi033.com\/madrid\/wp-content\/uploads\/sites\/3\/2025\/09\/Nueva-normativa-taxistas-Madrid_2338576184_19895184_1300x731-1024x576.webp\" alt=\"Nueva normativa taxistas Madrid x\" class=\"wp-image-2179\" srcset=\"https:\/\/eltaxi033.com\/madrid\/wp-content\/uploads\/sites\/3\/2025\/09\/Nueva-normativa-taxistas-Madrid_2338576184_19895184_1300x731-1024x576.webp 1024w, https:\/\/eltaxi033.com\/madrid\/wp-content\/uploads\/sites\/3\/2025\/09\/Nueva-normativa-taxistas-Madrid_2338576184_19895184_1300x731-300x169.webp 300w, https:\/\/eltaxi033.com\/madrid\/wp-content\/uploads\/sites\/3\/2025\/09\/Nueva-normativa-taxistas-Madrid_2338576184_19895184_1300x731-768x432.webp 768w, https:\/\/eltaxi033.com\/madrid\/wp-content\/uploads\/sites\/3\/2025\/09\/Nueva-normativa-taxistas-Madrid_2338576184_19895184_1300x731.webp 1300w\" sizes=\"(max-width: 1024px) 100vw, 1024px\" \/><\/figure>\n\n\n\n<p>Hablar con un operador humano cuando la ciudad arde es oro puro. Nuestro <strong>centro de coordinaci\u00f3n 24\/7<\/strong> con <a href=\"https:\/\/eltaxi033.com\/madrid\/blog\/beneficios-de-nuestro-radio-taxi-madrid\/\">radio taxi Madrid tel\u00e9fono<\/a> conecta tu solicitud con el taxi m\u00e1s cercano y adecuado (normal, <strong>7\/8 plazas<\/strong>, <strong>taxi adaptado<\/strong>, <strong>taxi mujer<\/strong> bajo petici\u00f3n, <strong>premium<\/strong> tipo Mercedes\/Tesla, <strong>mascotas<\/strong>, <strong>sillitas<\/strong>\u2026).<\/p>\n\n\n\n<h3 class=\"wp-block-heading\">Ventajas reales de llamar<\/h3>\n\n\n\n<ul class=\"wp-block-list\">\n<li><strong>Asignaci\u00f3n inteligente<\/strong> en zonas calientes: sabemos cu\u00e1ntos coches hay y por d\u00f3nde entran\/salen.<\/li>\n\n\n\n<li><strong>Indicaciones al conductor<\/strong>: \u201cRecoge en la puerta del teatro, lado izquierdo, al lado del quiosco\u201d. Cero p\u00e9rdidas.<\/li>\n\n\n\n<li><strong>Tiempo estimado real<\/strong>: sin promesas vac\u00edas; te decimos si son 4\u20136 minutos o si conviene cambiar punto de recogida.<\/li>\n\n\n\n<li><strong>Casos especiales<\/strong>: equipaje extra, silla infantil, pago con <strong>tarjeta<\/strong> o <strong>Bizum<\/strong>, <strong>factura<\/strong> para empresa, <strong>precio cerrado<\/strong> a <a href=\"https:\/\/eltaxi033.com\/madrid\/taxi-aeropuerto-madrid\/\">aeropuerto<\/a>\u2026 lo dejamos listo en la misma llamada.<\/li>\n\n\n\n<li><strong>Atenci\u00f3n humana<\/strong> cuando hay imprevistos (lluvia, cortes de tr\u00e1fico, eventos).<\/li>\n<\/ul>\n\n\n\n<blockquote class=\"wp-block-quote is-layout-flow wp-block-quote-is-layout-flow\">\n<p>Ojo: tambi\u00e9n puedes pedirnos por <strong>WhatsApp<\/strong> y por la <strong>app ElTaxi.App<\/strong>. Pero en pico-pico, el <strong>tel\u00e9fono<\/strong> sigue siendo el atajo m\u00e1s r\u00e1pido.<\/p>\n<\/blockquote>\n\n\n\n<h2 class=\"wp-block-heading\">\u00bfLlamar, app o WhatsApp? Qu\u00e9 conviene seg\u00fan el momento<\/h2>\n\n\n\n<ul class=\"wp-block-list\">\n<li><strong>Evento masivo saliendo ya<\/strong> (Bernab\u00e9u, IFEMA, WiZink): <strong>Tel\u00e9fono (919 185 033)<\/strong> > priorizamos ubicaci\u00f3n y sugerimos punto de encuentro alternativo si el habitual est\u00e1 colapsado.<\/li>\n\n\n\n<li><strong>Reserva programada<\/strong> (ma\u00f1ana 06:10 a Barajas, T4): <strong>App ElTaxi.App<\/strong> o <strong>tel\u00e9fono<\/strong> para dejar todo atado (veh\u00edculo, sillita, precio cerrado).<\/li>\n\n\n\n<li><strong>Trayecto cotidiano sin prisa<\/strong>: <strong>App<\/strong> o <strong>WhatsApp<\/strong>; ver\u00e1s el estado y podr\u00e1s modificar.<\/li>\n\n\n\n<li><strong>Grupos \/ 7-8 plazas \/ silla beb\u00e9<\/strong>: <strong>Tel\u00e9fono<\/strong> para afinar especificaciones en 30 segundos.<\/li>\n<\/ul>\n\n\n\n<h2 class=\"wp-block-heading\">Aeropuerto y estaciones: picos, trucos y precio cerrado<\/h2>\n\n\n\n<h3 class=\"wp-block-heading\">Aeropuerto Adolfo Su\u00e1rez Madrid-Barajas (T1\u2013T4)<\/h3>\n\n\n\n<ul class=\"wp-block-list\">\n<li><strong>Picos<\/strong>: llegadas 11:00\u201315:00 y 23:30\u201301:30.<\/li>\n\n\n\n<li><strong>Truco 033<\/strong>: si viajas con familia y maletas, <strong>av\u00edsanos al llamar<\/strong> (n\u00ba de bultos y carros). Te reservamos coche amplio o <strong>monovolumen 7\/8 plazas<\/strong>.<\/li>\n\n\n\n<li><strong>Precio cerrado<\/strong> disponible bajo petici\u00f3n y <strong>recogida con cartel<\/strong> si te viene bien (consultar condiciones en la llamada).<\/li>\n<\/ul>\n\n\n\n<h3 class=\"wp-block-heading\">Estaciones clave<\/h3>\n\n\n\n<ul class=\"wp-block-list\">\n<li><strong>Atocha<\/strong> y <strong>Chamart\u00edn<\/strong>: revisa tu coche y vag\u00f3n; dinos <strong>\u201csalgo por M\u00e9ndez \u00c1lvaro \/ Joaqu\u00edn Costa \/ Jard\u00edn Tropical\u2026\u201d<\/strong>. El conductor entra por la puerta \u00f3ptima y evitas rodeos.<\/li>\n\n\n\n<li><strong>Plaza Castilla \/ Moncloa \/ Pr\u00edncipe P\u00edo<\/strong>: en hora punta, moverse 50 metros a una <strong>calle lateral<\/strong> reduce la espera.<\/li>\n<\/ul>\n\n\n\n<h2 class=\"wp-block-heading\">Zonas de ocio: salir a la primera\u2026 incluso a las 02:45<\/h2>\n\n\n\n<ul class=\"wp-block-list\">\n<li><strong>Malasa\u00f1a &amp; Chueca<\/strong>: calles estrechas; acordamos recogida en <strong>arterias cercanas<\/strong> (San Bernardo, Fuencarral, Hortaleza, Gran V\u00eda).<\/li>\n\n\n\n<li><strong>La Latina<\/strong>: domingos de Rastro = colapso; mejor quedamos en <strong>Ronda de Toledo<\/strong> o <strong>Puerta de Toledo<\/strong>.<\/li>\n\n\n\n<li><strong>Ponzano<\/strong>: fines de semana, pide 5\u201310 min antes de pedir la cuenta y marca esquina de referencia (p. ej., \u201cPonzano con Maudes\u201d).<\/li>\n<\/ul>\n\n\n\n<h2 class=\"wp-block-heading\">Empresas y aut\u00f3nomos: control de gasto sin dolores de cabeza<\/h2>\n\n\n\n<p>Con <strong>ElTaxi 033<\/strong> puedes:<\/p>\n\n\n\n<ul class=\"wp-block-list\">\n<li>Solicitar <strong>factura mensual<\/strong> y <strong>cuentas de empresa<\/strong>.<\/li>\n\n\n\n<li>Establecer <strong>centros de coste<\/strong>, <strong>autorizaciones<\/strong> y <strong>reporting<\/strong>.<\/li>\n\n\n\n<li>Activar <strong>precio acordado<\/strong> en rutas repetitivas (oficina\u2013IFEMA, sede\u2013Atocha, etc.).<\/li>\n\n\n\n<li>Usar <strong>app + tel\u00e9fono<\/strong> seg\u00fan urgencia.<\/li>\n<\/ul>\n\n\n\n<p>Si tu equipo entra y sale de <strong>AZCA, Castellana, IFEMA o Distrito C<\/strong>, un <strong>n\u00famero de tel\u00e9fono \u00fanico<\/strong> que el personal recuerde (<strong>919 185 033<\/strong>) reduce tiempos muertos y mejora puntualidad en visitas.<\/p>\n\n\n\n<h2 class=\"wp-block-heading\">Consejos pr\u00e1cticos para pagar menos y esperar menos<\/h2>\n\n\n\n<ol class=\"wp-block-list\">\n<li><strong>Pide con antelaci\u00f3n<\/strong> si sales de un evento. Los \u00faltimos 5 minutos del concierto son la jungla.<\/li>\n\n\n\n<li><strong>Mu\u00e9vete una manzana<\/strong> si la puerta principal est\u00e1 colapsada; nosotros te indicamos el <strong>punto de recogida \u201cB\u201d<\/strong> m\u00e1s despejado.<\/li>\n\n\n\n<li><strong>Indica n\u00famero de personas y bultos<\/strong>: acertamos con el veh\u00edculo a la primera.<\/li>\n\n\n\n<li><strong>Comparte ubicaci\u00f3n<\/strong> (si usas app\/WhatsApp) o <strong>se\u00f1ala un comercio visible<\/strong> al llamar: \u201cEstoy frente a la farmacia 24h de Fuencarral 103\u201d.<\/li>\n\n\n\n<li><strong>Considera precio cerrado<\/strong> para aeropuerto en horas pico; tranquilidad total y sin sorpresas.<\/li>\n<\/ol>\n\n\n\n<h2 class=\"wp-block-heading\">\u00bfY si llueve o hay corte de tr\u00e1fico?<\/h2>\n\n\n\n<p>Cuando llueve, sube la demanda y baja la velocidad de la ciudad. Con <strong>una llamada<\/strong> podemos <strong>recalcular<\/strong> el mejor acceso del conductor, <strong>proponer un punto cubierto<\/strong> y <strong>estimar la llegada<\/strong> con m\u00e1s precisi\u00f3n. En cortes por eventos o manifestaciones, nuestra central recibe <strong>avisos en tiempo real<\/strong> y redirige el coche por la ruta viable.<\/p>\n\n\n\n<h2 class=\"wp-block-heading\">C\u00f3mo pedir tu <strong>taxi Madrid<\/strong> ahora mismo<\/h2>\n\n\n\n<ul class=\"wp-block-list\">\n<li><strong>Tel\u00e9fono 24\/7<\/strong>: <strong>919 185 033<\/strong> (r\u00e1pido y humano, ideal en picos).<\/li>\n\n\n\n<li><strong>App<\/strong>: <strong>ElTaxi.App<\/strong> (reserva, edita, factura, seguimiento).<\/li>\n\n\n\n<li><strong>WhatsApp<\/strong>: perfecto para compartir ubicaci\u00f3n y notas (\u201cviajamos con perro peque\u00f1o\u201d, \u201cnecesitamos sillita 0\u201318 kg\u201d).<\/li>\n<\/ul>\n\n\n\n<p>En <strong>ElTaxi 033<\/strong> nos gusta hacerte la vida f\u00e1cil: te recogemos donde <strong>de verdad<\/strong> se puede parar, te avisamos por llamada si compensa moverte 50 metros y te ofrecemos la <strong>opci\u00f3n de precio cerrado<\/strong> cuando buscas tranquilidad total (especialmente <strong>aeropuerto<\/strong> y <strong>largas distancias<\/strong>).<\/p>\n\n\n\n<h2 class=\"wp-block-heading\">En resumen<\/h2>\n\n\n\n<figure class=\"wp-block-image size-large\"><img wpfc-lazyload-disable=\"true\" decoding=\"async\" width=\"1024\" height=\"683\" src=\"https:\/\/eltaxi033.com\/madrid\/wp-content\/uploads\/sites\/3\/2025\/09\/hombre-moderno-usando-smartphone-en-ciudad-1024x683.webp\" alt=\"hombre moderno usando smartphone en ciudad\" class=\"wp-image-2178\" srcset=\"https:\/\/eltaxi033.com\/madrid\/wp-content\/uploads\/sites\/3\/2025\/09\/hombre-moderno-usando-smartphone-en-ciudad-1024x683.webp 1024w, https:\/\/eltaxi033.com\/madrid\/wp-content\/uploads\/sites\/3\/2025\/09\/hombre-moderno-usando-smartphone-en-ciudad-300x200.webp 300w, https:\/\/eltaxi033.com\/madrid\/wp-content\/uploads\/sites\/3\/2025\/09\/hombre-moderno-usando-smartphone-en-ciudad-768x513.webp 768w, https:\/\/eltaxi033.com\/madrid\/wp-content\/uploads\/sites\/3\/2025\/09\/hombre-moderno-usando-smartphone-en-ciudad-1536x1025.webp 1536w, https:\/\/eltaxi033.com\/madrid\/wp-content\/uploads\/sites\/3\/2025\/09\/hombre-moderno-usando-smartphone-en-ciudad-2048x1367.webp 2048w\" sizes=\"(max-width: 1024px) 100vw, 1024px\" \/><\/figure>\n\n\n\n<p>Si quieres acertar en las <strong>zonas de alta demanda<\/strong> de Madrid, mezcla dos cosas: <strong>saber d\u00f3nde y cu\u00e1ndo<\/strong> se l\u00eda (Gran V\u00eda, Sol, Atocha, Chamart\u00edn, IFEMA, Bernab\u00e9u, T4\u2026) y <strong>tener a mano el mejor \u201c<a href=\"https:\/\/eltaxi033.com\/madrid\/\">taxi Madrid tel\u00e9fono<\/a>\u201d<\/strong>: <strong>919 185 033<\/strong>. Llama, cu\u00e9ntanos tu punto exacto y lo que necesitas (veh\u00edculo grande, adaptado, sillita, pago con tarjeta, factura). Nosotros nos encargamos del resto para que llegues <strong>antes<\/strong> y <strong>mejor<\/strong>.<\/p>\n\n\n\n<p><strong>ElTaxi 033<\/strong> \u2014 tu taxi de confianza en Madrid, <strong>siempre que nos necesites<\/strong>.<\/p>\n\n\n\n<h2 class=\"wp-block-heading\">Preguntas frecuentes sobre este blog y sus respuestas<\/h2>\n\n\n\n<h3 class=\"wp-block-heading\"><strong>1) \u00bfCu\u00e1l es el mejor \u201ctaxi Madrid tel\u00e9fono\u201d para picos de demanda?<\/strong><\/h3>\n\n\n\n<p>El <strong>919 185 033<\/strong> de <strong>ElTaxi 033<\/strong>: central 24\/7, asignaci\u00f3n inteligente y puntos de recogida optimizados.<\/p>\n\n\n\n<h3 class=\"wp-block-heading\"><strong>2) \u00bfPuedo pedir precio cerrado al aeropuerto?<\/strong><\/h3>\n\n\n\n<p>S\u00ed. Solic\u00edtalo al llamar o por app. Recomendado en horas punta o con mucho equipaje.<\/p>\n\n\n\n<h3 class=\"wp-block-heading\"><strong>3) \u00bfOfrecen veh\u00edculos 7\/8 plazas, adaptados o con sillita?<\/strong><\/h3>\n\n\n\n<p>S\u00ed. Ind\u00edcalo en la llamada\/WhatsApp para enviar el veh\u00edculo adecuado.<\/p>\n\n\n\n<h3 class=\"wp-block-heading\"><strong>4) \u00bfCu\u00e1ndo es mejor llamar en lugar de usar la app?<\/strong><\/h3>\n\n\n\n<p>En salidas masivas (IFEMA, Bernab\u00e9u, WiZink) o con cortes de tr\u00e1fico; el tel\u00e9fono agiliza y ajusta el punto exacto.<\/p>\n\n\n\n<h3 class=\"wp-block-heading\"><strong>5) \u00bfTen\u00e9is soluciones para empresas y aut\u00f3nomos?<\/strong><\/h3>\n\n\n\n<p>S\u00ed: factura mensual, centros de coste, reportes y soporte prioritario 24\/7.<\/p>\n\n\n\n<script type=\"application\/ld+json\">\n{\n  \"@context\": \"https:\/\/schema.org\",\n  \"@type\": \"FAQPage\",\n  \"mainEntity\": [\n    {\n      \"@type\": \"Question\",\n      \"name\": \"\u00bfCu\u00e1l es el mejor taxi Madrid tel\u00e9fono para picos de demanda?\",\n      \"acceptedAnswer\": {\n        \"@type\": \"Answer\",\n        \"text\": \"El 919 185 033 de ElTaxi 033. Central 24\/7, asignaci\u00f3n inteligente y puntos de recogida optimizados en zonas de alta demanda.\"\n      }\n    },\n    {\n      \"@type\": \"Question\",\n      \"name\": \"\u00bfPuedo pedir precio cerrado al aeropuerto?\",\n      \"acceptedAnswer\": {\n        \"@type\": \"Answer\",\n        \"text\": \"S\u00ed. Puedes solicitarlo por tel\u00e9fono o en la app. Recomendado en horas punta o si viajas con mucho equipaje o en grupo.\"\n      }\n    },\n    {\n      \"@type\": \"Question\",\n      \"name\": \"\u00bfTienen veh\u00edculos 7\/8 plazas, adaptados o con sillita infantil?\",\n      \"acceptedAnswer\": {\n        \"@type\": \"Answer\",\n        \"text\": \"S\u00ed. Disponemos de monovol\u00famenes 7\/8 plazas, taxi adaptado y sillitas homologadas; ind\u00edcalo al reservar para asignar el veh\u00edculo correcto.\"\n      }\n    },\n    {\n      \"@type\": \"Question\",\n      \"name\": \"\u00bfCu\u00e1ndo conviene llamar en lugar de usar la app?\",\n      \"acceptedAnswer\": {\n        \"@type\": \"Answer\",\n        \"text\": \"En salidas masivas de eventos (IFEMA, Bernab\u00e9u, WiZink) o con cortes de tr\u00e1fico; la llamada ajusta el punto exacto y reduce esperas.\"\n      }\n    },\n    {\n      \"@type\": \"Question\",\n      \"name\": \"\u00bfOfrecen soluciones para empresas y aut\u00f3nomos?\",\n      \"acceptedAnswer\": {\n        \"@type\": \"Answer\",\n        \"text\": \"S\u00ed. Factura mensual, centros de coste, reportes y soporte prioritario 24\/7 para mejorar el control del gasto en Madrid.\"\n      }\n    }\n  ]\n}\n<\/script>\n\n","protected":false,"gt_translate_keys":[{"key":"rendered","format":"html"}]},"excerpt":{"rendered":"<p>Si alguna vez has intentado pedir un taxi a la salida de un concierto en el WiZink, a medianoche en Gran V\u00eda o un lunes a las 8:00 cerca de Atocha, sabr\u00e1s que no todas las zonas ni todas las horas son iguales. En ElTaxi 033 vivimos Madrid a pie de calle y queremos contarte, [&hellip;]<\/p>\n","protected":false,"gt_translate_keys":[{"key":"rendered","format":"html"}]},"author":3,"featured_media":2177,"comment_status":"closed","ping_status":"open","sticky":false,"template":"","format":"standard","meta":{"_joinchat":[],"footnotes":""},"categories":[1],"tags":[],"class_list":["post-2176","post","type-post","status-publish","format-standard","has-post-thumbnail","hentry","category-sin-categoria"],"gt_translate_keys":[{"key":"link","format":"url"}],"_links":{"self":[{"href":"https:\/\/eltaxi033.com\/madrid\/wp-json\/wp\/v2\/posts\/2176","targetHints":{"allow":["GET"]}}],"collection":[{"href":"https:\/\/eltaxi033.com\/madrid\/wp-json\/wp\/v2\/posts"}],"about":[{"href":"https:\/\/eltaxi033.com\/madrid\/wp-json\/wp\/v2\/types\/post"}],"author":[{"embeddable":true,"href":"https:\/\/eltaxi033.com\/madrid\/wp-json\/wp\/v2\/users\/3"}],"replies":[{"embeddable":true,"href":"https:\/\/eltaxi033.com\/madrid\/wp-json\/wp\/v2\/comments?post=2176"}],"version-history":[{"count":2,"href":"https:\/\/eltaxi033.com\/madrid\/wp-json\/wp\/v2\/posts\/2176\/revisions"}],"predecessor-version":[{"id":2182,"href":"https:\/\/eltaxi033.com\/madrid\/wp-json\/wp\/v2\/posts\/2176\/revisions\/2182"}],"wp:featuredmedia":[{"embeddable":true,"href":"https:\/\/eltaxi033.com\/madrid\/wp-json\/wp\/v2\/media\/2177"}],"wp:attachment":[{"href":"https:\/\/eltaxi033.com\/madrid\/wp-json\/wp\/v2\/media?parent=2176"}],"wp:term":[{"taxonomy":"category","embeddable":true,"href":"https:\/\/eltaxi033.com\/madrid\/wp-json\/wp\/v2\/categories?post=2176"},{"taxonomy":"post_tag","embeddable":true,"href":"https:\/\/eltaxi033.com\/madrid\/wp-json\/wp\/v2\/tags?post=2176"}],"curies":[{"name":"wp","href":"https:\/\/api.w.org\/{rel}","templated":true}]}}