{"id":2168,"date":"2025-09-26T19:00:39","date_gmt":"2025-09-26T17:00:39","guid":{"rendered":"https:\/\/eltaxi033.com\/madrid\/?p=2168"},"modified":"2025-09-26T19:03:00","modified_gmt":"2025-09-26T17:03:00","slug":"10-rutas-para-hacer-turismo-en-madrid","status":"publish","type":"post","link":"https:\/\/eltaxi033.com\/madrid\/blog\/10-rutas-para-hacer-turismo-en-madrid\/","title":{"rendered":"10 rutas perfectas para turistas usando taxis Madrid","gt_translate_keys":[{"key":"rendered","format":"text"}]},"content":{"rendered":"\n<p>Si vas a conocer la ciudad y quieres aprovechar cada minuto, <strong>los <a href=\"https:\/\/eltaxi033.com\/madrid\/\">taxis Madrid<\/a><\/strong> son tu mejor aliado: te mueven puerta a puerta, sin transbordos, sin pelearte con mapas, y con aire acondicionado cuando m\u00e1s aprieta el sol. Desde <strong>ElTaxi 033<\/strong> llevamos a\u00f1os llevando a viajeros como t\u00fa por las zonas imprescindibles, atajos locales y rincones sabrosos donde comerse un buen bocata de calamares. Aqu\u00ed tienes <strong>10 rutas redondas para turistas<\/strong>: pr\u00e1cticas, realistas y pensadas para que bajes del taxi y est\u00e9s justo donde empieza lo bueno.<\/p>\n\n\n\n<figure class=\"wp-block-image size-large\"><img wpfc-lazyload-disable=\"true\" fetchpriority=\"high\" decoding=\"async\" width=\"1024\" height=\"683\" src=\"https:\/\/eltaxi033.com\/madrid\/wp-content\/uploads\/sites\/3\/2025\/09\/mujeres-con-estilo-en-el-cuadrado-1024x683.webp\" alt=\"mujeres con estilo en el cuadrado\" class=\"wp-image-2171\" srcset=\"https:\/\/eltaxi033.com\/madrid\/wp-content\/uploads\/sites\/3\/2025\/09\/mujeres-con-estilo-en-el-cuadrado-1024x683.webp 1024w, https:\/\/eltaxi033.com\/madrid\/wp-content\/uploads\/sites\/3\/2025\/09\/mujeres-con-estilo-en-el-cuadrado-300x200.webp 300w, https:\/\/eltaxi033.com\/madrid\/wp-content\/uploads\/sites\/3\/2025\/09\/mujeres-con-estilo-en-el-cuadrado-768x512.webp 768w, https:\/\/eltaxi033.com\/madrid\/wp-content\/uploads\/sites\/3\/2025\/09\/mujeres-con-estilo-en-el-cuadrado-1536x1024.webp 1536w, https:\/\/eltaxi033.com\/madrid\/wp-content\/uploads\/sites\/3\/2025\/09\/mujeres-con-estilo-en-el-cuadrado-2048x1365.webp 2048w\" sizes=\"(max-width: 1024px) 100vw, 1024px\" \/><\/figure>\n\n\n\n<h2 class=\"wp-block-heading\">1) Sol \u2013 Gran V\u00eda \u2013 Plaza Mayor: la \u201cprimera toma de contacto\u201d<\/h2>\n\n\n\n<p>Empieza fuerte: <strong>Puerta del Sol<\/strong>, <strong>Gran V\u00eda<\/strong> y <strong>Plaza Mayor<\/strong> forman el tri\u00e1ngulo que todo viajero pisa el primer d\u00eda. Con taxi te dejamos junto al <strong>Oso y el Madro\u00f1o<\/strong>, subes a Gran V\u00eda para ver cines, azoteas y tiendas, y terminas probando algo en <strong>Mercado de San Miguel<\/strong>.<br><strong>Consejo ElTaxi 033:<\/strong> pide al conductor que te recoja en <strong>C\/ Mayor 84<\/strong> o en <strong>Plaza de las Descalzas<\/strong> para evitar el tr\u00e1fico m\u00e1s denso y ganar 10\u201315 minutos.<\/p>\n\n\n\n<h3 class=\"wp-block-heading\">Paradas \u00fatiles<\/h3>\n\n\n\n<ul class=\"wp-block-list\">\n<li>Sol (zona peatonal: te dejamos en bocacalle cercana)<\/li>\n\n\n\n<li>Callao \/ Gran V\u00eda<\/li>\n\n\n\n<li>Mercado de San Miguel<\/li>\n<\/ul>\n\n\n\n<h2 class=\"wp-block-heading\">2) Tri\u00e1ngulo del Arte sin colas ni trasbordos<\/h2>\n\n\n\n<p><strong>Prado \u2013 Thyssen \u2013 Reina Sof\u00eda<\/strong> en un mismo d\u00eda suena a marat\u00f3n\u2026 y lo es. Con <strong>taxi en Madrid<\/strong> encadenas museos sin perderte. Te recogemos a la hora de apertura del Prado, saltas al <strong>Thyssen<\/strong> para la colecci\u00f3n moderna y terminas en <strong>Reina Sof\u00eda<\/strong> para saludar al Guernica.<br><strong>Tip:<\/strong> reserva tus entradas y coordina el pick-up en <strong>Paseo del Prado<\/strong>; si llueve, tu taxi ser\u00e1 tu \u201cconsigna\u201d m\u00f3vil para paraguas y botellas (las guardas contigo y te esperamos en la puerta).<\/p>\n\n\n\n<h2 class=\"wp-block-heading\">3) Palacio Real \u2013 Catedral de la Almudena \u2013 Templo de Debod al atardecer<\/h2>\n\n\n\n<p>Ruta cl\u00e1sica con <strong>finalazo de cielo rosa<\/strong> en Debod. Te dejamos en <strong>Plaza de Oriente<\/strong>, visitas Palacio y Catedral, y luego subimos hasta el <strong>Templo de Debod<\/strong> para ver el atardecer con vistas a la sierra.<br><strong>Consejo:<\/strong> agenda el <strong>pick-up<\/strong> 15 minutos despu\u00e9s de la puesta de sol; la zona se llena y el taxi te ahorra la caminata nocturna hasta el metro.<\/p>\n\n\n\n<h2 class=\"wp-block-heading\">4) Parque del Retiro \u2013 Puerta de Alcal\u00e1 \u2013 Barrio de las Letras<\/h2>\n\n\n\n<p>Del estanque al verso. Con <strong><a href=\"https:\/\/eltaxi033.com\/madrid\/\">taxis Madrid<\/a> 24h<\/strong> entras por <strong>Puerta de Alcal\u00e1<\/strong>, paseas <strong>El Retiro<\/strong> (barquitas incluidas) y terminas en el <strong>Barrio de las Letras<\/strong> para tapas.<br><strong>Pro tip:<\/strong> dile al conductor \u201cbajada en <strong>C\/ Huertas 18<\/strong>\u201d, sales casi frente a terrazas con ambiente sin meterte en calles cerradas.<\/p>\n\n\n\n<h2 class=\"wp-block-heading\">5) Bernab\u00e9u \u2013 Castellana \u2013 Nuevos Ministerios (para futboleros y shoppers)<\/h2>\n\n\n\n<p>Tour <strong>Santiago Bernab\u00e9u<\/strong> y luego paseo por <strong>Paseo de la Castellana<\/strong> con parada en <strong>Nuevos Ministerios\/El Corte Ingl\u00e9s<\/strong>. Si hay partido o concierto, el taxi te deja en <strong>puntos de encuentro<\/strong> donde s\u00ed se puede parar sin multas.<br><strong>En d\u00edas de evento:<\/strong> pide <strong>precio cerrado<\/strong> en la app para no sufrir atascos en el tax\u00edmetro y viaja tranquilo.<\/p>\n\n\n\n<h2 class=\"wp-block-heading\">6) Malasa\u00f1a \u2013 Chueca \u2013 Conde Duque: caf\u00e9s, vinilos y terrazas<\/h2>\n\n\n\n<p>Para cogerle el pulso indie a Madrid. En <strong>Malasa\u00f1a<\/strong> hay caf\u00e9s con tostadas de nivel; en <strong>Chueca<\/strong>, mercados y c\u00f3cteles; y en <strong>Conde Duque<\/strong>, cultura y patios.<br><strong>Consejo ElTaxi 033:<\/strong> bajada en <strong>Plaza del Dos de Mayo<\/strong> a primera hora y recogida en <strong>Mercado de San Ant\u00f3n<\/strong> al anochecer. As\u00ed enlazas dos barrios sin subir cuestas despu\u00e9s de un d\u00eda largo.<\/p>\n\n\n\n<h2 class=\"wp-block-heading\">7) La Latina \u2013 El Rastro \u2013 Cava Baja (domingos de tapeo)<\/h2>\n\n\n\n<p>Si es domingo, manda <strong>El Rastro<\/strong>. Con <strong>servicio de taxi en Madrid<\/strong> te dejamos al principio del mercado para ir bajando sin agobios y te recogemos al final en <strong>Puerta de Toledo<\/strong>. De ah\u00ed, tapas en <strong>Cava Baja<\/strong>.<br><strong>Tip local:<\/strong> madruga. Pide taxi entre 9:00 y 9:30 y tendr\u00e1s la mejor versi\u00f3n de La Latina sin empujones.<\/p>\n\n\n\n<h2 class=\"wp-block-heading\">8) Madrid R\u00edo \u2013 Matadero \u2013 Casa de Campo (familias y fotos)<\/h2>\n\n\n\n<p>Un plan verde: <strong>Madrid R\u00edo<\/strong> para patinetes o paseo, <strong>Matadero<\/strong> para dise\u00f1o y cultura, final en <strong>Casa de Campo<\/strong> o <strong>Telef\u00e9rico<\/strong> para panor\u00e1micas.<br><strong>Familias:<\/strong> solicita <strong>silla infantil<\/strong> (grupo 0\/1\/2\/3) al reservar; en <strong>ElTaxi 033<\/strong> la llevamos instalada y homologada. Tambi\u00e9n tenemos <strong>7\/8 plazas<\/strong> si vais en grupo.<\/p>\n\n\n\n<h2 class=\"wp-block-heading\">9) Las Ventas \u2013 Barrio de Salamanca \u2013 Puerta de Alcal\u00e1 (arquitectura y shopping)<\/h2>\n\n\n\n<p><strong>Plaza de Toros de Las Ventas<\/strong> por fuera (impresiona), bajada al <strong>Barrio de Salamanca<\/strong> para tiendas y arquitectura racionalista, y cierre en <strong>Puerta de Alcal\u00e1<\/strong> para fotos.<br><strong>Consejo:<\/strong> si llevas bolsas, el <strong>maletero<\/strong> del taxi es tu mejor amigo. Y s\u00ed, <strong>pagas con tarjeta<\/strong> o <strong>bizum<\/strong> sin problema.<\/p>\n\n\n\n<h2 class=\"wp-block-heading\">10) Aeropuerto \u2013 Atocha \u2013 Centro: el transfer m\u00e1s eficiente<\/h2>\n\n\n\n<p>Llegas a <strong>Aeropuerto Adolfo Su\u00e1rez Madrid-Barajas<\/strong> y quieres estar en el hotel <strong>ya<\/strong>. Reserva tu <strong>transfer aeropuerto<\/strong> con <strong>ElTaxi 033<\/strong>: te esperamos en el <strong>punto de encuentro de llegadas<\/strong>, te ayudamos con maletas y te llevamos a <strong>Atocha<\/strong> si conectas con AVE, o directo a tu alojamiento en el centro.<br><strong>Clave viajera:<\/strong> activa en la app el <strong>seguimiento de vuelo<\/strong> para ajustar la recogida si hay retrasos. Sin estr\u00e9s.<\/p>\n\n\n\n<h2 class=\"wp-block-heading\">C\u00f3mo exprimir estas rutas con ElTaxi 033<\/h2>\n\n\n\n<figure class=\"wp-block-image size-large\"><img wpfc-lazyload-disable=\"true\" decoding=\"async\" width=\"1024\" height=\"683\" src=\"https:\/\/eltaxi033.com\/madrid\/wp-content\/uploads\/sites\/3\/2025\/09\/puerta-de-alcala-ubicada-en-madrid-espana-1024x683.webp\" alt=\"puerta de alcala ubicada en madrid espana\" class=\"wp-image-2169\" srcset=\"https:\/\/eltaxi033.com\/madrid\/wp-content\/uploads\/sites\/3\/2025\/09\/puerta-de-alcala-ubicada-en-madrid-espana-1024x683.webp 1024w, https:\/\/eltaxi033.com\/madrid\/wp-content\/uploads\/sites\/3\/2025\/09\/puerta-de-alcala-ubicada-en-madrid-espana-300x200.webp 300w, https:\/\/eltaxi033.com\/madrid\/wp-content\/uploads\/sites\/3\/2025\/09\/puerta-de-alcala-ubicada-en-madrid-espana-768x512.webp 768w, https:\/\/eltaxi033.com\/madrid\/wp-content\/uploads\/sites\/3\/2025\/09\/puerta-de-alcala-ubicada-en-madrid-espana-1536x1024.webp 1536w, https:\/\/eltaxi033.com\/madrid\/wp-content\/uploads\/sites\/3\/2025\/09\/puerta-de-alcala-ubicada-en-madrid-espana-2048x1365.webp 2048w\" sizes=\"(max-width: 1024px) 100vw, 1024px\" \/><\/figure>\n\n\n\n<h3 class=\"wp-block-heading\">Pide tu taxi como te venga mejor<\/h3>\n\n\n\n<ul class=\"wp-block-list\">\n<li><strong>App ElTaxi.App<\/strong> (iOS\/Android): elige <strong>precio cerrado<\/strong> o <strong>tax\u00edmetro<\/strong>, a\u00f1ade <strong>paradas<\/strong>, comparte viaje y guarda <strong>direcciones favoritas<\/strong>.<\/li>\n\n\n\n<li><strong>WhatsApp<\/strong> y <strong>tel\u00e9fono 919 185 033<\/strong>: ideal si quieres que un agente te proponga la mejor ventana horaria seg\u00fan tr\u00e1fico o si viajas con <strong>personas mayores<\/strong>. Con este n\u00famero, podr\u00e1s localizar <a href=\"https:\/\/eltaxi033.com\/madrid\/blog\/como-localizar-taxi-madrid-telefono\/\" data-type=\"link\" data-id=\"https:\/\/eltaxi033.com\/madrid\/blog\/como-localizar-taxi-madrid-telefono\/\">el mejor taxi Madrid en segundos.<\/a><\/li>\n<\/ul>\n\n\n\n<h3 class=\"wp-block-heading\">Veh\u00edculo a tu medida<\/h3>\n\n\n\n<ul class=\"wp-block-list\">\n<li><strong>ECO\/El\u00e9ctricos<\/strong> (cero emisiones en muchas rutas c\u00e9ntricas).<\/li>\n\n\n\n<li><strong>Monovolumen 7\/8 plazas<\/strong> para familias y grupos.<\/li>\n\n\n\n<li><strong>Taxi adaptado (PMR)<\/strong> bajo reserva.<\/li>\n\n\n\n<li><strong>Mampara y limpieza<\/strong>: coches higienizados a diario.<\/li>\n<\/ul>\n\n\n\n<h3 class=\"wp-block-heading\">Horas y trucos \u201cmuy madrile\u00f1os\u201d<\/h3>\n\n\n\n<ul class=\"wp-block-list\">\n<li><strong>Atardeceres<\/strong>: Debod y azoteas de Gran V\u00eda son top; coordina recogida 10\u201315 min despu\u00e9s del ocaso.<\/li>\n\n\n\n<li><strong>Domingos<\/strong>: El Rastro, s\u00ed, pero temprano; la vuelta en taxi te salva de la bajona posttapas.<\/li>\n\n\n\n<li><strong>Museos<\/strong>: lunes y festivos cambian horarios; fija <strong>puntos de encuentro<\/strong> (Paseo del Prado, Santa Isabel 52\u2026) para recogerte en la puerta buena.<\/li>\n<\/ul>\n\n\n\n<h3 class=\"wp-block-heading\">Seguridad y transparencia<\/h3>\n\n\n\n<p>Todos nuestros <strong>taxis en Madrid<\/strong> son <strong>oficiales<\/strong>, con <strong>licencia y seguro<\/strong>, <strong>GPS<\/strong>, <strong>c\u00e1mara<\/strong> y <strong>factura digital<\/strong> (ideal si vienes por trabajo). Si prefieres saber el coste antes, selecciona <strong>tarifa cerrada<\/strong> en la app; si no, <strong>tax\u00edmetro regulado<\/strong> como marca el Ayuntamiento. Sin sorpresas.<\/p>\n\n\n\n<h2 class=\"wp-block-heading\">Itinerario sugerido de 48 horas (combina rutas sin reventarte)<\/h2>\n\n\n\n<ul class=\"wp-block-list\">\n<li><strong>D\u00eda 1 ma\u00f1ana:<\/strong> Ruta 1 (Sol\u2013Gran V\u00eda\u2013Plaza Mayor) + vermut en San Miguel.<\/li>\n\n\n\n<li><strong>D\u00eda 1 tarde:<\/strong> Ruta 3 (Palacio\u2013Almudena\u2013Debod) con atardecer.<\/li>\n\n\n\n<li><strong>Noche:<\/strong> Recogida en <strong>C\/ Princesa<\/strong> para cenar por <strong>Malasa\u00f1a<\/strong> (Ruta 6).<\/li>\n\n\n\n<li><strong>D\u00eda 2 ma\u00f1ana:<\/strong> Ruta 2 (Tri\u00e1ngulo del Arte).<\/li>\n\n\n\n<li><strong>D\u00eda 2 tarde:<\/strong> Ruta 4 (Retiro\u2013Alcal\u00e1\u2013Letras) o Ruta 9 (Ventas\u2013Salamanca) si te tira el shopping.<\/li>\n\n\n\n<li><strong>Salida:<\/strong> Ruta 10 (transfer a Atocha o Aeropuerto).<\/li>\n<\/ul>\n\n\n\n<h2 class=\"wp-block-heading\">\u00bfPor qu\u00e9 moverte en taxi en Madrid y no perder tiempo?<\/h2>\n\n\n\n<ul class=\"wp-block-list\">\n<li><strong>Puerta a puerta<\/strong>: ahorras transbordos y caminatas con maletas.<\/li>\n\n\n\n<li><strong>Flexibilidad<\/strong>: si llueve, si viajas con peques, si vas justo de tiempo\u2026 el taxi se adapta.<\/li>\n\n\n\n<li><strong>Optimizaci\u00f3n<\/strong>: juntamos puntos cercanos para que hagas <strong>m\u00e1s con menos<\/strong>.<\/li>\n\n\n\n<li><strong>Tarifa clara<\/strong>: <strong>precio cerrado<\/strong> disponible; y si prefieres, <strong>tax\u00edmetro<\/strong>.<\/li>\n\n\n\n<li><strong>Atenci\u00f3n humana<\/strong>: nuestro <strong>centro 24\/7<\/strong> te sugiere horas, atajos y puntos de bajada.<\/li>\n<\/ul>\n\n\n\n<h2 class=\"wp-block-heading\">Conclusi\u00f3n<\/h2>\n\n\n\n<p>Madrid se disfruta distinto cuando un <strong>taxi<\/strong> te deja <strong>exactamente donde empieza el plan<\/strong>. Estas 10 rutas est\u00e1n probadas por cientos de viajeros que movemos cada semana: funcionan, enamoran y encajan en un fin de semana sin correr. \u00bfListo para recorrerlas a tu ritmo?<\/p>\n\n\n\n<figure class=\"wp-block-image size-large\"><img wpfc-lazyload-disable=\"true\" decoding=\"async\" width=\"1024\" height=\"683\" src=\"https:\/\/eltaxi033.com\/madrid\/wp-content\/uploads\/sites\/3\/2025\/09\/cerca-de-coche-electrico-en-francia-1024x683.webp\" alt=\"cerca de coche electrico en francia\" class=\"wp-image-2170\" srcset=\"https:\/\/eltaxi033.com\/madrid\/wp-content\/uploads\/sites\/3\/2025\/09\/cerca-de-coche-electrico-en-francia-1024x683.webp 1024w, https:\/\/eltaxi033.com\/madrid\/wp-content\/uploads\/sites\/3\/2025\/09\/cerca-de-coche-electrico-en-francia-300x200.webp 300w, https:\/\/eltaxi033.com\/madrid\/wp-content\/uploads\/sites\/3\/2025\/09\/cerca-de-coche-electrico-en-francia-768x512.webp 768w, https:\/\/eltaxi033.com\/madrid\/wp-content\/uploads\/sites\/3\/2025\/09\/cerca-de-coche-electrico-en-francia-1536x1024.webp 1536w, https:\/\/eltaxi033.com\/madrid\/wp-content\/uploads\/sites\/3\/2025\/09\/cerca-de-coche-electrico-en-francia-2048x1365.webp 2048w\" sizes=\"(max-width: 1024px) 100vw, 1024px\" \/><\/figure>\n\n\n\n<p><strong>Reserva <a href=\"https:\/\/eltaxi033.com\/madrid\/\">taxi Madrid<\/a> con ElTaxi 033<\/strong>: abre <strong>ElTaxi.App<\/strong>, escr\u00edbenos por <strong>WhatsApp<\/strong>, o llama al <strong>919 185 033<\/strong>. Dinos tu ruta (o tu idea) y te proponemos <strong>recogida, paradas y vuelta<\/strong> con el mejor horario, veh\u00edculo y, si quieres, <strong>precio cerrado<\/strong>. \u00a1Nos vemos en la puerta del hotel! \ud83d\ude95\u2728<\/p>\n\n\n\n<h2 class=\"wp-block-heading\">Preguntas frecuentes del taxi Madrid:<\/h2>\n\n\n\n<h3 class=\"wp-block-heading\"><strong>1. \u00bfPuedo pedir precio cerrado en Madrid?<\/strong><\/h3>\n\n\n\n<p>S\u00ed, en la app ElTaxi.App eliges precio cerrado o tax\u00edmetro regulado.<\/p>\n\n\n\n<h3 class=\"wp-block-heading\"><strong>2. \u00bfTen\u00e9is taxis de 7\/8 plazas para grupos?<\/strong><\/h3>\n\n\n\n<p>S\u00ed, bajo reserva. Ideales para familias y amigos con equipaje.<\/p>\n\n\n\n<h3 class=\"wp-block-heading\"><strong>3. \u00bfC\u00f3mo reservo silla infantil homologada?<\/strong><\/h3>\n\n\n\n<p>Ind\u00edcalo al pedir el taxi (tipo de silla). La instalamos antes de recogerte.<\/p>\n\n\n\n<h3 class=\"wp-block-heading\"><strong>4. \u00bfAcept\u00e1is tarjeta y Bizum?<\/strong><\/h3>\n\n\n\n<p>Aceptamos tarjeta, Bizum y recibo\/factura digital para empresa.<\/p>\n\n\n\n<h3 class=\"wp-block-heading\"><strong>5. \u00bfPod\u00e9is ajustar la recogida si mi vuelo se retrasa?<\/strong><\/h3>\n\n\n\n<p>S\u00ed, activando el seguimiento de vuelo en la app coordinamos el nuevo horario.<\/p>\n\n\n\n<script type=\"application\/ld+json\">\n{\n  \"@context\":\"https:\/\/schema.org\",\n  \"@type\":\"FAQPage\",\n  \"mainEntity\":[\n    {\n      \"@type\":\"Question\",\n      \"name\":\"\u00bfPuedo pedir precio cerrado en Madrid?\",\n      \"acceptedAnswer\":{\n        \"@type\":\"Answer\",\n        \"text\":\"S\u00ed. En la app ElTaxi.App puedes elegir precio cerrado o viajar con tax\u00edmetro regulado por el Ayuntamiento.\"\n      }\n    },\n    {\n      \"@type\":\"Question\",\n      \"name\":\"\u00bfTen\u00e9is taxis de 7\/8 plazas para grupos?\",\n      \"acceptedAnswer\":{\n        \"@type\":\"Answer\",\n        \"text\":\"S\u00ed, disponemos de monovol\u00famenes 7\/8 plazas bajo reserva, ideales para familias, grupos y equipaje voluminoso.\"\n      }\n    },\n    {\n      \"@type\":\"Question\",\n      \"name\":\"\u00bfC\u00f3mo reservo silla infantil homologada?\",\n      \"acceptedAnswer\":{\n        \"@type\":\"Answer\",\n        \"text\":\"Al solicitar el servicio indica el tipo de silla (grupo 0\/1\/2\/3). La dejamos instalada y lista antes de tu recogida.\"\n      }\n    },\n    {\n      \"@type\":\"Question\",\n      \"name\":\"\u00bfAcept\u00e1is tarjeta y Bizum?\",\n      \"acceptedAnswer\":{\n        \"@type\":\"Answer\",\n        \"text\":\"S\u00ed, aceptamos tarjeta y Bizum. Tambi\u00e9n emitimos recibo y factura digital para empresas.\"\n      }\n    },\n    {\n      \"@type\":\"Question\",\n      \"name\":\"\u00bfPod\u00e9is ajustar la recogida si mi vuelo se retrasa?\",\n      \"acceptedAnswer\":{\n        \"@type\":\"Answer\",\n        \"text\":\"S\u00ed. Con el seguimiento de vuelo en la app reprogramamos la recogida autom\u00e1ticamente si hay retrasos.\"\n      }\n    }\n  ]\n}\n<\/script>\n\n","protected":false,"gt_translate_keys":[{"key":"rendered","format":"html"}]},"excerpt":{"rendered":"<p>Si vas a conocer la ciudad y quieres aprovechar cada minuto, los taxis Madrid son tu mejor aliado: te mueven puerta a puerta, sin transbordos, sin pelearte con mapas, y con aire acondicionado cuando m\u00e1s aprieta el sol. Desde ElTaxi 033 llevamos a\u00f1os llevando a viajeros como t\u00fa por las zonas imprescindibles, atajos locales y [&hellip;]<\/p>\n","protected":false,"gt_translate_keys":[{"key":"rendered","format":"html"}]},"author":3,"featured_media":2171,"comment_status":"closed","ping_status":"open","sticky":false,"template":"","format":"standard","meta":{"_joinchat":[],"footnotes":""},"categories":[1],"tags":[],"class_list":["post-2168","post","type-post","status-publish","format-standard","has-post-thumbnail","hentry","category-sin-categoria"],"gt_translate_keys":[{"key":"link","format":"url"}],"_links":{"self":[{"href":"https:\/\/eltaxi033.com\/madrid\/wp-json\/wp\/v2\/posts\/2168","targetHints":{"allow":["GET"]}}],"collection":[{"href":"https:\/\/eltaxi033.com\/madrid\/wp-json\/wp\/v2\/posts"}],"about":[{"href":"https:\/\/eltaxi033.com\/madrid\/wp-json\/wp\/v2\/types\/post"}],"author":[{"embeddable":true,"href":"https:\/\/eltaxi033.com\/madrid\/wp-json\/wp\/v2\/users\/3"}],"replies":[{"embeddable":true,"href":"https:\/\/eltaxi033.com\/madrid\/wp-json\/wp\/v2\/comments?post=2168"}],"version-history":[{"count":3,"href":"https:\/\/eltaxi033.com\/madrid\/wp-json\/wp\/v2\/posts\/2168\/revisions"}],"predecessor-version":[{"id":2174,"href":"https:\/\/eltaxi033.com\/madrid\/wp-json\/wp\/v2\/posts\/2168\/revisions\/2174"}],"wp:featuredmedia":[{"embeddable":true,"href":"https:\/\/eltaxi033.com\/madrid\/wp-json\/wp\/v2\/media\/2171"}],"wp:attachment":[{"href":"https:\/\/eltaxi033.com\/madrid\/wp-json\/wp\/v2\/media?parent=2168"}],"wp:term":[{"taxonomy":"category","embeddable":true,"href":"https:\/\/eltaxi033.com\/madrid\/wp-json\/wp\/v2\/categories?post=2168"},{"taxonomy":"post_tag","embeddable":true,"href":"https:\/\/eltaxi033.com\/madrid\/wp-json\/wp\/v2\/tags?post=2168"}],"curies":[{"name":"wp","href":"https:\/\/api.w.org\/{rel}","templated":true}]}}