{"id":2146,"date":"2025-09-19T15:44:53","date_gmt":"2025-09-19T13:44:53","guid":{"rendered":"https:\/\/eltaxi033.com\/madrid\/?p=2146"},"modified":"2025-09-19T15:53:27","modified_gmt":"2025-09-19T13:53:27","slug":"silla-infantil-en-el-taxi-en-madrid","status":"publish","type":"post","link":"https:\/\/eltaxi033.com\/madrid\/blog\/silla-infantil-en-el-taxi-en-madrid\/","title":{"rendered":"C\u00f3mo solicitar silla infantil por radiotel\u00e9fono taxi Madrid","gt_translate_keys":[{"key":"rendered","format":"text"}]},"content":{"rendered":"\n<p>Cuando viajas con peques, cada minuto cuenta: abrigos que no aparecen, biberones a medio preparar, mochilas del cole\u2026 y encima, el transporte. En <strong>ElTaxi 033<\/strong> lo tenemos m\u00e1s que claro: si te mueves por Madrid con ni\u00f1os, <strong>pedir un taxi con silla infantil<\/strong> no deber\u00eda ser un drama, sino un \u201clo tengo resuelto\u201d de manual. En esta gu\u00eda te contamos, en lenguaje de la calle, <strong>c\u00f3mo pedir la silla por el <a href=\"https:\/\/eltaxi033.com\/madrid\/https:\/\/eltaxi033.com\/madrid\/\">radiotel\u00e9fono taxi Madrid<\/a><\/strong>, qu\u00e9 datos conviene tener a mano, tiempos realistas y alg\u00fan truco de padre\/madre veterano para llegar a tiempo\u2026 y en calma.<\/p>\n\n\n\n<figure class=\"wp-block-image size-large\"><img wpfc-lazyload-disable=\"true\" fetchpriority=\"high\" decoding=\"async\" width=\"1024\" height=\"683\" src=\"https:\/\/eltaxi033.com\/madrid\/wp-content\/uploads\/sites\/3\/2025\/09\/chica-con-su-papa-disfrutando-de-un-viaje-familiar-1024x683.webp\" alt=\"chica con su papa disfrutando de un viaje familiar\" class=\"wp-image-2147\" srcset=\"https:\/\/eltaxi033.com\/madrid\/wp-content\/uploads\/sites\/3\/2025\/09\/chica-con-su-papa-disfrutando-de-un-viaje-familiar-1024x683.webp 1024w, https:\/\/eltaxi033.com\/madrid\/wp-content\/uploads\/sites\/3\/2025\/09\/chica-con-su-papa-disfrutando-de-un-viaje-familiar-300x200.webp 300w, https:\/\/eltaxi033.com\/madrid\/wp-content\/uploads\/sites\/3\/2025\/09\/chica-con-su-papa-disfrutando-de-un-viaje-familiar-768x512.webp 768w, https:\/\/eltaxi033.com\/madrid\/wp-content\/uploads\/sites\/3\/2025\/09\/chica-con-su-papa-disfrutando-de-un-viaje-familiar-1536x1024.webp 1536w, https:\/\/eltaxi033.com\/madrid\/wp-content\/uploads\/sites\/3\/2025\/09\/chica-con-su-papa-disfrutando-de-un-viaje-familiar-2048x1365.webp 2048w\" sizes=\"(max-width: 1024px) 100vw, 1024px\" \/><\/figure>\n\n\n\n<h2 class=\"wp-block-heading\">Por qu\u00e9 pedir la silla por radiotel\u00e9fono (y no \u201ca ver si hay suerte\u201d)<\/h2>\n\n\n\n<ul class=\"wp-block-list\">\n<li><strong>Garant\u00eda de disponibilidad:<\/strong> al llamar a la <strong>central de radiotel\u00e9fono taxi Madrid<\/strong> asignamos el servicio a un coche que <strong>ya sabe<\/strong> que debe llevar silla infantil. Sin sorpresas.<\/li>\n\n\n\n<li><strong>Coincidencia de talla\/edad:<\/strong> no es lo mismo un beb\u00e9 de 9 meses que un peque de 4 a\u00f1os. Por radio nos dejas el detalle y te mandamos la opci\u00f3n correcta.<\/li>\n\n\n\n<li><strong>Tiempos de respuesta reales:<\/strong> la operadora consulta flota y te da <strong>hora estimada<\/strong> honesta seg\u00fan zona y tr\u00e1fico.<\/li>\n\n\n\n<li><strong>Seguimiento humano:<\/strong> si el plan cambia (ni\u00f1o dormido, recogida en otra puerta, etc.), nos lo dices y <strong>ajustamos<\/strong>.<\/li>\n<\/ul>\n\n\n\n<blockquote class=\"wp-block-quote is-layout-flow wp-block-quote-is-layout-flow\">\n<p>En ElTaxi 033 funcionamos con <strong>radiotel\u00e9fono 24\/7<\/strong> para Madrid capital y \u00e1rea metropolitana. Nos dices \u201cnecesito sillita\u201d y empezamos a mover piezas al momento.<\/p>\n<\/blockquote>\n\n\n\n<h2 class=\"wp-block-heading\">Tipos de sillas y c\u00f3mo explicarlo en 10 segundos<\/h2>\n\n\n\n<p>No hace falta saberse la jerga t\u00e9cnica, basta con describir <strong>edad\/peso\/altura<\/strong>:<\/p>\n\n\n\n<ul class=\"wp-block-list\">\n<li><strong>Beb\u00e9 (orientada a contramarcha):<\/strong> \u201cTiene <strong>menos de 1 a\u00f1o<\/strong> y va en <strong>maxi-cosi<\/strong> o portabeb\u00e9s\u201d.<\/li>\n\n\n\n<li><strong>Ni\u00f1o peque\u00f1o:<\/strong> \u201cTiene <strong>1 a 4 a\u00f1os<\/strong> aprox., necesitamos <strong>silla con arn\u00e9s<\/strong>\u201d.<\/li>\n\n\n\n<li><strong>Booster\/elevador:<\/strong> \u201cTiene <strong>m\u00e1s de 4\/5 a\u00f1os<\/strong> y usa <strong>alza<\/strong> con cintur\u00f3n del coche\u201d.<\/li>\n<\/ul>\n\n\n\n<p>Si dudas, di: \u201c<strong>Pesa aprox. X kg y mide Y cm<\/strong>\u201d. Con eso, la central clava la elecci\u00f3n. Y si viajan dos peques, av\u00edsalo: <strong>\u201cnecesito dos sillas\u201d<\/strong> (podemos mandar un monovolumen con doble set).<\/p>\n\n\n\n<h2 class=\"wp-block-heading\">Pasos para pedir la silla por el <strong>radio tel\u00e9fono taxi Madrid<\/strong><\/h2>\n\n\n\n<p><\/p>\n\n\n\n<h3 class=\"wp-block-heading\">1) Llama y di lo importante primero<\/h3>\n\n\n\n<p>Empieza por: <strong>\u201cTaxi con silla infantil\u201d<\/strong>. Despu\u00e9s:<\/p>\n\n\n\n<ul class=\"wp-block-list\">\n<li><strong>Punto exacto de recogida<\/strong> (calle y n\u00famero, puerta, hospital, puerta del cole, etc.).<\/li>\n\n\n\n<li><strong>Hora<\/strong> (inmediato o concertado).<\/li>\n\n\n\n<li><strong>Edad\/peso\/altura<\/strong> del peque (o si son dos).<\/li>\n\n\n\n<li><strong>Destino<\/strong> (por c\u00e1lculo de tiempos y mejor ruta).<\/li>\n\n\n\n<li><strong>Extras<\/strong> (carrito plegable, maletas, mascota peque\u00f1a).<\/li>\n<\/ul>\n\n\n\n<h3 class=\"wp-block-heading\">2) Recibe confirmaci\u00f3n de tipo de silla y tiempo<\/h3>\n\n\n\n<p>La operadora te dir\u00e1:<\/p>\n\n\n\n<ul class=\"wp-block-list\">\n<li><strong>Qu\u00e9 silla llevaremos<\/strong> (beb\u00e9, con arn\u00e9s o elevador).<\/li>\n\n\n\n<li><strong>Tiempo estimado<\/strong> de llegada y <strong>matr\u00edcula<\/strong> (si ya asignado).<\/li>\n\n\n\n<li>Si hay <strong>alg\u00fan peque\u00f1o ajuste<\/strong> por log\u00edstica (p. ej., recoger la silla en base m\u00e1s cercana).<\/li>\n<\/ul>\n\n\n\n<h3 class=\"wp-block-heading\">3) Prepara el embarque \u201canti-estr\u00e9s\u201d<\/h3>\n\n\n\n<ul class=\"wp-block-list\">\n<li>Ten <strong>el carrito plegado<\/strong> y a mano.<\/li>\n\n\n\n<li>Quita <strong>abrigos voluminosos<\/strong> antes de abrochar (evita holguras en el arn\u00e9s).<\/li>\n\n\n\n<li>Lleva a mano <strong>chupete\/agua<\/strong> (un ni\u00f1o c\u00f3modo = anclaje r\u00e1pido).<\/li>\n<\/ul>\n\n\n\n<h3 class=\"wp-block-heading\">4) Abrocha sin prisas (de verdad, son 30 segundos)<\/h3>\n\n\n\n<p>Nuestro conductor te ayuda a <strong>verificar el ajuste<\/strong>. Mejor 20 seg m\u00e1s en la acera que un cintur\u00f3n mal puesto.<\/p>\n\n\n\n<h2 class=\"wp-block-heading\">\u00bfCon cu\u00e1nta antelaci\u00f3n conviene pedir?<\/h2>\n\n\n\n<ul class=\"wp-block-list\">\n<li><strong>Inmediato<\/strong>: en barrios c\u00e9ntricos solemos estar <strong>muy cerca<\/strong>, pero la silla puede requerir <strong>1\u20132 coches concretos<\/strong>. En hora punta (7:30\u20139:00, 14:00\u201316:00, 18:30\u201320:00) <strong>llama en cuanto sepas que sales<\/strong>.<\/li>\n\n\n\n<li><strong>Citas m\u00e9dicas\/colegio\/aeropuerto<\/strong>: <strong>reserva con 30\u201360 min<\/strong> (o programa la hora exacta). As\u00ed asignamos el coche ideal y te evitamos apuros.<\/li>\n\n\n\n<li><strong>Eventos<\/strong> (fines de semana, partidos, conciertos): un <strong>margen extra<\/strong> nunca sobra.<\/li>\n<\/ul>\n\n\n\n<blockquote class=\"wp-block-quote is-layout-flow wp-block-quote-is-layout-flow\">\n<p>Truco 033: si vas al <strong>Aeropuerto Adolfo Su\u00e1rez Madrid-Barajas<\/strong> con peques, di <strong>terminal<\/strong> y <strong>hora de vuelo<\/strong>. Nosotros alineamos recogida, tipo de veh\u00edculo y silla para que todo fluya.<\/p>\n<\/blockquote>\n\n\n\n<h2 class=\"wp-block-heading\">\u00bfCuesta m\u00e1s pedir una silla infantil?<\/h2>\n\n\n\n<p>La <strong>transparencia es ley<\/strong> en ElTaxi 033. Si por log\u00edstica hay que <strong>desplazar una silla<\/strong> desde base o asignar un <strong>veh\u00edculo grande<\/strong> (maletas + sillita + carrito), te lo <strong>contamos antes de confirmar<\/strong>. Lo normal:<\/p>\n\n\n\n<ul class=\"wp-block-list\">\n<li>Tarifa <strong>igual<\/strong> al taxi est\u00e1ndar o con <strong>peque\u00f1o ajuste<\/strong> si requiere veh\u00edculo espec\u00edfico.<\/li>\n\n\n\n<li><strong>Precio cerrado<\/strong> cuando sea posible (ruta y paradas claras).<\/li>\n<\/ul>\n\n\n\n<p>Lo importante: lo sabr\u00e1s <strong>antes<\/strong> de decir \u201cs\u00ed\u201d.<\/p>\n\n\n\n<h2 class=\"wp-block-heading\">Seguridad y normativa: lo esencial sin jerga legal<\/h2>\n\n\n\n<p>La prioridad es que tu peque viaje <strong>en un sistema de retenci\u00f3n infantil homologado<\/strong> y <strong>correctamente ajustado<\/strong>. Las normas pueden <strong>cambiar<\/strong> y hay <strong>matices<\/strong> seg\u00fan trayecto, as\u00ed que siempre:<\/p>\n\n\n\n<ul class=\"wp-block-list\">\n<li>Ind\u00edcanos <strong>edad\/altura<\/strong> y nosotros ponemos la silla <strong>adecuada<\/strong>.<\/li>\n\n\n\n<li>Aseg\u00farate de que el arn\u00e9s <strong>queda ajustado<\/strong> (ni flojo ni apretando chaqueta).<\/li>\n\n\n\n<li>Evita abrigos gruesos <strong>dentro<\/strong> de la silla; mejor ponerlos <strong>encima<\/strong> despu\u00e9s.<\/li>\n<\/ul>\n\n\n\n<p>Si prefieres <strong>usar tu propia silla<\/strong>, av\u00edsanos: enviamos coche <strong>compatible<\/strong> y te ayudamos a montarla con mimo. Lo importante es que tengas una buena <a href=\"https:\/\/eltaxi033.com\/madrid\/blog\/radio-telefono-taxi-madrid-pros-contras\/\">experiencia con nuestro radiotel\u00e9fono taxi en Madrid<\/a>.<\/p>\n\n\n\n<h2 class=\"wp-block-heading\">Casos reales donde pedir por radio te salva la ma\u00f1ana<\/h2>\n\n\n\n<ul class=\"wp-block-list\">\n<li><strong>Cole-trabajo<\/strong>: \u201cRecojo al peque en el cole y directo a Atocha\u201d. En radio bloqueamos <strong>veh\u00edculo amplio<\/strong>, <strong>silla<\/strong> y <strong>maletero<\/strong> listo para mochila + patinete.<\/li>\n\n\n\n<li><strong>Urgencia pedi\u00e1trica<\/strong>: \u201cVamos a urgencias, es de noche\u201d. El operador prioriza la <strong>cercan\u00eda<\/strong> y el <strong>tipo de silla<\/strong> adecuado.<\/li>\n\n\n\n<li><strong>Fin de semana con planes<\/strong>: Zoo, parque de atracciones, cine en centro comercial\u2026 pedimos <strong>punto de recogida exacto<\/strong> (Puerta 5, Salida Norte\u2026) y listo.<\/li>\n<\/ul>\n\n\n\n<h2 class=\"wp-block-heading\">Qu\u00e9 pasa si no hay silla en tu zona (plan B r\u00e1pido)<\/h2>\n\n\n\n<p>A veces un coche con sillita est\u00e1 <strong>a 10\u201315 min<\/strong>. Te damos opciones:<\/p>\n\n\n\n<ul class=\"wp-block-list\">\n<li><strong>Esperar<\/strong> a ese coche (con tiempo real).<\/li>\n\n\n\n<li>Enviar <strong>veh\u00edculo cercano<\/strong> y que <strong>carguemos tu propia silla<\/strong> (si la tienes).<\/li>\n\n\n\n<li>Ajustar la <strong>hora<\/strong> 10 min para que coincida la sillita que vuelve de otro servicio.<\/li>\n<\/ul>\n\n\n\n<p>Siempre decides t\u00fa.<\/p>\n\n\n\n<h2 class=\"wp-block-heading\">Consejos de \u201cfamilias que ya se lo saben\u201d<\/h2>\n\n\n\n<figure class=\"wp-block-image size-large\"><img wpfc-lazyload-disable=\"true\" decoding=\"async\" width=\"1024\" height=\"683\" src=\"https:\/\/eltaxi033.com\/madrid\/wp-content\/uploads\/sites\/3\/2025\/09\/familia-en-el-campo-1024x683.webp\" alt=\"familia en el campo\" class=\"wp-image-2149\" srcset=\"https:\/\/eltaxi033.com\/madrid\/wp-content\/uploads\/sites\/3\/2025\/09\/familia-en-el-campo-1024x683.webp 1024w, https:\/\/eltaxi033.com\/madrid\/wp-content\/uploads\/sites\/3\/2025\/09\/familia-en-el-campo-300x200.webp 300w, https:\/\/eltaxi033.com\/madrid\/wp-content\/uploads\/sites\/3\/2025\/09\/familia-en-el-campo-768x512.webp 768w, https:\/\/eltaxi033.com\/madrid\/wp-content\/uploads\/sites\/3\/2025\/09\/familia-en-el-campo-1536x1024.webp 1536w, https:\/\/eltaxi033.com\/madrid\/wp-content\/uploads\/sites\/3\/2025\/09\/familia-en-el-campo-2048x1365.webp 2048w\" sizes=\"(max-width: 1024px) 100vw, 1024px\" \/><\/figure>\n\n\n\n<ul class=\"wp-block-list\">\n<li>Prepara una <strong>bolsita mini<\/strong> con toallitas y agua. Ocupa nada y <strong>salva<\/strong> atascos.<\/li>\n\n\n\n<li><strong>Etiqueta<\/strong> tu carrito (nombre y tel\u00e9fono). En centros comerciales es oro.<\/li>\n\n\n\n<li>Si el peque se marea, <strong>ventanas traseras<\/strong> entreabiertas y m\u00fasica tranquila bajita.<\/li>\n\n\n\n<li>Para peques curiosos: \u201c<strong>Vamos en el taxi de ElTaxi 033, el de la sillita chula<\/strong>\u201d. Mano de santo \ud83d\ude09<\/li>\n<\/ul>\n\n\n\n<h2 class=\"wp-block-heading\">Qu\u00e9 nos puedes pedir <strong>adem\u00e1s<\/strong> por el radio tel\u00e9fono taxi Madrid<\/h2>\n\n\n\n<ul class=\"wp-block-list\">\n<li><strong>Veh\u00edculo monovolumen<\/strong> si vais 2 adultos + 2 peques + carrito doble.<\/li>\n\n\n\n<li><strong>Dos sillas<\/strong> (av\u00edsalo en la llamada).<\/li>\n\n\n\n<li><strong>Recogida con cartel<\/strong> en aeropuerto\/AVE (comod\u00edsimo con ni\u00f1os).<\/li>\n\n\n\n<li><strong>Ruta con parada<\/strong> para dejar a un peque primero y seguir al segundo destino.<\/li>\n<\/ul>\n\n\n\n<p>El objetivo: que tu trayecto con peques sea <strong>predecible<\/strong> y <strong>c\u00f3modo<\/strong>.<\/p>\n\n\n\n<h2 class=\"wp-block-heading\">Checklist expr\u00e9s para la llamada<\/h2>\n\n\n\n<ol class=\"wp-block-list\">\n<li><strong>\u201cTaxi con silla infantil\u201d<\/strong> nada m\u00e1s descolgar.<\/li>\n\n\n\n<li>Direcci\u00f3n exacta, <strong>hora<\/strong> y <strong>destino<\/strong>.<\/li>\n\n\n\n<li><strong>Edad\/peso\/altura<\/strong> del peque (o peques).<\/li>\n\n\n\n<li>Di si llevas <strong>carrito<\/strong> o muchas <strong>maletas<\/strong>.<\/li>\n\n\n\n<li>Pregunta por la <strong>estimaci\u00f3n de llegada<\/strong> y confirmaci\u00f3n del <strong>tipo de silla<\/strong>.<\/li>\n<\/ol>\n\n\n\n<p>Gu\u00e1rdate esta lista en notas del m\u00f3vil y listo para la pr\u00f3xima.<\/p>\n\n\n\n<h2 class=\"wp-block-heading\">En resumen: con ElTaxi 033, sillita y marcha<\/h2>\n\n\n\n<figure class=\"wp-block-image size-large\"><img wpfc-lazyload-disable=\"true\" decoding=\"async\" width=\"1024\" height=\"683\" src=\"https:\/\/eltaxi033.com\/madrid\/wp-content\/uploads\/sites\/3\/2025\/09\/placa-del-ajuntament-en-valencia-espana-1024x683.webp\" alt=\"placa del ajuntament en valencia espana\" class=\"wp-image-2148\" srcset=\"https:\/\/eltaxi033.com\/madrid\/wp-content\/uploads\/sites\/3\/2025\/09\/placa-del-ajuntament-en-valencia-espana-1024x683.webp 1024w, https:\/\/eltaxi033.com\/madrid\/wp-content\/uploads\/sites\/3\/2025\/09\/placa-del-ajuntament-en-valencia-espana-300x200.webp 300w, https:\/\/eltaxi033.com\/madrid\/wp-content\/uploads\/sites\/3\/2025\/09\/placa-del-ajuntament-en-valencia-espana-768x512.webp 768w, https:\/\/eltaxi033.com\/madrid\/wp-content\/uploads\/sites\/3\/2025\/09\/placa-del-ajuntament-en-valencia-espana-1536x1024.webp 1536w, https:\/\/eltaxi033.com\/madrid\/wp-content\/uploads\/sites\/3\/2025\/09\/placa-del-ajuntament-en-valencia-espana-2048x1365.webp 2048w\" sizes=\"(max-width: 1024px) 100vw, 1024px\" \/><\/figure>\n\n\n\n<p>Pedir una silla infantil por el <strong><a href=\"https:\/\/eltaxi033.com\/madrid\/\">radio tel\u00e9fono taxi Madrid<\/a><\/strong> es tan simple como <strong>decirlo claro, dar los datos clave y dejar que la central haga magia<\/strong>. En <strong>ElTaxi 033<\/strong> tenemos experiencia diaria con familias, colegios, pediatras, aeropuertos y planes de finde. Sabemos que cuando viajas con peques <strong>no hay margen para improvisar<\/strong>: por eso <strong>te confirmamos la silla<\/strong>, <strong>ajustamos el coche<\/strong> y <strong>cumplimos tiempos<\/strong>.<\/p>\n\n\n\n<p>\u00bfLo probamos hoy? Llama a la <strong>central de ElTaxi 033<\/strong>, pide <strong>\u201ctaxi con silla infantil\u201d<\/strong>, y sal de casa con la tranquilidad de que <strong>todo est\u00e1 pensado para tu peque<\/strong>\u2026 y para ti.<\/p>\n\n\n\n<h2 class=\"wp-block-heading\">Preguntas frecuentes que deber\u00edas saber<\/h2>\n\n\n\n<h3 class=\"wp-block-heading\"><strong>1) \u00bfPuedo reservar con antelaci\u00f3n la sillita?<\/strong><\/h3>\n\n\n\n<p>S\u00ed, indica hora, punto de recogida y perfil del peque; te confirmamos coche y estimaci\u00f3n.<\/p>\n\n\n\n<h3 class=\"wp-block-heading\"><strong>2) \u00bfQu\u00e9 tipo de silla llev\u00e1is?<\/strong><\/h3>\n\n\n\n<p>Seg\u00fan la edad\/altura\/peso: contramarcha para beb\u00e9, silla con arn\u00e9s o elevador.<\/p>\n\n\n\n<h3 class=\"wp-block-heading\"><strong>3) \u00bfHay suplemento por usar silla?<\/strong><\/h3>\n\n\n\n<p>Solo si requiere log\u00edstica especial o monovolumen; se informa <strong>antes<\/strong> de confirmar.<\/p>\n\n\n\n<h3 class=\"wp-block-heading\"><strong>4) \u00bfPuedo usar mi propia silla?<\/strong><\/h3>\n\n\n\n<p>Claro. Enviamos coche compatible y te ayudamos a fijarla correctamente.<\/p>\n\n\n\n<h3 class=\"wp-block-heading\"><strong>5) \u00bfAdmit\u00eds dos sillas y carrito?<\/strong><\/h3>\n\n\n\n<p>S\u00ed. Con monovolumen cabe todo; ind\u00edcalo en la solicitud por radiotel\u00e9fono.<\/p>\n\n\n\n<script type=\"application\/ld+json\">\n{\n  \"@context\": \"https:\/\/schema.org\",\n  \"@type\": \"FAQPage\",\n  \"mainEntity\": [\n    {\n      \"@type\": \"Question\",\n      \"name\": \"\u00bfPuedo reservar con antelaci\u00f3n la sillita?\",\n      \"acceptedAnswer\": {\n        \"@type\": \"Answer\",\n        \"text\": \"S\u00ed. Indica hora, punto de recogida y edad\/peso\/altura del peque. La central asigna veh\u00edculo con sillita y te confirma el tiempo estimado.\"\n      }\n    },\n    {\n      \"@type\": \"Question\",\n      \"name\": \"\u00bfQu\u00e9 tipo de silla llev\u00e1is?\",\n      \"acceptedAnswer\": {\n        \"@type\": \"Answer\",\n        \"text\": \"Adaptamos la silla al menor: contramarcha para beb\u00e9, silla con arn\u00e9s para peque y elevador para mayores. Se decide seg\u00fan edad, altura y peso.\"\n      }\n    },\n    {\n      \"@type\": \"Question\",\n      \"name\": \"\u00bfHay suplemento por usar silla?\",\n      \"acceptedAnswer\": {\n        \"@type\": \"Answer\",\n        \"text\": \"La tarifa es la habitual salvo log\u00edstica especial o necesidad de monovolumen. Cualquier ajuste se comunica antes de confirmar el servicio.\"\n      }\n    },\n    {\n      \"@type\": \"Question\",\n      \"name\": \"\u00bfPuedo usar mi propia silla?\",\n      \"acceptedAnswer\": {\n        \"@type\": \"Answer\",\n        \"text\": \"S\u00ed. Podemos enviar un coche compatible y ayudarte a instalarla de forma segura antes de iniciar el trayecto.\"\n      }\n    },\n    {\n      \"@type\": \"Question\",\n      \"name\": \"\u00bfAdmit\u00eds dos sillas y carrito?\",\n      \"acceptedAnswer\": {\n        \"@type\": \"Answer\",\n        \"text\": \"S\u00ed, con monovolumen caben dos sillas y carrito plegado. Ind\u00edcalo en la solicitud por radiotel\u00e9fono para asignar el veh\u00edculo adecuado.\"\n      }\n    }\n  ]\n}\n<\/script>\n","protected":false,"gt_translate_keys":[{"key":"rendered","format":"html"}]},"excerpt":{"rendered":"<p>Cuando viajas con peques, cada minuto cuenta: abrigos que no aparecen, biberones a medio preparar, mochilas del cole\u2026 y encima, el transporte. En ElTaxi 033 lo tenemos m\u00e1s que claro: si te mueves por Madrid con ni\u00f1os, pedir un taxi con silla infantil no deber\u00eda ser un drama, sino un \u201clo tengo resuelto\u201d de manual. [&hellip;]<\/p>\n","protected":false,"gt_translate_keys":[{"key":"rendered","format":"html"}]},"author":3,"featured_media":2147,"comment_status":"closed","ping_status":"open","sticky":false,"template":"","format":"standard","meta":{"_joinchat":[],"footnotes":""},"categories":[1],"tags":[],"class_list":["post-2146","post","type-post","status-publish","format-standard","has-post-thumbnail","hentry","category-sin-categoria"],"gt_translate_keys":[{"key":"link","format":"url"}],"_links":{"self":[{"href":"https:\/\/eltaxi033.com\/madrid\/wp-json\/wp\/v2\/posts\/2146","targetHints":{"allow":["GET"]}}],"collection":[{"href":"https:\/\/eltaxi033.com\/madrid\/wp-json\/wp\/v2\/posts"}],"about":[{"href":"https:\/\/eltaxi033.com\/madrid\/wp-json\/wp\/v2\/types\/post"}],"author":[{"embeddable":true,"href":"https:\/\/eltaxi033.com\/madrid\/wp-json\/wp\/v2\/users\/3"}],"replies":[{"embeddable":true,"href":"https:\/\/eltaxi033.com\/madrid\/wp-json\/wp\/v2\/comments?post=2146"}],"version-history":[{"count":2,"href":"https:\/\/eltaxi033.com\/madrid\/wp-json\/wp\/v2\/posts\/2146\/revisions"}],"predecessor-version":[{"id":2153,"href":"https:\/\/eltaxi033.com\/madrid\/wp-json\/wp\/v2\/posts\/2146\/revisions\/2153"}],"wp:featuredmedia":[{"embeddable":true,"href":"https:\/\/eltaxi033.com\/madrid\/wp-json\/wp\/v2\/media\/2147"}],"wp:attachment":[{"href":"https:\/\/eltaxi033.com\/madrid\/wp-json\/wp\/v2\/media?parent=2146"}],"wp:term":[{"taxonomy":"category","embeddable":true,"href":"https:\/\/eltaxi033.com\/madrid\/wp-json\/wp\/v2\/categories?post=2146"},{"taxonomy":"post_tag","embeddable":true,"href":"https:\/\/eltaxi033.com\/madrid\/wp-json\/wp\/v2\/tags?post=2146"}],"curies":[{"name":"wp","href":"https:\/\/api.w.org\/{rel}","templated":true}]}}