{"id":2139,"date":"2025-09-18T19:14:10","date_gmt":"2025-09-18T17:14:10","guid":{"rendered":"https:\/\/eltaxi033.com\/madrid\/?p=2139"},"modified":"2025-09-18T19:14:14","modified_gmt":"2025-09-18T17:14:14","slug":"la-tarifa-taxi-aeropuerto-madrid","status":"publish","type":"post","link":"https:\/\/eltaxi033.com\/madrid\/blog\/la-tarifa-taxi-aeropuerto-madrid\/","title":{"rendered":"Qu\u00e9 incluye la tarifa taxi aeropuerto Madrid y cu\u00e1ndo cambia","gt_translate_keys":[{"key":"rendered","format":"text"}]},"content":{"rendered":"\n<p>En ElTaxi 033 nos lo preguntan a diario: \u201c\u00bfQu\u00e9 entra en la <strong><a href=\"https:\/\/eltaxi033.com\/madrid\/taxi-aeropuerto-madrid\/\" data-type=\"link\" data-id=\"https:\/\/eltaxi033.com\/madrid\/taxi-aeropuerto-madrid\/\">tarifa taxi aeropuerto Madrid<\/a><\/strong> y en qu\u00e9 casos me van a cobrar diferente?\u201d. Aqu\u00ed te lo contamos con cero rodeos, ejemplos del d\u00eda a d\u00eda y los truquitos para que no te lleves sorpresas al ir o volver de Barajas.<\/p>\n\n\n\n<figure class=\"wp-block-image size-large\"><img wpfc-lazyload-disable=\"true\" fetchpriority=\"high\" decoding=\"async\" width=\"1024\" height=\"683\" src=\"https:\/\/eltaxi033.com\/madrid\/wp-content\/uploads\/sites\/3\/2025\/09\/pareja-de-tiro-completo-caminando-con-equipaje-1024x683.webp\" alt=\"pareja de tiro completo caminando con equipaje\" class=\"wp-image-2142\" srcset=\"https:\/\/eltaxi033.com\/madrid\/wp-content\/uploads\/sites\/3\/2025\/09\/pareja-de-tiro-completo-caminando-con-equipaje-1024x683.webp 1024w, https:\/\/eltaxi033.com\/madrid\/wp-content\/uploads\/sites\/3\/2025\/09\/pareja-de-tiro-completo-caminando-con-equipaje-300x200.webp 300w, https:\/\/eltaxi033.com\/madrid\/wp-content\/uploads\/sites\/3\/2025\/09\/pareja-de-tiro-completo-caminando-con-equipaje-768x512.webp 768w, https:\/\/eltaxi033.com\/madrid\/wp-content\/uploads\/sites\/3\/2025\/09\/pareja-de-tiro-completo-caminando-con-equipaje-1536x1024.webp 1536w, https:\/\/eltaxi033.com\/madrid\/wp-content\/uploads\/sites\/3\/2025\/09\/pareja-de-tiro-completo-caminando-con-equipaje-2048x1366.webp 2048w\" sizes=\"(max-width: 1024px) 100vw, 1024px\" \/><\/figure>\n\n\n\n<h2 class=\"wp-block-heading\">Lo esencial: la tarifa fija del aeropuerto (Tarifa 4)<\/h2>\n\n\n\n<p>La <strong>tarifa fija<\/strong> es la reina del aeropuerto. Se aplica <strong>las 24 horas, todos los d\u00edas del a\u00f1o<\/strong>, para trayectos <strong>entre el Aeropuerto Adolfo Su\u00e1rez Madrid-Barajas y cualquier direcci\u00f3n dentro de la M-30<\/strong>. El precio es <strong>33 \u20ac<\/strong> y <strong>no admite suplementos<\/strong> (ni nocturno, ni maletas, ni festivos, ni \u201creserva\u201d). Es precio cerrado y punto.<\/p>\n\n\n\n<h3 class=\"wp-block-heading\">\u00bfQu\u00e9 incluye exactamente?<\/h3>\n\n\n\n<ul class=\"wp-block-list\">\n<li><strong>Todo el trayecto<\/strong> entre el aeropuerto y tu destino <strong>dentro de la M-30<\/strong> por <strong>33 \u20ac<\/strong>.<\/li>\n\n\n\n<li><strong>Sin recargos<\/strong> por equipaje, noche, festivos o recogida concertada. La propia norma dice que esta tarifa no admite la suma de ning\u00fan suplemento ni de la cuant\u00eda fijada para los servicios concertados.<\/li>\n\n\n\n<li><strong>Itinerario directo<\/strong>: el conductor debe ir por el recorrido m\u00e1s directo o adecuado. No se contemplan esperas ni paradas intermedias salvo las imprescindibles para subir o bajar pasajeros dentro del itinerario. Si te desv\u00edas fuera del recorrido directo, <strong>la primera parada dentro de la M-30<\/strong> puede considerarse <strong>final del trayecto<\/strong>.<\/li>\n<\/ul>\n\n\n\n<blockquote class=\"wp-block-quote is-layout-flow wp-block-quote-is-layout-flow\">\n<p>Ejemplos reales de calle: T4 \u2192 Gran V\u00eda (dentro M-30): <strong>33 \u20ac<\/strong>.<br>T1 \u2192 La Latina: <strong>33 \u20ac<\/strong>.<br>T2 \u2192 Museo del Prado: <strong>33 \u20ac<\/strong>. Maletas, horarios y tr\u00e1fico no cambian ese importe.<\/p>\n<\/blockquote>\n\n\n\n<h3 class=\"wp-block-heading\">Si el viaje es concertado y t\u00fa no est\u00e1s en el punto de encuentro<\/h3>\n\n\n\n<p>En servicios <strong>precontratados<\/strong>, si el\/la pasajero\/a <strong>no est\u00e1 a la hora pactada<\/strong>, el tax\u00edmetro puede <strong>empezar a computar por tiempo<\/strong> hasta que llegues y <strong>luego<\/strong> se aplica la Tarifa Fija. Es decir, la espera previa s\u00ed puede contar aparte, pero <strong>el traslado<\/strong> seguir\u00e1 siendo <strong>33 \u20ac<\/strong> si es interior M-30.<\/p>\n\n\n\n<h2 class=\"wp-block-heading\">\u00bfCu\u00e1ndo <strong>cambia<\/strong> la tarifa?<\/h2>\n\n\n\n<p>La <strong><a href=\"https:\/\/eltaxi033.com\/madrid\/taxi-aeropuerto-madrid\/\" data-type=\"link\" data-id=\"https:\/\/eltaxi033.com\/madrid\/taxi-aeropuerto-madrid\/\">tarifa taxi aeropuerto Madrid<\/a><\/strong> cambia cuando <strong>no<\/strong> estamos en el supuesto de Tarifa 4. Las casu\u00edsticas m\u00e1s t\u00edpicas son estas:<\/p>\n\n\n\n<figure class=\"wp-block-image size-large\"><img wpfc-lazyload-disable=\"true\" decoding=\"async\" width=\"1024\" height=\"683\" src=\"https:\/\/eltaxi033.com\/madrid\/wp-content\/uploads\/sites\/3\/2025\/09\/par-consultar-gps-mientras-viaja-1024x683.webp\" alt=\"par consultar gps mientras viaja\" class=\"wp-image-2144\" srcset=\"https:\/\/eltaxi033.com\/madrid\/wp-content\/uploads\/sites\/3\/2025\/09\/par-consultar-gps-mientras-viaja-1024x683.webp 1024w, https:\/\/eltaxi033.com\/madrid\/wp-content\/uploads\/sites\/3\/2025\/09\/par-consultar-gps-mientras-viaja-300x200.webp 300w, https:\/\/eltaxi033.com\/madrid\/wp-content\/uploads\/sites\/3\/2025\/09\/par-consultar-gps-mientras-viaja-768x512.webp 768w, https:\/\/eltaxi033.com\/madrid\/wp-content\/uploads\/sites\/3\/2025\/09\/par-consultar-gps-mientras-viaja-1536x1024.webp 1536w, https:\/\/eltaxi033.com\/madrid\/wp-content\/uploads\/sites\/3\/2025\/09\/par-consultar-gps-mientras-viaja-2048x1365.webp 2048w\" sizes=\"(max-width: 1024px) 100vw, 1024px\" \/><\/figure>\n\n\n\n<h3 class=\"wp-block-heading\">1) Destino <strong>fuera<\/strong> de la M-30 saliendo <strong>desde la parada oficial del aeropuerto<\/strong> (Tarifa 3)<\/h3>\n\n\n\n<ul class=\"wp-block-list\">\n<li>Aplica una <strong>carrera m\u00ednima de 22 \u20ac<\/strong> que cubre <strong>hasta 9 km<\/strong> de recorrido (o tiempo equivalente).<\/li>\n\n\n\n<li><strong>Superados los 9 km<\/strong>, el tax\u00edmetro sigue en la <strong>tarifa normal<\/strong> que corresponda por d\u00eda y hora (Tarifa 1 o 2).<\/li>\n\n\n\n<li><strong>Importante<\/strong>: esta <strong>Tarifa 3 no se aplica<\/strong> si el servicio <strong>ha sido precontratado<\/strong> por tel\u00e9fono, radioemisora o medios telem\u00e1ticos. Para precontratados, se utiliza la tarifa por tax\u00edmetro (1\/2) desde el inicio.<\/li>\n<\/ul>\n\n\n\n<blockquote class=\"wp-block-quote is-layout-flow wp-block-quote-is-layout-flow\">\n<p>Ejemplo: T4 \u2192 Campo de las Naciones (fuera M-30 y cerca). Si sales de la <strong>parada de taxi del aeropuerto<\/strong>, probablemente entres en la <strong>carrera m\u00ednima de 22 \u20ac<\/strong> si el trayecto es menor de 9 km. Si son m\u00e1s de 9 km, el importe seguir\u00e1 subiendo con la tarifa ordinaria.<\/p>\n<\/blockquote>\n\n\n\n<h3 class=\"wp-block-heading\">2) Viajes <strong>precontratados<\/strong> (reserva previa) <strong>fuera<\/strong> de la M-30<\/h3>\n\n\n\n<ul class=\"wp-block-list\">\n<li>No hay Tarifa 3. Se aplica <strong>Tarifa 1 o 2<\/strong> (seg\u00fan franja horaria) desde el aeropuerto hasta tu destino.<\/li>\n\n\n\n<li>Puede existir una <strong>cuant\u00eda de recogida<\/strong> por el servicio concertado, con <strong>l\u00edmite m\u00e1ximo de 5 \u20ac<\/strong> (y nunca inferior al \u201cinicio de servicio\u201d). <strong>Ojo<\/strong>: <strong>esta cuant\u00eda no se suma cuando aplica Tarifa 4<\/strong>.<\/li>\n<\/ul>\n\n\n\n<h3 class=\"wp-block-heading\">3) Vuelves <strong>al aeropuerto<\/strong> desde la ciudad<\/h3>\n\n\n\n<ul class=\"wp-block-list\">\n<li><strong>Si sales de dentro de la M-30<\/strong>, el trayecto de vuelta al aeropuerto <strong>tambi\u00e9n es Tarifa 4: 33 \u20ac sin suplementos<\/strong>.<\/li>\n\n\n\n<li><strong>Si sales de fuera de la M-30<\/strong>, ir\u00e1s por <strong>tax\u00edmetro<\/strong> (Tarifa 1 o 2) y, si te recogen en parada del aeropuerto no aplica porque vas al aeropuerto (esto es solo a la ida desde aeropuerto).<\/li>\n<\/ul>\n\n\n\n<h3 class=\"wp-block-heading\">4) Suplementos especiales<\/h3>\n\n\n\n<p>Solo existe un suplemento oficial en todo Madrid: <strong>la noche del 24 y 31 de diciembre (de 21:00 a 07:00)<\/strong>, <strong>6,70 \u20ac<\/strong>\u2026 <strong>que no se aplica<\/strong> a la Tarifa 4. Para el resto de d\u00edas, <strong>no hay suplementos<\/strong> de maletas, nocturno ni festivos urbanos.<\/p>\n\n\n\n<h2 class=\"wp-block-heading\">C\u00f3mo comprobar que te est\u00e1n aplicando la tarifa correcta<\/h2>\n\n\n\n<p>Muy sencillo: <strong>en el m\u00f3dulo del taxi aparece el n\u00famero de tarifa<\/strong> activo (1, 2, 3, 4 o 7). Si vas del aeropuerto a una direcci\u00f3n <strong>dentro de la M-30<\/strong>, debe mostrarse <strong>\u201c4\u201d<\/strong>. Si ves otra cosa, pregunta sin miedo: es tu derecho.<\/p>\n\n\n\n<h2 class=\"wp-block-heading\">Trucos pr\u00e1cticos de gente que viaja (y de quienes conducimos)<\/h2>\n\n\n\n<ul class=\"wp-block-list\">\n<li><strong>Verifica si tu destino est\u00e1 dentro de la M-30<\/strong>. Si lo est\u00e1, te toca <strong>Tarifa 4 (33 \u20ac)<\/strong> s\u00ed o s\u00ed. Si no lo est\u00e1 y sales <strong>desde la parada<\/strong> del aeropuerto y es cerca (menos de 9 km), puede convenirte que te cobren la <strong>carrera m\u00ednima (22 \u20ac)<\/strong>.<\/li>\n\n\n\n<li><strong>Evita paradas fuera del itinerario<\/strong> cuando vas con Tarifa 4: pedir \u201cun salto hasta tal sitio fuera de camino\u201d puede convertir esa parada en <strong>final<\/strong> del trayecto. Si necesitas parar, que sea breve y <strong>en el recorrido directo<\/strong>.<\/li>\n\n\n\n<li><strong>Pide ticket con IVA<\/strong>. Debe figurar en el tique; te sirve para justificar gastos y para reclamar si hiciera falta.<\/li>\n<\/ul>\n\n\n\n<h2 class=\"wp-block-heading\">\u00bfY la famosa \u201cTarifa 7\u201d?<\/h2>\n\n\n\n<p>No es del aeropuerto, pero se oye mucho. Es una <strong>tarifa especial para trayectos muy cortos (\u2264 1.450 m)<\/strong> en <strong>Atocha, Chamart\u00edn, Avda. de Am\u00e9rica, M\u00e9ndez \u00c1lvaro y el recinto ferial Juan Carlos I<\/strong>. <strong>No se aplica<\/strong> a servicios <strong>precontratados<\/strong> ni a <strong>estaciones \u2192 aeropuerto<\/strong> (ah\u00ed manda la Tarifa 4). Lo comentamos por si te lo nombran al enlazar tren-avi\u00f3n.<\/p>\n\n\n\n<figure class=\"wp-block-image size-large\"><img wpfc-lazyload-disable=\"true\" decoding=\"async\" width=\"1024\" height=\"630\" src=\"https:\/\/eltaxi033.com\/madrid\/wp-content\/uploads\/sites\/3\/2025\/09\/la-empresaria-viajando-en-automovil-en-el-asiento-trasero-leyendo-un-mensaje-de-texto-en-el-telefono-inteligente-mientras-conduce-en-la-reunion-2-1024x630.webp\" alt=\"la empresaria viajando en automovil en el asiento trasero leyendo un mensaje de texto en el telefono inteligente mientras conduce en la reunion\" class=\"wp-image-2143\" srcset=\"https:\/\/eltaxi033.com\/madrid\/wp-content\/uploads\/sites\/3\/2025\/09\/la-empresaria-viajando-en-automovil-en-el-asiento-trasero-leyendo-un-mensaje-de-texto-en-el-telefono-inteligente-mientras-conduce-en-la-reunion-2-1024x630.webp 1024w, https:\/\/eltaxi033.com\/madrid\/wp-content\/uploads\/sites\/3\/2025\/09\/la-empresaria-viajando-en-automovil-en-el-asiento-trasero-leyendo-un-mensaje-de-texto-en-el-telefono-inteligente-mientras-conduce-en-la-reunion-2-300x184.webp 300w, https:\/\/eltaxi033.com\/madrid\/wp-content\/uploads\/sites\/3\/2025\/09\/la-empresaria-viajando-en-automovil-en-el-asiento-trasero-leyendo-un-mensaje-de-texto-en-el-telefono-inteligente-mientras-conduce-en-la-reunion-2-768x472.webp 768w, https:\/\/eltaxi033.com\/madrid\/wp-content\/uploads\/sites\/3\/2025\/09\/la-empresaria-viajando-en-automovil-en-el-asiento-trasero-leyendo-un-mensaje-de-texto-en-el-telefono-inteligente-mientras-conduce-en-la-reunion-2-1536x944.webp 1536w, https:\/\/eltaxi033.com\/madrid\/wp-content\/uploads\/sites\/3\/2025\/09\/la-empresaria-viajando-en-automovil-en-el-asiento-trasero-leyendo-un-mensaje-de-texto-en-el-telefono-inteligente-mientras-conduce-en-la-reunion-2-2048x1259.webp 2048w\" sizes=\"(max-width: 1024px) 100vw, 1024px\" \/><figcaption class=\"wp-element-caption\">la empresaria viajando en automovil en el asiento trasero leyendo un mensaje de texto en el telefono inteligente mientras conduce en la reunion<\/figcaption><\/figure>\n\n\n\n<h2 class=\"wp-block-heading\">As\u00ed trabajamos en <strong>ElTaxi 033<\/strong><\/h2>\n\n\n\n<ul class=\"wp-block-list\">\n<li><strong>Transparencia total<\/strong>: cuando te corresponde <strong>tarifa fija<\/strong> (33 \u20ac dentro de M-30), te lo mostramos tal cual en la confirmaci\u00f3n. <strong>Sin suplementos<\/strong> ni letra peque\u00f1a.<\/li>\n\n\n\n<li><strong>Seguimiento de vuelos<\/strong>: si tu vuelo se retrasa, ajustamos la recogida. Y si has pactado una hora concreta y a\u00fan no has salido, te avisamos de que la <strong>espera<\/strong> puede empezar a computar (tal y como permite la norma en precontratados) hasta que te subas, y luego aplicamos la Tarifa 4 si corresponde.<\/li>\n\n\n\n<li><strong>Rutas inteligentes<\/strong>: elegimos el <strong>itinerario m\u00e1s directo<\/strong> para cumplir la norma y ahorrarte tiempo. Si nos pides una parada para dejar llaves a un amigo <strong>en ruta<\/strong>, perfecto; si es fuera del recorrido directo, te explicamos el impacto <strong>antes<\/strong> de movernos, o si deseas <a href=\"https:\/\/eltaxi033.com\/madrid\/blog\/cuanto-taxi-aeropuerto-madrid-centro\/\" data-type=\"link\" data-id=\"https:\/\/eltaxi033.com\/madrid\/blog\/cuanto-taxi-aeropuerto-madrid-centro\/\">movilizarte del aeropuerto de Madrid al centro<\/a> tambi\u00e9n podemos realizar el viaje.<\/li>\n<\/ul>\n\n\n\n<h2 class=\"wp-block-heading\">Resumen para guardarte<\/h2>\n\n\n\n<ul class=\"wp-block-list\">\n<li><strong>\u201cDentro M-30 \u2194 Aeropuerto\u201d = 33 \u20ac<\/strong> sin extras (Tarifa 4).<\/li>\n\n\n\n<li><strong>\u201cAeropuerto \u2192 fuera M-30\u201d<\/strong>: si sales de <strong>parada<\/strong> y es <strong>&lt; 9 km<\/strong>, <strong>m\u00ednimo 22 \u20ac<\/strong> (Tarifa 3); despu\u00e9s, sigue por tarifa normal. <strong>No<\/strong> vale para precontratados.<\/li>\n\n\n\n<li><strong>Reserva\/recogida<\/strong>: puede haber <strong>hasta 5 \u20ac<\/strong> de cuant\u00eda de recogida en servicios concertados (excepto cuando aplica Tarifa 4).<\/li>\n\n\n\n<li><strong>\u00danico suplemento oficial<\/strong>: <strong>Nochebuena\/Nochevieja<\/strong> (21:00\u201307:00), <strong>6,70 \u20ac<\/strong> (no en Tarifa 4).<\/li>\n<\/ul>\n\n\n\n<h2 class=\"wp-block-heading\">Conclusi\u00f3n<\/h2>\n\n\n\n<p>Si te quedas con una sola idea, que sea esta: <strong>saber si tu destino est\u00e1 dentro o fuera de la M-30 cambia completamente el precio<\/strong>. Dentro, la cosa es clara: <strong>33 \u20ac cerrados sin extras<\/strong>. Fuera, depende de si sales de <strong>parada del aeropuerto<\/strong> (puede aplicar la <strong>carrera m\u00ednima de 22 \u20ac hasta 9 km<\/strong>) o si el servicio est\u00e1 <strong>precontratado<\/strong> (ah\u00ed mandar\u00edan <strong>Tarifa 1 o 2<\/strong>). Con estas reglas en la cabeza, evitar\u00e1s sorpresas y podr\u00e1s decidir mejor c\u00f3mo moverte con nuestra <a href=\"https:\/\/eltaxi033.com\/madrid\/taxi-aeropuerto-madrid\/\" data-type=\"link\" data-id=\"https:\/\/eltaxi033.com\/madrid\/taxi-aeropuerto-madrid\/\"><strong>tarifa taxi aeropuerto Madrid<\/strong>.<\/a><\/p>\n\n\n\n<p>En <strong>ElTaxi 033<\/strong> nos gusta dejarlo cristalino: <strong>precio claro, ruta directa y ticket con IVA<\/strong> para que todo cuadre. Si necesitas un traslado con silla infantil, varias paradas en ruta o seguimiento de vuelo, d\u00ednoslo al reservar y te aconsejamos la opci\u00f3n que m\u00e1s te conviene seg\u00fan esta gu\u00eda. As\u00ed, t\u00fa te centras en volar y nosotros en que el trayecto al aeropuerto \u2014o desde \u00e9l\u2014 sea <strong>r\u00e1pido, honesto y sin l\u00edos<\/strong>. \u00bfListo para tu pr\u00f3ximo viaje? \u2708\ufe0f\ud83d\ude95<\/p>\n\n\n\n<h2 class=\"wp-block-heading\">Preguntas frecuentes sobre taxi aeropuerto Madrid<\/h2>\n\n\n\n<h3 class=\"wp-block-heading\"><strong>1) \u00bfPuedo pagar con tarjeta o contactless?<\/strong><br><\/h3>\n\n\n\n<p>S\u00ed, aceptamos tarjeta y m\u00e9todos sin contacto. El precio de la <strong>tarifa taxi aeropuerto Madrid<\/strong> no cambia por la forma de pago.<\/p>\n\n\n\n<h3 class=\"wp-block-heading\"><strong>2) \u00bfC\u00f3mo pido silla infantil al reservar?<\/strong><br><\/h3>\n\n\n\n<p>Ind\u00edcalo en la pre contrataci\u00f3n. La montamos antes de tu llegada (sujeto a disponibilidad) y te confirmamos por mensaje.<\/p>\n\n\n\n<h3 class=\"wp-block-heading\"><strong>3) \u00bfQu\u00e9 pasa si mi vuelo se retrasa?<\/strong><br><\/h3>\n\n\n\n<p>Hacemos <strong>seguimiento de vuelos<\/strong> y movemos la hora de encuentro. Si hay espera previa en un servicio reservado, puede computar antes de subir.<\/p>\n\n\n\n<h3 class=\"wp-block-heading\"><strong>4) \u00bfSe puede compartir el taxi y dividir el pago?<\/strong><br><\/h3>\n\n\n\n<p>S\u00ed. Pod\u00e9is repartir el pago entre pasajeros y emitir <strong>una sola factura<\/strong> con todos los datos.<\/p>\n\n\n\n<h3 class=\"wp-block-heading\"><strong>5) \u00bfEmit\u00eds factura con CIF y desglose de IVA?<\/strong><br><\/h3>\n\n\n\n<p>Claro. Te entregamos ticket\/factura con datos fiscales para empresas o aut\u00f3nomos.<\/p>\n\n\n\n<script type=\"application\/ld+json\">\n{\n  \"@context\": \"https:\/\/schema.org\",\n  \"@type\": \"FAQPage\",\n  \"mainEntity\": [\n    {\n      \"@type\": \"Question\",\n      \"name\": \"\u00bfPuedo pagar con tarjeta o contactless?\",\n      \"acceptedAnswer\": {\n        \"@type\": \"Answer\",\n        \"text\": \"S\u00ed, aceptamos tarjeta y m\u00e9todos sin contacto. El precio de la tarifa taxi aeropuerto Madrid no cambia por la forma de pago.\"\n      }\n    },\n    {\n      \"@type\": \"Question\",\n      \"name\": \"\u00bfC\u00f3mo pido silla infantil al reservar?\",\n      \"acceptedAnswer\": {\n        \"@type\": \"Answer\",\n        \"text\": \"Ind\u00edcalo en la precontrataci\u00f3n. La montamos antes de tu llegada (sujeto a disponibilidad) y te confirmamos por mensaje.\"\n      }\n    },\n    {\n      \"@type\": \"Question\",\n      \"name\": \"\u00bfQu\u00e9 pasa si mi vuelo se retrasa?\",\n      \"acceptedAnswer\": {\n        \"@type\": \"Answer\",\n        \"text\": \"Hacemos seguimiento de vuelos y movemos la hora de encuentro. Si hay espera previa en un servicio reservado, puede computar antes de subir.\"\n      }\n    },\n    {\n      \"@type\": \"Question\",\n      \"name\": \"\u00bfSe puede compartir el taxi y dividir el pago?\",\n      \"acceptedAnswer\": {\n        \"@type\": \"Answer\",\n        \"text\": \"S\u00ed. Pod\u00e9is repartir el pago entre pasajeros y emitir una sola factura con todos los datos.\"\n      }\n    },\n    {\n      \"@type\": \"Question\",\n      \"name\": \"\u00bfEmit\u00eds factura con CIF y desglose de IVA?\",\n      \"acceptedAnswer\": {\n        \"@type\": \"Answer\",\n        \"text\": \"Claro. Te entregamos ticket\/factura con datos fiscales para empresas o aut\u00f3nomos.\"\n      }\n    }\n  ]\n}\n<\/script>\n\n","protected":false,"gt_translate_keys":[{"key":"rendered","format":"html"}]},"excerpt":{"rendered":"<p>En ElTaxi 033 nos lo preguntan a diario: \u201c\u00bfQu\u00e9 entra en la tarifa taxi aeropuerto Madrid y en qu\u00e9 casos me van a cobrar diferente?\u201d. Aqu\u00ed te lo contamos con cero rodeos, ejemplos del d\u00eda a d\u00eda y los truquitos para que no te lleves sorpresas al ir o volver de Barajas. Lo esencial: la [&hellip;]<\/p>\n","protected":false,"gt_translate_keys":[{"key":"rendered","format":"html"}]},"author":3,"featured_media":2142,"comment_status":"closed","ping_status":"open","sticky":false,"template":"","format":"standard","meta":{"_joinchat":[],"footnotes":""},"categories":[1],"tags":[],"class_list":["post-2139","post","type-post","status-publish","format-standard","has-post-thumbnail","hentry","category-sin-categoria"],"gt_translate_keys":[{"key":"link","format":"url"}],"_links":{"self":[{"href":"https:\/\/eltaxi033.com\/madrid\/wp-json\/wp\/v2\/posts\/2139","targetHints":{"allow":["GET"]}}],"collection":[{"href":"https:\/\/eltaxi033.com\/madrid\/wp-json\/wp\/v2\/posts"}],"about":[{"href":"https:\/\/eltaxi033.com\/madrid\/wp-json\/wp\/v2\/types\/post"}],"author":[{"embeddable":true,"href":"https:\/\/eltaxi033.com\/madrid\/wp-json\/wp\/v2\/users\/3"}],"replies":[{"embeddable":true,"href":"https:\/\/eltaxi033.com\/madrid\/wp-json\/wp\/v2\/comments?post=2139"}],"version-history":[{"count":1,"href":"https:\/\/eltaxi033.com\/madrid\/wp-json\/wp\/v2\/posts\/2139\/revisions"}],"predecessor-version":[{"id":2145,"href":"https:\/\/eltaxi033.com\/madrid\/wp-json\/wp\/v2\/posts\/2139\/revisions\/2145"}],"wp:featuredmedia":[{"embeddable":true,"href":"https:\/\/eltaxi033.com\/madrid\/wp-json\/wp\/v2\/media\/2142"}],"wp:attachment":[{"href":"https:\/\/eltaxi033.com\/madrid\/wp-json\/wp\/v2\/media?parent=2139"}],"wp:term":[{"taxonomy":"category","embeddable":true,"href":"https:\/\/eltaxi033.com\/madrid\/wp-json\/wp\/v2\/categories?post=2139"},{"taxonomy":"post_tag","embeddable":true,"href":"https:\/\/eltaxi033.com\/madrid\/wp-json\/wp\/v2\/tags?post=2139"}],"curies":[{"name":"wp","href":"https:\/\/api.w.org\/{rel}","templated":true}]}}