{"id":2130,"date":"2025-08-28T19:43:08","date_gmt":"2025-08-28T17:43:08","guid":{"rendered":"https:\/\/eltaxi033.com\/madrid\/?p=2130"},"modified":"2025-08-28T19:43:09","modified_gmt":"2025-08-28T17:43:09","slug":"9-barrios-precio-taxi-madrid-aeropuerto","status":"publish","type":"post","link":"https:\/\/eltaxi033.com\/madrid\/blog\/9-barrios-precio-taxi-madrid-aeropuerto\/","title":{"rendered":"9 barrios y su\u00a0precio taxi Madrid aeropuerto\u00a0estimado hoy","gt_translate_keys":[{"key":"rendered","format":"text"}]},"content":{"rendered":"\n<p>\u00bfQuieres saber cu\u00e1nto te costar\u00e1 el taxi al aeropuerto\u00a0<strong>hoy mismo<\/strong>\u00a0seg\u00fan d\u00f3nde est\u00e9s en Madrid? En\u00a0<strong>ElTaxi 033<\/strong>\u00a0nos lo preguntan a todas horas, as\u00ed que hemos preparado una gu\u00eda r\u00e1pida, clara y sin rodeos. Ojo: hablamos de\u00a0<strong>estimaciones<\/strong> basadas en tarifas vigentes y redondeadas para que te hagas una idea antes de pedir tu coche. Si prefieres <a href=\"https:\/\/eltaxi033.com\/madrid\/taxi-aeropuerto-madrid\/\">precio taxi Madrid aeropuerto<\/a> cerrado y vas\/vienes del\u00a0<strong>interior de la M-30<\/strong>:\u00a0<strong>33 \u20ac fijos, 24\/7<\/strong>\u00a0(tarifa fija aeropuerto).<\/p>\n\n\n\n<figure class=\"wp-block-image size-large\"><img wpfc-lazyload-disable=\"true\" fetchpriority=\"high\" decoding=\"async\" width=\"1024\" height=\"848\" src=\"https:\/\/eltaxi033.com\/madrid\/wp-content\/uploads\/sites\/3\/2025\/08\/Barrios-Madrid-1024x848.webp\" alt=\"Barrios Madrid\" class=\"wp-image-2131\" srcset=\"https:\/\/eltaxi033.com\/madrid\/wp-content\/uploads\/sites\/3\/2025\/08\/Barrios-Madrid-1024x848.webp 1024w, https:\/\/eltaxi033.com\/madrid\/wp-content\/uploads\/sites\/3\/2025\/08\/Barrios-Madrid-300x248.webp 300w, https:\/\/eltaxi033.com\/madrid\/wp-content\/uploads\/sites\/3\/2025\/08\/Barrios-Madrid-768x636.webp 768w, https:\/\/eltaxi033.com\/madrid\/wp-content\/uploads\/sites\/3\/2025\/08\/Barrios-Madrid-1536x1272.webp 1536w, https:\/\/eltaxi033.com\/madrid\/wp-content\/uploads\/sites\/3\/2025\/08\/Barrios-Madrid.webp 1906w\" sizes=\"(max-width: 1024px) 100vw, 1024px\" \/><\/figure>\n\n\n\n<h2 class=\"wp-block-heading\">Antes de nada: c\u00f3mo se calcula el&nbsp;<strong>precio del taxi al aeropuerto de Madrid<\/strong><\/h2>\n\n\n\n<ul class=\"wp-block-list\">\n<li><strong>Tarifa 4 (tarifa fija aeropuerto):<\/strong>\u00a0si el\u00a0<strong>origen o destino<\/strong>\u00a0est\u00e1\u00a0<strong>dentro de la M-30<\/strong>, el trayecto entre la ciudad y\u00a0<strong>Adolfo Su\u00e1rez Madrid-Barajas (T1\u2013T4)<\/strong>\u00a0cuesta\u00a0<strong>33 \u20ac exactos<\/strong>, sin suplementos, a cualquier hora, todos los d\u00edas.<\/li>\n\n\n\n<li><strong>Fuera de la M-30:<\/strong>\u00a0el precio va\u00a0<strong>por tax\u00edmetro<\/strong>\u00a0con las tarifas normales:\n<ul class=\"wp-block-list\">\n<li><strong>Tarifa 1 (laborables 07\u201321 h):<\/strong>\u00a0bajada de bandera\u00a0<strong>2,55 \u20ac<\/strong>\u00a0+\u00a0<strong>1,35 \u20ac\/km<\/strong>\u00a0(espera\u00a0<strong>26,50 \u20ac\/h<\/strong>).<\/li>\n\n\n\n<li><strong>Tarifa 2 (noches, fines de semana y festivos):<\/strong>\u00a0bajada de bandera\u00a0<strong>3,20 \u20ac<\/strong>\u00a0+\u00a0<strong>1,50 \u20ac\/km<\/strong>\u00a0(espera\u00a0<strong>28,50 \u20ac\/h<\/strong>).<\/li>\n<\/ul>\n<\/li>\n\n\n\n<li><strong>Tarifa 3 (m\u00ednimo desde la parada del aeropuerto hacia fuera de M-30):<\/strong>\u00a0si\u00a0<strong>coges el taxi en la parada oficial del aeropuerto<\/strong>\u00a0y vas a un destino\u00a0<strong>fuera<\/strong>\u00a0de la M-30\u00a0<strong>a menos de 9 km<\/strong>, hay\u00a0<strong>carrera m\u00ednima de 22 \u20ac<\/strong>; superados esos 9 km, el tax\u00edmetro sigue con la tarifa que toque por d\u00eda\/hora.\u00a0<em>Ojo: no aplica a servicios precontratados ni al rev\u00e9s (ciudad \u2192 aeropuerto); es s\u00f3lo desde las paradas del aeropuerto.<\/em><\/li>\n\n\n\n<li><strong>Suplementos:<\/strong>\u00a0en Madrid\u00a0<strong>no se a\u00f1ade equipaje<\/strong>\u00a0ni recargos por pagar con tarjeta. Existe un suplemento especial los\u00a0<strong>d\u00edas 24 y 31 de diciembre (21:00\u201307:00)<\/strong>; y\u00a0<strong>no<\/strong>\u00a0se aplica a la tarifa fija de 33 \u20ac.<\/li>\n<\/ul>\n\n\n\n<blockquote class=\"wp-block-quote is-layout-flow wp-block-quote-is-layout-flow\">\n<p>C\u00f3mo leer nuestras cifras: cuando hablamos de rangos (ej. \u201c24\u201334 \u20ac\u201d) son&nbsp;<strong>estimaciones<\/strong>&nbsp;que contemplan distancia + algo de tr\u00e1fico (el tiempo parado\/lento suma porque el tax\u00edmetro tambi\u00e9n cuenta por tiempo).<\/p>\n<\/blockquote>\n\n\n\n<h2 class=\"wp-block-heading\">Los 9 barrios y su&nbsp;<strong>precio taxi Madrid aeropuerto<\/strong>&nbsp;estimado hoy<\/h2>\n\n\n\n<blockquote class=\"wp-block-quote is-layout-flow wp-block-quote-is-layout-flow\">\n<p>Si est\u00e1s\u00a0<strong>dentro de la M-30<\/strong>, rel\u00e1jate:\u00a0<strong>33 \u20ac cerrados<\/strong>\u00a0(sin m\u00e1s). Si est\u00e1s\u00a0<strong>fuera<\/strong>, te damos un rango\u00a0<strong>d\u00eda\/noche<\/strong> para que te sit\u00faes.<\/p>\n<\/blockquote>\n\n\n\n<h3 class=\"wp-block-heading\">1)&nbsp;<strong>Sol \/ Gran V\u00eda (Centro)<\/strong>&nbsp;\u2192&nbsp;<strong>33 \u20ac fijos<\/strong><\/h3>\n\n\n\n<p>Todo lo que consideramos \u201cMadrid centro\u201d est\u00e1 en la zona M-30:&nbsp;<strong>33 \u20ac<\/strong>, vayas a&nbsp;<strong>T1, T2, T3 o T4<\/strong>. Si pides paradas o te sales de la ruta directa, el servicio deja de ser \u201ctarifa fija\u201d, pero para un traslado normal\u2026&nbsp;<strong>33 \u20ac<\/strong>.<\/p>\n\n\n\n<h3 class=\"wp-block-heading\">2)&nbsp;<strong>Salamanca (Goya, Lista, Recoletos)<\/strong>&nbsp;\u2192&nbsp;<strong>33 \u20ac fijos<\/strong><\/h3>\n\n\n\n<p>Otro cl\u00e1sico dentro de M-30. Recomendaci\u00f3n: al reservar, ind\u00edcanos&nbsp;<strong>terminal<\/strong>&nbsp;y si llevas&nbsp;<strong>sillita<\/strong>&nbsp;o&nbsp;<strong>maletas voluminosas<\/strong>para enviar el coche adecuado (el precio no cambia).<\/p>\n\n\n\n<h3 class=\"wp-block-heading\">3)&nbsp;<strong>Chamber\u00ed (R\u00edos Rosas, Almagro, Trafalgar)<\/strong>&nbsp;\u2192&nbsp;<strong>33 \u20ac fijos<\/strong><\/h3>\n\n\n\n<p>C\u00e9ntrico =&nbsp;<strong>33 \u20ac<\/strong>. Si vuelas a primera hora, pide el taxi con&nbsp;<strong>5\u201310 min de margen<\/strong>&nbsp;por posibles cargas\/descargas en tu calle.<\/p>\n\n\n\n<h3 class=\"wp-block-heading\">4)&nbsp;<strong>Retiro (Ibiza, Ni\u00f1o Jes\u00fas, Pac\u00edfico interior)<\/strong>&nbsp;\u2192&nbsp;<strong>33 \u20ac fijos<\/strong><\/h3>\n\n\n\n<p>Desde el lado M-30 de Retiro, el\u00a0<strong><a href=\"https:\/\/eltaxi033.com\/madrid\/taxi-aeropuerto-madrid\/\">precio del taxi Madrid al aeropuerto<\/a><\/strong>\u00a0es\u00a0<strong>cerrado<\/strong>. Si est\u00e1s justo\u00a0<strong>fuera<\/strong>\u00a0(p. ej., zona colindante con Moratalaz), ya hablar\u00edamos de tax\u00edmetro.<\/p>\n\n\n\n<h3 class=\"wp-block-heading\">5)&nbsp;<strong>Arganzuela (Delicias, Legazpi, Atocha interior)<\/strong>&nbsp;\u2192&nbsp;<strong>33 \u20ac fijos<\/strong><\/h3>\n\n\n\n<p>Si tu ubicaci\u00f3n cae&nbsp;<strong>dentro<\/strong>&nbsp;del anillo,&nbsp;<strong>tarifa fija<\/strong>. Si sales de ese per\u00edmetro, vuelves a tax\u00edmetro. F\u00e1cil y transparente.<\/p>\n\n\n\n<h3 class=\"wp-block-heading\">6)&nbsp;<strong>Hortaleza \/ Sanchinarro<\/strong>&nbsp;\u2192&nbsp;<strong>15\u201323 \u20ac (d\u00eda)<\/strong>&nbsp;\u00b7&nbsp;<strong>17\u201325 \u20ac (noche)<\/strong><\/h3>\n\n\n\n<p>Zona muy pr\u00f3xima al aeropuerto, pero&nbsp;<strong>fuera de M-30<\/strong>, por lo que el precio va por&nbsp;<strong>Tarifa 1\/2<\/strong>. Para 8\u201310 km de recorrido t\u00edpico, calcula&nbsp;<strong>~15\u201323 \u20ac<\/strong>&nbsp;en horario laboral y&nbsp;<strong>~17\u201325 \u20ac<\/strong>&nbsp;por la noche\/festivos. Si hay atasco en M-11, suma unos eurillos por tiempo.<\/p>\n\n\n\n<h3 class=\"wp-block-heading\">7)&nbsp;<strong>Ciudad Lineal \/ Arturo Soria<\/strong>&nbsp;\u2192&nbsp;<strong>18\u201328 \u20ac (d\u00eda)<\/strong>&nbsp;\u00b7&nbsp;<strong>20\u201330 \u20ac (noche)<\/strong><\/h3>\n\n\n\n<p>Sigue siendo \u201ccerca\u201d, pero no tan pegado como Sanchinarro. Para&nbsp;<strong>10\u201312 km<\/strong>&nbsp;aproximados, los n\u00fameros realistas quedan en esos rangos. Consejo: ind\u00edcanos&nbsp;<strong>punto exacto<\/strong>&nbsp;(Arturo Soria es larga) porque 2\u20133 km arriba\/abajo se notan.<\/p>\n\n\n\n<h3 class=\"wp-block-heading\">8)&nbsp;<strong>Moratalaz<\/strong>&nbsp;\u2192&nbsp;<strong>24\u201334 \u20ac (d\u00eda)<\/strong>&nbsp;\u00b7&nbsp;<strong>26\u201336 \u20ac (noche)<\/strong><\/h3>\n\n\n\n<p>Solemos ver&nbsp;<strong>14\u201316 km<\/strong>&nbsp;hasta T1\u2013T4. Con M-40\/M-14 fluidas, parte baja del rango; con retenci\u00f3n, el componente por&nbsp;<strong>tiempo<\/strong>&nbsp;acerca a la parte alta.<\/p>\n\n\n\n<h3 class=\"wp-block-heading\">9)&nbsp;<strong>Carabanchel<\/strong>&nbsp;\u2192&nbsp;<strong>32\u201345 \u20ac (d\u00eda)<\/strong>&nbsp;\u00b7&nbsp;<strong>35\u201348 \u20ac (noche)<\/strong><\/h3>\n\n\n\n<p>Zona sur y m\u00e1s distancia (<strong>20\u201323 km<\/strong>&nbsp;t\u00edpicos). De d\u00eda, muchos trayectos quedan en la&nbsp;<strong>treintena baja<\/strong>; de noche o con atasco fuerte, puede rozar los&nbsp;<strong>cuarenta y tantos<\/strong>.<\/p>\n\n\n\n<blockquote class=\"wp-block-quote is-layout-flow wp-block-quote-is-layout-flow\">\n<p>Bonus \u00fatil:<\/p>\n\n\n\n<ul class=\"wp-block-list\">\n<li><strong>San Blas-Canillejas<\/strong>:\u00a0<strong>16\u201326 \u20ac \/ 18\u201328 \u20ac<\/strong>\u00a0(d\u00eda\/noche).<\/li>\n\n\n\n<li><strong>Barajas pueblo \/ Alameda de Osuna<\/strong>: si\u00a0<strong>te recogemos all\u00ed para ir al aeropuerto<\/strong>, rige tax\u00edmetro normal (cercan\u00edsimo). Pero si\u00a0<strong>coges taxi en la parada del aeropuerto<\/strong>\u00a0hacia Barajas pueblo (fuera de M-30 y &lt;9 km), aplica la\u00a0<strong>m\u00ednima de 22 \u20ac<\/strong>\u00a0(Tarifa 3).<\/li>\n<\/ul>\n<\/blockquote>\n\n\n\n<h2 class=\"wp-block-heading\">Ejemplos del d\u00eda a d\u00eda (para que lo veas claro)<\/h2>\n\n\n\n<ul class=\"wp-block-list\">\n<li><strong>\u201cVivo en Goya (M-30). \u00bfCu\u00e1nto me costar\u00e1 ma\u00f1ana a T4 a las 6:30?\u201d<\/strong><br><strong>33 \u20ac clavados<\/strong>. Al ser dentro de M-30, da igual la hora; y la tarifa fija\u00a0<strong>no admite suplementos<\/strong>.<\/li>\n\n\n\n<li><strong>\u201cEstoy en Arturo Soria y vuelo a las 22:00 (noche).\u201d<\/strong><br>Aqu\u00ed ya\u00a0<strong>no<\/strong>\u00a0hay tarifa fija. Con\u00a0<strong>Tarifa 2<\/strong>, piensa en\u00a0<strong>~20\u201330 \u20ac<\/strong>\u00a0seg\u00fan punto exacto y tr\u00e1fico. Si el trayecto se alarga por atasco, el tax\u00edmetro cobrar\u00e1 parte por\u00a0<strong>tiempo<\/strong>.<\/li>\n\n\n\n<li><strong>\u201cAterrizo y voy a un hotel en IFEMA (fuera M-30 y muy cerca).\u201d<\/strong><br>Si tomas el taxi\u00a0<strong>en la parada del aeropuerto<\/strong>, y son\u00a0<strong>&lt;9 km<\/strong>, se aplica la\u00a0<strong>m\u00ednima de 22 \u20ac<\/strong>\u00a0(Tarifa 3). Si lo\u00a0<strong>precontratas<\/strong>\u00a0con nosotros para recogida directa, esa\u00a0<strong>m\u00ednima del aeropuerto no se aplica<\/strong>\u00a0y se factura seg\u00fan km\/tiempo.<\/li>\n<\/ul>\n\n\n\n<h2 class=\"wp-block-heading\">Trucos para pagar lo justo (y no perder el vuelo)<\/h2>\n\n\n\n<ol class=\"wp-block-list\">\n<li><strong>Comparte ubicaci\u00f3n<\/strong>\u00a0al reservar: optimizamos ruta y evitamos calles cortadas.<\/li>\n\n\n\n<li><strong>Ten listo el punto de recogida<\/strong>\u00a0(portal, hotel, esquina). Cada vuelta extra suma tiempo.<\/li>\n\n\n\n<li><strong>Maletas, carritos o mascotas<\/strong>: en Madrid\u00a0<strong>no hay recargo<\/strong>\u00a0por equipaje; recuerda el \u00fanico suplemento especial de Nochebuena y Nochevieja.<\/li>\n\n\n\n<li><strong>Tarjeta o efectivo<\/strong>: todos nuestros taxis aceptan\u00a0<strong>pago con tarjeta<\/strong>.<\/li>\n\n\n\n<li><strong>Dinos la terminal<\/strong>\u00a0(T1\u2013T4): elegimos acceso m\u00e1s r\u00e1pido y carril adecuado.<\/li>\n<\/ol>\n\n\n\n<p>En nuestro blog podr\u00e1s encontrar, adem\u00e1s, el <a href=\"https:\/\/eltaxi033.com\/madrid\/blog\/checklist-traslado-aeropuerto-madrid\/\">checklist para un traslado Aeropuerto Madrid sin estr\u00e9s<\/a>. \u00a1No te lo pierdas!<\/p>\n\n\n\n<figure class=\"wp-block-image size-large\"><img wpfc-lazyload-disable=\"true\" decoding=\"async\" width=\"1024\" height=\"640\" src=\"https:\/\/eltaxi033.com\/madrid\/wp-content\/uploads\/sites\/3\/2025\/01\/taxi-madrid-1024x640.webp\" alt=\"taxi madrid\" class=\"wp-image-1787\" srcset=\"https:\/\/eltaxi033.com\/madrid\/wp-content\/uploads\/sites\/3\/2025\/01\/taxi-madrid-1024x640.webp 1024w, https:\/\/eltaxi033.com\/madrid\/wp-content\/uploads\/sites\/3\/2025\/01\/taxi-madrid-300x188.webp 300w, https:\/\/eltaxi033.com\/madrid\/wp-content\/uploads\/sites\/3\/2025\/01\/taxi-madrid-768x480.webp 768w, https:\/\/eltaxi033.com\/madrid\/wp-content\/uploads\/sites\/3\/2025\/01\/taxi-madrid.webp 1200w\" sizes=\"(max-width: 1024px) 100vw, 1024px\" \/><\/figure>\n\n\n\n<h2 class=\"wp-block-heading\">\u00bfQuieres reservar con&nbsp;<strong>ElTaxi 033<\/strong>?<\/h2>\n\n\n\n<p>Somos\u00a0<strong>flota local<\/strong>, conductores veteranos y coches amplios (sed\u00e1n, monovolumen y maxi-taxi para grupos y equipaje extra). Si tu ruta entra en\u00a0<strong>tarifa fija<\/strong>, te lo confirmamos\u00a0<strong>33 \u20ac<\/strong>\u00a0al instante. Si es\u00a0<strong>fuera de M-30<\/strong>, te damos el\u00a0<a href=\"https:\/\/eltaxi033.com\/madrid\/taxi-aeropuerto-madrid\/\">precio taxi Madrid aeropuerto<\/a> <strong>estimado<\/strong>\u00a0seg\u00fan d\u00eda\/hora y punto exacto, y te asignamos el coche que mejor encaje (sillita, maletero grande, etc.). Sin sorpresas.<\/p>\n\n\n\n<h3 class=\"wp-block-heading\"><strong>Resumen expr\u00e9s del precio taxi Madrid aeropuerto:<\/strong><\/h3>\n\n\n\n<ul class=\"wp-block-list\">\n<li><strong>M-30 \u2194 Aeropuerto<\/strong>:\u00a0<strong>33 \u20ac fijos<\/strong>\u00a0(24\/7, sin suplementos).<\/li>\n\n\n\n<li><strong>Fuera de M-30<\/strong>:\u00a0<strong>tax\u00edmetro<\/strong>\u00a0(Tarifa 1\/2: 2,55\/3,20 \u20ac de inicio + 1,35\/1,50 \u20ac\/km + tiempo si hay atasco).\u00a0<strong>Rangos orientativos<\/strong>\u00a0arriba por barrio.<\/li>\n\n\n\n<li><strong>Desde la parada del aeropuerto a destinos fuera de M-30 (&lt;9 km)<\/strong>:\u00a0<strong>m\u00ednimo 22 \u20ac<\/strong>\u00a0(Tarifa 3).<\/li>\n<\/ul>\n\n\n\n<h2 class=\"wp-block-heading\"><strong>Preguntas frecuentes sobre el precio taxi Madrid aeropuerto<\/strong><\/h2>\n\n\n\n<h3 class=\"wp-block-heading\"><strong>\u00bfCu\u00e1l es el precio fijo entre M-30 y el aeropuerto?<\/strong><\/h3>\n\n\n\n<p>33 \u20ac cerrados (cualquier terminal, 24\/7, sin suplementos).<\/p>\n\n\n\n<h3 class=\"wp-block-heading\"><strong>\u00bfC\u00f3mo se calcula fuera de la M-30?<\/strong><\/h3>\n\n\n\n<p>Por tax\u00edmetro seg\u00fan tarifa d\u00eda\/noche y el tiempo de circulaci\u00f3n\/espera.<\/p>\n\n\n\n<h3 class=\"wp-block-heading\"><strong>\u00bfHay recargos por maletas o tarjeta?<\/strong><\/h3>\n\n\n\n<p>No por equipaje; aceptamos pago con tarjeta.<\/p>\n\n\n\n<h3 class=\"wp-block-heading\"><strong>\u00bfExiste carrera m\u00ednima al salir del aeropuerto?<\/strong><\/h3>\n\n\n\n<p>S\u00ed: si tomas taxi en la\u00a0<strong>parada del aeropuerto<\/strong>\u00a0hacia fuera de M-30 y a\u00a0<strong>&lt;9 km<\/strong>, m\u00ednimo\u00a0<strong>22 \u20ac<\/strong>.<\/p>\n\n\n\n<h3 class=\"wp-block-heading\"><strong>\u00bfPuedo pedir monovolumen o sillita infantil?<\/strong><\/h3>\n\n\n\n<p>S\u00ed; ind\u00edcalo al reservar para asignarte el veh\u00edculo adecuado (el precio sigue la tarifa correspondiente).<\/p>\n\n\n\n<script type=\"application\/ld+json\">\n{\n  \"@context\": \"https:\/\/schema.org\",\n  \"@type\": \"FAQPage\",\n  \"mainEntity\": [\n    {\n      \"@type\": \"Question\",\n      \"name\": \"\u00bfCu\u00e1l es el precio fijo entre M-30 y el aeropuerto?\",\n      \"acceptedAnswer\": {\n        \"@type\": \"Answer\",\n        \"text\": \"33 \u20ac cerrados entre cualquier punto dentro de la M-30 y el Aeropuerto Adolfo Su\u00e1rez Madrid-Barajas (T1\u2013T4), 24\/7 y sin suplementos.\"\n      }\n    },\n    {\n      \"@type\": \"Question\",\n      \"name\": \"\u00bfC\u00f3mo se calcula el precio fuera de la M-30?\",\n      \"acceptedAnswer\": {\n        \"@type\": \"Answer\",\n        \"text\": \"Se aplica el tax\u00edmetro con la tarifa que corresponda por d\u00eda\/hora; el coste depende de los kil\u00f3metros recorridos y del tiempo de circulaci\u00f3n o espera.\"\n      }\n    },\n    {\n      \"@type\": \"Question\",\n      \"name\": \"\u00bfHay recargos por maletas o por pagar con tarjeta?\",\n      \"acceptedAnswer\": {\n        \"@type\": \"Answer\",\n        \"text\": \"No hay recargo por equipaje. Los taxis de ElTaxi 033 admiten pago con tarjeta sin incremento del precio.\"\n      }\n    },\n    {\n      \"@type\": \"Question\",\n      \"name\": \"\u00bfExiste una carrera m\u00ednima al salir del aeropuerto?\",\n      \"acceptedAnswer\": {\n        \"@type\": \"Answer\",\n        \"text\": \"S\u00ed. Si coges el taxi en la parada oficial del aeropuerto hacia un destino fuera de la M-30 a menos de 9 km, se aplica una m\u00ednima de 22 \u20ac.\"\n      }\n    },\n    {\n      \"@type\": \"Question\",\n      \"name\": \"\u00bfPuedo solicitar monovolumen o sillita infantil?\",\n      \"acceptedAnswer\": {\n        \"@type\": \"Answer\",\n        \"text\": \"S\u00ed. Ind\u00edcalo al reservar para asignarte un veh\u00edculo con maletero amplio o sillita. El precio se mantiene seg\u00fan las tarifas vigentes.\"\n      }\n    }\n  ]\n}\n<\/script>\n\n","protected":false,"gt_translate_keys":[{"key":"rendered","format":"html"}]},"excerpt":{"rendered":"<p>\u00bfQuieres saber cu\u00e1nto te costar\u00e1 el taxi al aeropuerto\u00a0hoy mismo\u00a0seg\u00fan d\u00f3nde est\u00e9s en Madrid? En\u00a0ElTaxi 033\u00a0nos lo preguntan a todas horas, as\u00ed que hemos preparado una gu\u00eda r\u00e1pida, clara y sin rodeos. Ojo: hablamos de\u00a0estimaciones basadas en tarifas vigentes y redondeadas para que te hagas una idea antes de pedir tu coche. Si prefieres precio [&hellip;]<\/p>\n","protected":false,"gt_translate_keys":[{"key":"rendered","format":"html"}]},"author":3,"featured_media":2131,"comment_status":"closed","ping_status":"open","sticky":false,"template":"","format":"standard","meta":{"_joinchat":[],"footnotes":""},"categories":[1],"tags":[],"class_list":["post-2130","post","type-post","status-publish","format-standard","has-post-thumbnail","hentry","category-sin-categoria"],"gt_translate_keys":[{"key":"link","format":"url"}],"_links":{"self":[{"href":"https:\/\/eltaxi033.com\/madrid\/wp-json\/wp\/v2\/posts\/2130","targetHints":{"allow":["GET"]}}],"collection":[{"href":"https:\/\/eltaxi033.com\/madrid\/wp-json\/wp\/v2\/posts"}],"about":[{"href":"https:\/\/eltaxi033.com\/madrid\/wp-json\/wp\/v2\/types\/post"}],"author":[{"embeddable":true,"href":"https:\/\/eltaxi033.com\/madrid\/wp-json\/wp\/v2\/users\/3"}],"replies":[{"embeddable":true,"href":"https:\/\/eltaxi033.com\/madrid\/wp-json\/wp\/v2\/comments?post=2130"}],"version-history":[{"count":1,"href":"https:\/\/eltaxi033.com\/madrid\/wp-json\/wp\/v2\/posts\/2130\/revisions"}],"predecessor-version":[{"id":2132,"href":"https:\/\/eltaxi033.com\/madrid\/wp-json\/wp\/v2\/posts\/2130\/revisions\/2132"}],"wp:featuredmedia":[{"embeddable":true,"href":"https:\/\/eltaxi033.com\/madrid\/wp-json\/wp\/v2\/media\/2131"}],"wp:attachment":[{"href":"https:\/\/eltaxi033.com\/madrid\/wp-json\/wp\/v2\/media?parent=2130"}],"wp:term":[{"taxonomy":"category","embeddable":true,"href":"https:\/\/eltaxi033.com\/madrid\/wp-json\/wp\/v2\/categories?post=2130"},{"taxonomy":"post_tag","embeddable":true,"href":"https:\/\/eltaxi033.com\/madrid\/wp-json\/wp\/v2\/tags?post=2130"}],"curies":[{"name":"wp","href":"https:\/\/api.w.org\/{rel}","templated":true}]}}