{"id":2118,"date":"2025-08-23T10:44:29","date_gmt":"2025-08-23T08:44:29","guid":{"rendered":"https:\/\/eltaxi033.com\/madrid\/?p=2118"},"modified":"2025-08-23T10:44:32","modified_gmt":"2025-08-23T08:44:32","slug":"guia-rapida-transfer-madrid-aeropuerto","status":"publish","type":"post","link":"https:\/\/eltaxi033.com\/madrid\/blog\/guia-rapida-transfer-madrid-aeropuerto\/","title":{"rendered":"Gu\u00eda r\u00e1pida de\u00a0transfer Madrid aeropuerto\u00a0para familias y grupos","gt_translate_keys":[{"key":"rendered","format":"text"}]},"content":{"rendered":"\n<p>Si viajas en familia o con un grupo de amigos\/compa\u00f1eros, lo \u00faltimo que quieres es pelearte con maletas, transbordos y esperas eternas. Aqu\u00ed entra en juego el\u00a0<strong><a href=\"https:\/\/eltaxi033.com\/madrid\/taxi-aeropuerto-madrid\/\">transfer Madrid aeropuerto<\/a><\/strong>: un traslado privado, puerta a puerta y sin estr\u00e9s, desde o hacia\u00a0<strong>Adolfo Su\u00e1rez Madrid-Barajas (T1, T2, T3, T4)<\/strong>. En\u00a0<strong>ElTaxi 033<\/strong>\u00a0llevamos a\u00f1os moviendo a viajeros por Madrid y sabemos exactamente qu\u00e9 necesitas: puntualidad real, espacio para todo el equipaje y un precio claro antes de subirte. Esta gu\u00eda va al grano para que reserves en 2 minutos y llegues a tiempo, sin dramas.<\/p>\n\n\n\n<figure class=\"wp-block-image size-full\"><img wpfc-lazyload-disable=\"true\" fetchpriority=\"high\" decoding=\"async\" width=\"612\" height=\"408\" src=\"https:\/\/eltaxi033.com\/madrid\/wp-content\/uploads\/sites\/3\/2025\/08\/transfer.webp\" alt=\"transfer\" class=\"wp-image-2119\" srcset=\"https:\/\/eltaxi033.com\/madrid\/wp-content\/uploads\/sites\/3\/2025\/08\/transfer.webp 612w, https:\/\/eltaxi033.com\/madrid\/wp-content\/uploads\/sites\/3\/2025\/08\/transfer-300x200.webp 300w\" sizes=\"(max-width: 612px) 100vw, 612px\" \/><\/figure>\n\n\n\n<h2 class=\"wp-block-heading\">\u00bfQu\u00e9 es un transfer y en qu\u00e9 se diferencia?<\/h2>\n\n\n\n<p>Un\u00a0<strong><a href=\"https:\/\/eltaxi033.com\/madrid\/taxi-aeropuerto-madrid\/\">transfer aeropuerto Madrid<\/a><\/strong>\u00a0es un\u00a0<strong>traslado privado<\/strong>\u00a0con recogida a la hora acordada y\u00a0<strong>destino directo<\/strong>\u00a0(hotel, Atocha, Chamart\u00edn, IFEMA, domicilio\u2026). No hay paradas intermedias ni sorpresas.<\/p>\n\n\n\n<p><strong>Taxi vs. transfer privado<\/strong>: con ElTaxi 033 puedes contratar\u00a0<strong>tarifa cerrada<\/strong>\u00a0por anticipado (transfer) o tarifa oficial de taxi con tax\u00edmetro. En ambos casos, vas legal y con factura, pero muchas familias y grupos prefieren\u00a0<strong>precio cerrado<\/strong>\u00a0para olvidarse del reloj.<\/p>\n\n\n\n<p>En nuestro blog te contamos al detalle <a href=\"https:\/\/eltaxi033.com\/madrid\/blog\/servicio-excluviso-transforma-llegada\/\">por qu\u00e9 un servicio exclusivo transforma tu llegada<\/a>. \u00a1Desc\u00fabrelo!<\/p>\n\n\n\n<h2 class=\"wp-block-heading\">Por qu\u00e9 los&nbsp;<strong>traslados al aeropuerto<\/strong>&nbsp;son ideales para familias<\/h2>\n\n\n\n<h3 class=\"wp-block-heading\">Sillas infantiles homologadas<\/h3>\n\n\n\n<p>Si viajas con peques, podemos&nbsp;<strong>instalar sillas Grupo 0\/1\/2\/3<\/strong>&nbsp;o alzadores sin coste extra si lo indicas en la reserva. T\u00fa solo bajas con el carro y las mochilas; nosotros nos ocupamos de la seguridad.<\/p>\n\n\n\n<h3 class=\"wp-block-heading\">Carros, cunas y muchas maletas<\/h3>\n\n\n\n<p>Los&nbsp;<strong>monovol\u00famenes<\/strong>&nbsp;y&nbsp;<strong>minivanes<\/strong>&nbsp;de ElTaxi 033 tragan equipaje: maletas XXL, carritos, plegables, incluso&nbsp;<strong>equipos deportivos<\/strong>&nbsp;(palos de golf, esqu\u00eds) si nos avisas. Llevamos&nbsp;<strong>maletero mediano + extra<\/strong>&nbsp;y, si hace falta, coordinamos&nbsp;<strong>dos veh\u00edculos<\/strong>.<\/p>\n\n\n\n<h3 class=\"wp-block-heading\">Vuelos de madrugada y seguimiento en tiempo real<\/h3>\n\n\n\n<p>\u00bfLlegas a las 5:40? \u00bfDespegas a las 6:10? Sin problema.&nbsp;<strong>Monitorizamos tu vuelo<\/strong>&nbsp;y ajustamos la recogida. Si hay retrasos,&nbsp;<strong>no te quedas tirado<\/strong>: nuestro conductor te espera en llegadas con un cartel y contacto directo por WhatsApp\/llamada.<\/p>\n\n\n\n<h2 class=\"wp-block-heading\">Ventajas para grupos y empresas<\/h2>\n\n\n\n<h3 class=\"wp-block-heading\">M\u00e1s plazas, menos l\u00edos<\/h3>\n\n\n\n<p>Para 5\u20138 personas usamos&nbsp;<strong>minivan<\/strong>; para grupos mayores coordinamos&nbsp;<strong>doble veh\u00edculo<\/strong>&nbsp;o&nbsp;<strong>microb\u00fas concertado<\/strong>. As\u00ed viaj\u00e1is juntos, con&nbsp;<strong>una sola log\u00edstica<\/strong>&nbsp;y&nbsp;<strong>un solo justificante<\/strong>&nbsp;para gastos.<\/p>\n\n\n\n<h3 class=\"wp-block-heading\">Eventos, congresos e IFEMA<\/h3>\n\n\n\n<p>Sabemos c\u00f3mo se mueve Madrid en ferias y congresos:&nbsp;<strong>ventanas de recogida<\/strong>, rutas alternativas (M-11, M-40, A-2) y&nbsp;<strong>drivers briefed<\/strong>&nbsp;para minimizar retrasos. Adem\u00e1s, podemos&nbsp;<strong>planificar shuttle interno<\/strong>&nbsp;hotel-venue.<\/p>\n\n\n\n<h3 class=\"wp-block-heading\">Multi-vuelo y escalas<\/h3>\n\n\n\n<p>\u00bfViene gente en tres vuelos distintos? Creamos&nbsp;<strong>bloques de recogida<\/strong>&nbsp;por terminal y hora, y centralizamos la comunicaci\u00f3n con un&nbsp;<strong>\u00fanico coordinador<\/strong>.<\/p>\n\n\n\n<h2 class=\"wp-block-heading\">Tiempos y rutas t\u00edpicas (para que calcules sin estr\u00e9s)<\/h2>\n\n\n\n<ul class=\"wp-block-list\">\n<li><strong>T4 \u2194 Centro (Sol\/Gran V\u00eda):<\/strong>\u00a020\u201335 min seg\u00fan tr\u00e1fico.<\/li>\n\n\n\n<li><strong>T1\/T2\/T3 \u2194 Atocha:<\/strong>\u00a020\u201330 min.<\/li>\n\n\n\n<li><strong>T4 \u2194 IFEMA:<\/strong>\u00a08\u201315 min.<\/li>\n\n\n\n<li><strong>T4 \u2194 Chamart\u00edn:<\/strong>\u00a015\u201325 min.<\/li>\n<\/ul>\n\n\n\n<p>Usamos las arterias que mejor fluyen en cada franja (<strong>M-11, A-2, M-30, M-40<\/strong>). Si llueve o hay operaci\u00f3n salida, salimos con&nbsp;<strong>margen realista<\/strong>&nbsp;y alternativas preparadas.<\/p>\n\n\n\n<h2 class=\"wp-block-heading\">\u00bfCu\u00e1nto cuesta un&nbsp;<strong>transfer aeropuerto Madrid<\/strong>?<\/h2>\n\n\n\n<p>Con ElTaxi 033 puedes&nbsp;<strong>cerrar precio<\/strong>&nbsp;antes de viajar. El importe depende de:<\/p>\n\n\n\n<ul class=\"wp-block-list\">\n<li><strong>Punto de origen\/destino<\/strong>\u00a0(centro vs. extrarradio).<\/li>\n\n\n\n<li><strong>Tipo de veh\u00edculo<\/strong>\u00a0(sed\u00e1n, monovolumen, minivan).<\/li>\n\n\n\n<li><strong>Franja horaria<\/strong>\u00a0(madrugada, festivos).<\/li>\n\n\n\n<li><strong>Extras<\/strong>\u00a0(parada adicional, espera extra fuera de la de cortes\u00eda).<\/li>\n<\/ul>\n\n\n\n<h3 class=\"wp-block-heading\">Trucos para ahorrar<\/h3>\n\n\n\n<ul class=\"wp-block-list\">\n<li><strong>Reserva anticipada<\/strong>: asegura disponibilidad de minivan y evita asignaciones de \u00faltima hora.<\/li>\n\n\n\n<li><strong>Comparte veh\u00edculo<\/strong>: para 5\u20138 pax, el\u00a0<strong>precio por persona<\/strong>\u00a0cae en picado.<\/li>\n\n\n\n<li><strong>Direcci\u00f3n exacta<\/strong>: nos ahorra vueltas y tiempo (y a ti, dinero).<\/li>\n\n\n\n<li><strong>Ventanas horarias<\/strong>: si puedes moverte 15\u201330 min, solemos optimizar ruta y coste.<\/li>\n<\/ul>\n\n\n\n<h2 class=\"wp-block-heading\">C\u00f3mo funciona la reserva (paso a paso)<\/h2>\n\n\n\n<ol class=\"wp-block-list\">\n<li><strong>Dinos el plan<\/strong>: fecha, hora,\u00a0<strong>n\u00ba de pasajeros<\/strong>,\u00a0<strong>n\u00ba de vuelo<\/strong>\u00a0(si aplica) y direcci\u00f3n exacta.<\/li>\n\n\n\n<li><strong>Elige veh\u00edculo<\/strong>: sed\u00e1n (1\u20133 pax con equipaje),\u00a0<strong>monovolumen<\/strong>\u00a0(hasta 5),\u00a0<strong>minivan<\/strong>\u00a0(6\u20138).<\/li>\n\n\n\n<li><strong>A\u00f1ade extras<\/strong>:\u00a0<strong>sillas infantiles<\/strong>, equipaje especial,\u00a0<strong>parada intermedia<\/strong>\u00a0para recoger llaves, etc.<\/li>\n\n\n\n<li><strong>Precio cerrado<\/strong>\u00a0y confirmaci\u00f3n inmediata.<\/li>\n\n\n\n<li><strong>Recordatorio 24 h antes<\/strong>\u00a0y\u00a0<strong>contacto del conductor<\/strong>\u00a0con antelaci\u00f3n.<\/li>\n\n\n\n<li><strong>Meet &amp; greet<\/strong>\u00a0en llegadas (cartel con tu nombre) o\u00a0<strong>pick-up en puerta<\/strong>\u00a0si sales de Madrid.<\/li>\n\n\n\n<li><strong>Pago<\/strong>\u00a0con tarjeta, Bizum o efectivo y\u00a0<strong>factura<\/strong>\u00a0en tu email.<\/li>\n<\/ol>\n\n\n\n<h2 class=\"wp-block-heading\">Casos reales que vemos cada semana<\/h2>\n\n\n\n<h3 class=\"wp-block-heading\">1) Familia con dos peques y carrito<\/h3>\n\n\n\n<p>Vuelo a T4 a las 07:10. Les esperamos 15 min tras aterrizar (tiempo de pasaportes), subimos&nbsp;<strong>carrito y 3 maletas grandes<\/strong>, y directos a su hotel en Gran V\u00eda.&nbsp;<strong>Silla grupo 1<\/strong>&nbsp;y&nbsp;<strong>alzador<\/strong>&nbsp;ya instalados. Desayunando a las 08:10.<\/p>\n\n\n\n<h3 class=\"wp-block-heading\">2) Grupo de 6 amigos con equipaje de 1 semana<\/h3>\n\n\n\n<p><strong>Minivan<\/strong>&nbsp;\u00fanica con&nbsp;<strong>maletero ampliado<\/strong>. Les recogemos en Lavapi\u00e9s a las 03:55 rumbo a T1. Carga r\u00e1pida, sin pelear por dos taxis distintos, y&nbsp;<strong>check-in<\/strong>&nbsp;con tiempo de sobra.<\/p>\n\n\n\n<h3 class=\"wp-block-heading\">3) Equipo de 12 asistentes a congreso en IFEMA<\/h3>\n\n\n\n<p>Dividimos en&nbsp;<strong>dos minivanes<\/strong>&nbsp;coordinadas. Ventanas de recogida de 10 min en T2 y T4.&nbsp;<strong>Ruta M-11<\/strong>&nbsp;limpia, llegadas escalonadas y&nbsp;<strong>una sola factura<\/strong>&nbsp;para administraci\u00f3n.<\/p>\n\n\n\n<h2 class=\"wp-block-heading\">Equipaje: qu\u00e9 cabe en cada veh\u00edculo (para acertar a la primera)<\/h2>\n\n\n\n<ul class=\"wp-block-list\">\n<li><strong>Sed\u00e1n (1\u20133 pax):<\/strong>\u00a02\u20133 maletas grandes + 1\u20132 cabina.<\/li>\n\n\n\n<li><strong>Monovolumen (hasta 5 pax):<\/strong>\u00a04\u20135 grandes + 2 cabina + carrito plegado.<\/li>\n\n\n\n<li><strong>Minivan (6\u20138 pax):<\/strong>\u00a06\u20138 grandes + 4\u20136 cabina; si llevas material voluminoso, av\u00edsanos y ajustamos configuraci\u00f3n o coordinamos segundo veh\u00edculo.<\/li>\n<\/ul>\n\n\n\n<blockquote class=\"wp-block-quote is-layout-flow wp-block-quote-is-layout-flow\">\n<p>Consejo: si traes&nbsp;<strong>tablas, instrumentos o muestrarios<\/strong>, com\u00e9ntalo en la reserva. Tenemos fundas, cinchas y soluciones para&nbsp;<strong>carga fr\u00e1gil<\/strong>.<\/p>\n\n\n\n<figure class=\"wp-block-image size-large\"><img wpfc-lazyload-disable=\"true\" decoding=\"async\" width=\"1024\" height=\"640\" src=\"https:\/\/eltaxi033.com\/madrid\/wp-content\/uploads\/sites\/3\/2025\/01\/taxi-madrid-1024x640.webp\" alt=\"taxi madrid\" class=\"wp-image-1787\" srcset=\"https:\/\/eltaxi033.com\/madrid\/wp-content\/uploads\/sites\/3\/2025\/01\/taxi-madrid-1024x640.webp 1024w, https:\/\/eltaxi033.com\/madrid\/wp-content\/uploads\/sites\/3\/2025\/01\/taxi-madrid-300x188.webp 300w, https:\/\/eltaxi033.com\/madrid\/wp-content\/uploads\/sites\/3\/2025\/01\/taxi-madrid-768x480.webp 768w, https:\/\/eltaxi033.com\/madrid\/wp-content\/uploads\/sites\/3\/2025\/01\/taxi-madrid.webp 1200w\" sizes=\"(max-width: 1024px) 100vw, 1024px\" \/><\/figure>\n<\/blockquote>\n\n\n\n<h2 class=\"wp-block-heading\">\u00bfT1, T2, T3 o T4? Da igual: te encontramos igual de r\u00e1pido<\/h2>\n\n\n\n<p>En&nbsp;<strong>llegadas<\/strong>&nbsp;acordamos un&nbsp;<strong>punto de encuentro<\/strong>&nbsp;visible (columnas, cafeter\u00eda, salida principal) y compartimos&nbsp;<strong>ubicaci\u00f3n en tiempo real<\/strong>. Si cambian la puerta a \u00faltima hora, ya estamos dentro del aeropuerto y&nbsp;<strong>nos reubicamos<\/strong>&nbsp;en segundos. T\u00fa solo sigue el cartel con tu nombre.<\/p>\n\n\n\n<h2 class=\"wp-block-heading\">Checklist expr\u00e9s antes de tu transfer<\/h2>\n\n\n\n<ul class=\"wp-block-list\">\n<li>Direcci\u00f3n y\u00a0<strong>n\u00ba de portal<\/strong>\u00a0(o nombre del hotel)<\/li>\n\n\n\n<li><strong>Terminal y n\u00ba de vuelo<\/strong>\u00a0(si aterrizas)<\/li>\n\n\n\n<li><strong>N\u00ba de pasajeros<\/strong>\u00a0y si hay\u00a0<strong>ni\u00f1os<\/strong>\u00a0(para sillas)<\/li>\n\n\n\n<li><strong>Maletas especiales<\/strong>\u00a0o\u00a0<strong>parada extra<\/strong><\/li>\n\n\n\n<li><strong>Tel\u00e9fono con WhatsApp<\/strong>\u00a0operativo al aterrizar<\/li>\n<\/ul>\n\n\n\n<h2 class=\"wp-block-heading\">Consejos de insider para moverte por Madrid sin perder tiempo<\/h2>\n\n\n\n<ul class=\"wp-block-list\">\n<li>Si sales de\u00a0<strong>Gran V\u00eda\/Sol<\/strong>\u00a0en hora punta, sal\u00a0<strong>10\u201315 min antes<\/strong>.<\/li>\n\n\n\n<li>Para\u00a0<strong>IFEMA<\/strong>, evita \u00faltimas horas de montaje: mejor\u00a0<strong>franja temprana<\/strong>.<\/li>\n\n\n\n<li>Desde\u00a0<strong>Atocha<\/strong>\u00a0a T4 con maletas y peques, el\u00a0<strong>transfer puerta a puerta<\/strong>\u00a0suele ser m\u00e1s c\u00f3modo que tren + lanzadera.<\/li>\n\n\n\n<li>Si te alojas en\u00a0<strong>Alcobendas, Pozuelo o Alcal\u00e1<\/strong>, el\u00a0<strong>precio cerrado<\/strong>\u00a0te evita sorpresas por distancia.<\/li>\n<\/ul>\n\n\n\n<h2 class=\"wp-block-heading\">Reserva tu&nbsp;<strong>transfer Madrid aeropuerto<\/strong>&nbsp;con ElTaxi 033<\/h2>\n\n\n\n<p>En\u00a0<strong>ElTaxi 033<\/strong>\u00a0trabajamos con flota cuidada, conductores locales y una obsesi\u00f3n: que llegues a tu destino\u00a0<strong>tranquilo y a tiempo<\/strong>. Seas una\u00a0<strong>familia con peques<\/strong>, un\u00a0<strong>grupo de amigos<\/strong>\u00a0o un\u00a0<strong>equipo de trabajo<\/strong>, te proponemos la opci\u00f3n m\u00e1s eficiente y clara\u00a0<strong>antes<\/strong>\u00a0de que cierres la reserva.<\/p>\n\n\n\n<p><strong>Cu\u00e9ntanos tu vuelo, cu\u00e1ntos sois y a d\u00f3nde vais<\/strong>. El resto lo ponemos nosotros:\u00a0<strong>precio cerrado, veh\u00edculo adecuado, sillas infantiles, meet &amp; greet<\/strong>\u00a0y\u00a0<strong>factura<\/strong>\u00a0en tu correo.<\/p>\n\n\n\n<p>\u00bfListo para viajar sin complicarte?\u00a0<strong>Reserva tu <a href=\"https:\/\/eltaxi033.com\/madrid\/taxi-aeropuerto-madrid\/\">transfer aeropuerto Madrid<\/a><\/strong>\u00a0con ElTaxi 033 y olv\u00eddate del resto.<\/p>\n\n\n\n<h2 class=\"wp-block-heading\"><strong>Preguntas frecuentes <\/strong>sobre el transfer Madrid aeropuerto<\/h2>\n\n\n\n<h3 class=\"wp-block-heading\"><strong>1) \u00bfC\u00f3mo reservo un transfer Madrid aeropuerto con ElTaxi 033?<\/strong><\/h3>\n\n\n\n<p>Ind\u00edcanos fecha\/hora, n\u00ba de pasajeros, direcci\u00f3n y n\u00ba de vuelo. Te damos precio cerrado y confirmaci\u00f3n al momento.<\/p>\n\n\n\n<h3 class=\"wp-block-heading\"><strong>2) \u00bfOfrec\u00e9is sillas infantiles homologadas? \u00bfTienen coste?<\/strong><\/h3>\n\n\n\n<p>S\u00ed, sillas Grupo 0\/1\/2\/3 y alzadores bajo solicitud al reservar. Sin coste extra, sujetas a disponibilidad.<\/p>\n\n\n\n<h3 class=\"wp-block-heading\"><strong>3) \u00bfQu\u00e9 pasa si mi vuelo se retrasa o llega antes?<\/strong><\/h3>\n\n\n\n<p>Monitorizamos el vuelo y ajustamos la recogida. Incluimos un tiempo de espera de cortes\u00eda y opciones claras si el retraso es largo.<\/p>\n\n\n\n<h3 class=\"wp-block-heading\"><strong>4) \u00bfQu\u00e9 veh\u00edculo me conviene seg\u00fan equipaje y personas?<\/strong><\/h3>\n\n\n\n<p>Sed\u00e1n (1\u20133 pax, 2\u20133 maletas), monovolumen (hasta 5 pax, 4\u20135 maletas + carrito), minivan (6\u20138 pax y equipaje grande).<\/p>\n\n\n\n<h3 class=\"wp-block-heading\"><strong>5) \u00bfPuedo a\u00f1adir una parada y pedir factura?<\/strong><\/h3>\n\n\n\n<p>S\u00ed. Podemos hacer una parada breve (recoger llaves o a otra persona) y enviamos factura con IVA desglosado.<\/p>\n\n\n\n<script type=\"application\/ld+json\">\n{\n  \"@context\": \"https:\/\/schema.org\",\n  \"@type\": \"FAQPage\",\n  \"mainEntity\": [\n    {\n      \"@type\": \"Question\",\n      \"name\": \"\u00bfC\u00f3mo reservo un transfer Madrid aeropuerto con ElTaxi 033?\",\n      \"acceptedAnswer\": {\n        \"@type\": \"Answer\",\n        \"text\": \"Ind\u00edcanos fecha\/hora, n\u00famero de pasajeros, direcci\u00f3n y n\u00famero de vuelo. Te damos precio cerrado y confirmaci\u00f3n al momento.\"\n      }\n    },\n    {\n      \"@type\": \"Question\",\n      \"name\": \"\u00bfOfrec\u00e9is sillas infantiles homologadas? \u00bfTienen coste?\",\n      \"acceptedAnswer\": {\n        \"@type\": \"Answer\",\n        \"text\": \"S\u00ed, disponemos de sillas Grupo 0\/1\/2\/3 y alzadores bajo solicitud al reservar. Sin coste extra, sujetas a disponibilidad.\"\n      }\n    },\n    {\n      \"@type\": \"Question\",\n      \"name\": \"\u00bfQu\u00e9 pasa si mi vuelo se retrasa o llega antes?\",\n      \"acceptedAnswer\": {\n        \"@type\": \"Answer\",\n        \"text\": \"Monitorizamos el vuelo y ajustamos la hora de recogida. Incluimos un tiempo de espera de cortes\u00eda y opciones claras si el retraso es largo.\"\n      }\n    },\n    {\n      \"@type\": \"Question\",\n      \"name\": \"\u00bfQu\u00e9 veh\u00edculo me conviene seg\u00fan equipaje y personas?\",\n      \"acceptedAnswer\": {\n        \"@type\": \"Answer\",\n        \"text\": \"Sed\u00e1n (1\u20133 pax, 2\u20133 maletas), monovolumen (hasta 5 pax, 4\u20135 maletas + carrito) y minivan (6\u20138 pax y equipaje voluminoso).\"\n      }\n    },\n    {\n      \"@type\": \"Question\",\n      \"name\": \"\u00bfPuedo a\u00f1adir una parada y pedir factura?\",\n      \"acceptedAnswer\": {\n        \"@type\": \"Answer\",\n        \"text\": \"S\u00ed, podemos realizar una parada breve (por ejemplo, para recoger llaves o a otra persona) y enviamos factura con IVA desglosado.\"\n      }\n    }\n  ]\n}\n<\/script>\n\n","protected":false,"gt_translate_keys":[{"key":"rendered","format":"html"}]},"excerpt":{"rendered":"<p>Si viajas en familia o con un grupo de amigos\/compa\u00f1eros, lo \u00faltimo que quieres es pelearte con maletas, transbordos y esperas eternas. Aqu\u00ed entra en juego el\u00a0transfer Madrid aeropuerto: un traslado privado, puerta a puerta y sin estr\u00e9s, desde o hacia\u00a0Adolfo Su\u00e1rez Madrid-Barajas (T1, T2, T3, T4). En\u00a0ElTaxi 033\u00a0llevamos a\u00f1os moviendo a viajeros por Madrid [&hellip;]<\/p>\n","protected":false,"gt_translate_keys":[{"key":"rendered","format":"html"}]},"author":3,"featured_media":2119,"comment_status":"closed","ping_status":"open","sticky":false,"template":"","format":"standard","meta":{"_joinchat":[],"footnotes":""},"categories":[1],"tags":[],"class_list":["post-2118","post","type-post","status-publish","format-standard","has-post-thumbnail","hentry","category-sin-categoria"],"gt_translate_keys":[{"key":"link","format":"url"}],"_links":{"self":[{"href":"https:\/\/eltaxi033.com\/madrid\/wp-json\/wp\/v2\/posts\/2118","targetHints":{"allow":["GET"]}}],"collection":[{"href":"https:\/\/eltaxi033.com\/madrid\/wp-json\/wp\/v2\/posts"}],"about":[{"href":"https:\/\/eltaxi033.com\/madrid\/wp-json\/wp\/v2\/types\/post"}],"author":[{"embeddable":true,"href":"https:\/\/eltaxi033.com\/madrid\/wp-json\/wp\/v2\/users\/3"}],"replies":[{"embeddable":true,"href":"https:\/\/eltaxi033.com\/madrid\/wp-json\/wp\/v2\/comments?post=2118"}],"version-history":[{"count":1,"href":"https:\/\/eltaxi033.com\/madrid\/wp-json\/wp\/v2\/posts\/2118\/revisions"}],"predecessor-version":[{"id":2120,"href":"https:\/\/eltaxi033.com\/madrid\/wp-json\/wp\/v2\/posts\/2118\/revisions\/2120"}],"wp:featuredmedia":[{"embeddable":true,"href":"https:\/\/eltaxi033.com\/madrid\/wp-json\/wp\/v2\/media\/2119"}],"wp:attachment":[{"href":"https:\/\/eltaxi033.com\/madrid\/wp-json\/wp\/v2\/media?parent=2118"}],"wp:term":[{"taxonomy":"category","embeddable":true,"href":"https:\/\/eltaxi033.com\/madrid\/wp-json\/wp\/v2\/categories?post=2118"},{"taxonomy":"post_tag","embeddable":true,"href":"https:\/\/eltaxi033.com\/madrid\/wp-json\/wp\/v2\/tags?post=2118"}],"curies":[{"name":"wp","href":"https:\/\/api.w.org\/{rel}","templated":true}]}}